{"id":982421,"date":"2025-05-26T10:04:45","date_gmt":"2025-05-26T13:04:45","guid":{"rendered":"https:\/\/www.cnbb.org.br\/?p=982421"},"modified":"2025-05-26T10:57:01","modified_gmt":"2025-05-26T13:57:01","slug":"leao-xiv-toma-posse-da-catedra-do-bispo-de-roma-ofereco-o-pouco-que-tenho-e-que-sou","status":"publish","type":"post","link":"https:\/\/www.cnbb.org.br\/leao-xiv-toma-posse-da-catedra-do-bispo-de-roma-ofereco-o-pouco-que-tenho-e-que-sou\/","title":{"rendered":"Le\u00e3o XIV toma posse da c\u00e1tedra do bispo de Roma: \u201cOfere\u00e7o o pouco que tenho e que sou\u201d"},"content":{"rendered":"<p style=\"text-align: justify;\">Na tarde do domingo, 25 de maio, Le\u00e3o XIV realizou um dos gestos mais caracter\u00edsticos no in\u00edcio de pontificado de um Papa: a tomada de posse da C\u00e1tedra do Bispo de Roma na Bas\u00edlica de S\u00e3o Jo\u00e3o de Latr\u00e3o.<\/p>\n<p style=\"text-align: justify;\">Logo no in\u00edcio da celebra\u00e7\u00e3o eucar\u00edstica, o vig\u00e1rio do Papa para a Diocese de Roma, cardeal Baldassare Reina, expressou a alegria da Igreja por este momento. O Santo Padre ent\u00e3o sentou-se na c\u00e1tedra e uma representa\u00e7\u00e3o da Igreja romana prestou a ele obedi\u00eancia.<\/p>\n<p style=\"text-align: justify;\">A &#8220;c\u00e1tedra&#8221; \u00e9 a sede fixa do bispo, na igreja m\u00e3e de uma diocese, da\u00ed o nome &#8220;catedral&#8221;. A palavra significa &#8220;cadeira&#8221;, s\u00edmbolo da autoridade e doutrina evang\u00e9lica que o bispo, como sucessor dos Ap\u00f3stolos, \u00e9 chamado a preservar e transmitir \u00e0 comunidade crist\u00e3.<\/p>\n<p style=\"text-align: justify;\">Roma \u00e9 considerada sede da c\u00e1tedra de Pedro porque foi nesta cidade que ele concluiu a sua vida terrena com o mart\u00edrio. Mais que um trono, representa o servi\u00e7o e a unidade da Igreja sob a condu\u00e7\u00e3o do Sucessor de Pedro, o Papa. E foi exatamente este o aspecto ressaltado por Le\u00e3o XIV no in\u00edcio da sua homilia:<\/p>\n<blockquote>\n<p style=\"text-align: justify;\">&#8220;A Igreja de Roma \u00e9 herdeira de uma grande hist\u00f3ria, enraizada no testemunho de Pedro, de Paulo e de in\u00fameros m\u00e1rtires, e tem uma \u00fanica miss\u00e3o, muito bem expressa pelo que est\u00e1 escrito na fachada desta Catedral: ser\u00a0<i>Mater omnium Ecclesiarum<\/i>, M\u00e3e de todas as Igrejas.&#8221;<\/p>\n<\/blockquote>\n<p style=\"text-align: justify;\">Na sequ\u00eancia, a refer\u00eancia foi o Papa Francisco, que com frequ\u00eancia convidava a meditar sobre a dimens\u00e3o materna da Igreja e sobre as caracter\u00edsticas que lhe s\u00e3o pr\u00f3prias: a ternura, a disponibilidade ao sacrif\u00edcio e a capacidade de escuta que permite n\u00e3o s\u00f3 socorrer, mas muitas vezes prover \u00e0s necessidades e \u00e0s expectativas, antes mesmo que sejam manifestadas.<\/p>\n<blockquote>\n<p style=\"text-align: justify;\">&#8220;Estes s\u00e3o tra\u00e7os que desejamos que cres\u00e7am em todo o povo de Deus, e tamb\u00e9m aqui, na nossa grande fam\u00edlia diocesana: nos fi\u00e9is e nos pastores, a come\u00e7ar por mim&#8221;, expressou Le\u00e3o XIV.<\/p>\n<\/blockquote>\n<p style=\"text-align: justify;\">O Santo Padre se inspirou nas leituras da missa para afirmar que todo desafio no an\u00fancio do Evangelho deve ser enfrentado com escuta da voz de Deus e di\u00e1logo;\u00a0que a comunh\u00e3o se constr\u00f3i primeiramente \u201cde joelhos\u201d, na ora\u00e7\u00e3o e num compromisso cont\u00ednuo de convers\u00e3o.\u00a0N\u00e3o estamos s\u00f3s nas escolhas da vida, o Esp\u00edrito nos sustenta e nos indica o caminho a seguir,\u00a0at\u00e9 nos tornarmos \u201ccarta de Cristo\u201d uns para os outros.<\/p>\n<blockquote>\n<p style=\"text-align: justify;\">&#8220;E \u00e9 exatamente assim: somos tanto mais capazes de anunciar o Evangelho quanto mais nos deixamos conquistar e transformar por ele, permitindo que a for\u00e7a do Esp\u00edrito nos purifique no \u00edntimo, torne simples as nossas palavras, honestos e transparentes os nossos desejos, generosas as nossas a\u00e7\u00f5es.&#8221;<\/p>\n<\/blockquote>\n<p style=\"text-align: justify;\">Le\u00e3o XIV manifestou apre\u00e7o pelo exigente caminho que a Diocese de Roma est\u00e1 percorrendo nestes anos para acolher os seus desafios, dedicando-se sem reservas a projetos corajosos e assumindo riscos, mesmo perante cen\u00e1rios novos e desafiadores. Neste\u00a0Jubileu, tem se esfor\u00e7ado para receber os peregrinos como &#8220;um lar de f\u00e9&#8221;.<\/p>\n<blockquote>\n<p style=\"text-align: justify;\">&#8220;Quanto a mim, expresso o desejo e o compromisso de entrar neste vasto canteiro, colocando-me, na medida do poss\u00edvel, \u00e0 escuta de todos, para aprender, compreender e decidir juntos: \u00abpara v\u00f3s sou Bispo, convosco sou crist\u00e3o\u00bb, como dizia Santo Agostinho.\u00a0Pe\u00e7o que me ajudem a faz\u00ea-lo num esfor\u00e7o comum de ora\u00e7\u00e3o e caridade.&#8221;<\/p>\n<\/blockquote>\n<p style=\"text-align: justify;\">Ao concluir, Le\u00e3o XIV manifestou seu carinho por sua nova fam\u00edlia diocesana, com o desejo de partilhar com ela alegrias e dores, cansa\u00e7os e esperan\u00e7as. &#8220;Tamb\u00e9m eu lhes ofere\u00e7o &#8216;o pouco que tenho e que sou'&#8221;, afirmou, citando as palavras do Beato Jo\u00e3o Paulo I na mesma ocasi\u00e3o em 1978.\u00a0E confiou todos \u00e0 intercess\u00e3o dos Santos Pedro e Paulo e &#8220;de tantos outros irm\u00e3os e irm\u00e3s, cuja santidade iluminou a hist\u00f3ria desta Igreja e as ruas desta cidade. Que a Virgem Maria nos acompanhe e interceda por n\u00f3s&#8221;.<\/p>\n<p>&nbsp;<\/p>\n<p>&nbsp;<\/p>\n<p>&nbsp;<\/p>\n<pre style=\"text-align: justify;\">Por <b>Bianca Fraccalvieri - Vatican News<\/b><\/pre>\n","protected":false},"excerpt":{"rendered":"<p>Na tarde do domingo, 25 de maio, Le\u00e3o XIV realizou um dos gestos mais caracter\u00edsticos no in\u00edcio de pontificado de um Papa: a tomada de posse da C\u00e1tedra do Bispo de Roma na Bas\u00edlica de S\u00e3o Jo\u00e3o de Latr\u00e3o. Logo no in\u00edcio da celebra\u00e7\u00e3o eucar\u00edstica, o vig\u00e1rio do Papa para a Diocese de Roma, cardeal &hellip;<\/p>\n<p class=\"read-more\"> <a class=\"\" href=\"https:\/\/www.cnbb.org.br\/leao-xiv-toma-posse-da-catedra-do-bispo-de-roma-ofereco-o-pouco-que-tenho-e-que-sou\/\"> <span class=\"screen-reader-text\">Le\u00e3o XIV toma posse da c\u00e1tedra do bispo de Roma: \u201cOfere\u00e7o o pouco que tenho e que sou\u201d<\/span> Leia mais &raquo;<\/a><\/p>\n","protected":false},"author":141,"featured_media":982423,"comment_status":"closed","ping_status":"closed","sticky":false,"template":"","format":"standard","meta":{"site-sidebar-layout":"default","site-content-layout":"default","ast-global-header-display":"","ast-banner-title-visibility":"","ast-main-header-display":"","ast-hfb-above-header-display":"","ast-hfb-below-header-display":"","ast-hfb-mobile-header-display":"","site-post-title":"","ast-breadcrumbs-content":"","ast-featured-img":"","footer-sml-layout":"","theme-transparent-header-meta":"default","adv-header-id-meta":"","stick-header-meta":"","header-above-stick-meta":"","header-main-stick-meta":"","header-below-stick-meta":""},"categories":[1840,1851],"tags":[5990],"acf":[],"_links":{"self":[{"href":"https:\/\/www.cnbb.org.br\/cnbb-app\/wp\/v2\/posts\/982421"}],"collection":[{"href":"https:\/\/www.cnbb.org.br\/cnbb-app\/wp\/v2\/posts"}],"about":[{"href":"https:\/\/www.cnbb.org.br\/cnbb-app\/wp\/v2\/types\/post"}],"author":[{"embeddable":true,"href":"https:\/\/www.cnbb.org.br\/cnbb-app\/wp\/v2\/users\/141"}],"replies":[{"embeddable":true,"href":"https:\/\/www.cnbb.org.br\/cnbb-app\/wp\/v2\/comments?post=982421"}],"version-history":[{"count":4,"href":"https:\/\/www.cnbb.org.br\/cnbb-app\/wp\/v2\/posts\/982421\/revisions"}],"predecessor-version":[{"id":982454,"href":"https:\/\/www.cnbb.org.br\/cnbb-app\/wp\/v2\/posts\/982421\/revisions\/982454"}],"wp:featuredmedia":[{"embeddable":true,"href":"https:\/\/www.cnbb.org.br\/cnbb-app\/wp\/v2\/media\/982423"}],"wp:attachment":[{"href":"https:\/\/www.cnbb.org.br\/cnbb-app\/wp\/v2\/media?parent=982421"}],"wp:term":[{"taxonomy":"category","embeddable":true,"href":"https:\/\/www.cnbb.org.br\/cnbb-app\/wp\/v2\/categories?post=982421"},{"taxonomy":"post_tag","embeddable":true,"href":"https:\/\/www.cnbb.org.br\/cnbb-app\/wp\/v2\/tags?post=982421"}],"curies":[{"name":"wp","href":"https:\/\/api.w.org\/{rel}","templated":true}]}}