{"id":982455,"date":"2025-05-26T11:15:58","date_gmt":"2025-05-26T14:15:58","guid":{"rendered":"https:\/\/www.cnbb.org.br\/?p=982455"},"modified":"2025-05-26T11:16:56","modified_gmt":"2025-05-26T14:16:56","slug":"discipulos-missionarios-em-saida-para-uma-igreja-sinodal-e-profetica","status":"publish","type":"post","link":"https:\/\/www.cnbb.org.br\/discipulos-missionarios-em-saida-para-uma-igreja-sinodal-e-profetica\/","title":{"rendered":"\u201cDisc\u00edpulos mission\u00e1rios em sa\u00edda para uma Igreja sinodal e prof\u00e9tica\u201d\u00a0"},"content":{"rendered":"<p style=\"text-align: right;\"><b><span data-contrast=\"auto\">Dom Anuar Battisti<br \/>\nArcebispo Em\u00e9rito de Maring\u00e1 (PR)<\/p>\n<p><\/span><\/b><\/p>\n<p style=\"text-align: justify;\"><span data-contrast=\"auto\">A realiza\u00e7\u00e3o da reuni\u00e3o do Conselho Episcopal Latino-Americano e Caribenho (CELAM) no Rio de Janeiro, neste ano de 2025, trouxe novamente ao cora\u00e7\u00e3o da Igreja latino-americana a convic\u00e7\u00e3o de que somos uma Igreja que caminha, escuta e serve, inserida profundamente na vida do povo.<\/span><span data-ccp-props=\"{&quot;134233117&quot;:true,&quot;134233118&quot;:true,&quot;201341983&quot;:0,&quot;335551550&quot;:6,&quot;335551620&quot;:6,&quot;335559731&quot;:708,&quot;335559739&quot;:160,&quot;335559740&quot;:240}\">\u00a0<\/span><\/p>\n<p style=\"text-align: justify;\"><span data-contrast=\"auto\">O solo carioca \u2014 marcado pela beleza da cria\u00e7\u00e3o e pelas dores das periferias humanas \u2014 foi terreno fecundo para os di\u00e1logos, partilhas e escuta sinodal dos bispos, assessores e representantes das diversas confer\u00eancias episcopais do nosso continente. Como pastores, fomos ao encontro uns dos outros para renovar a miss\u00e3o confiada por Cristo: \u201cIde e fazei disc\u00edpulos entre todas as na\u00e7\u00f5es\u201d (Mt 28,19).<\/span><span data-ccp-props=\"{&quot;134233117&quot;:true,&quot;134233118&quot;:true,&quot;201341983&quot;:0,&quot;335551550&quot;:6,&quot;335551620&quot;:6,&quot;335559731&quot;:708,&quot;335559739&quot;:160,&quot;335559740&quot;:240}\">\u00a0<\/span><\/p>\n<p style=\"text-align: justify;\"><span data-contrast=\"auto\">Voltar ao Brasil para uma reuni\u00e3o do CELAM \u00e9, de certo modo, revisitar Aparecida, cuja 5\u00aa Confer\u00eancia em 2007 marcou um divisor de \u00e1guas em nossa pastoral. O documento que ali nasceu, guiado pela inspira\u00e7\u00e3o do Esp\u00edrito e com a decisiva colabora\u00e7\u00e3o do ent\u00e3o Cardeal Jorge Mario Bergoglio, nos lan\u00e7ou no dinamismo da convers\u00e3o pastoral e mission\u00e1ria.<\/span><span data-ccp-props=\"{&quot;134233117&quot;:true,&quot;134233118&quot;:true,&quot;201341983&quot;:0,&quot;335551550&quot;:6,&quot;335551620&quot;:6,&quot;335559731&quot;:708,&quot;335559739&quot;:160,&quot;335559740&quot;:240}\">\u00a0<\/span><\/p>\n<p style=\"text-align: justify;\"><span data-contrast=\"auto\">Hoje, sob a lideran\u00e7a do Papa Le\u00e3o XIV, filho da Am\u00e9rica do Norte e com significativo trabalho na Am\u00e9rica Latina, reafirmamos o compromisso de uma Igreja em sa\u00edda, sinodal, pobre com os pobres e comprometida com a justi\u00e7a social, o cuidado da Casa Comum e o protagonismo dos leigos.<\/span><span data-ccp-props=\"{&quot;134233117&quot;:true,&quot;134233118&quot;:true,&quot;201341983&quot;:0,&quot;335551550&quot;:6,&quot;335551620&quot;:6,&quot;335559731&quot;:708,&quot;335559739&quot;:160,&quot;335559740&quot;:240}\">\u00a0<\/span><\/p>\n<p style=\"text-align: justify;\"><span data-contrast=\"auto\">A cidade do Rio de Janeiro acolheu a reuni\u00e3o do CELAM como express\u00e3o viva das tens\u00f5es do continente: ao mesmo tempo em que ostenta belezas naturais e riqueza cultural, tamb\u00e9m sofre com a viol\u00eancia, as desigualdades, a exclus\u00e3o social e os gritos dos jovens, das fam\u00edlias e dos pobres.<\/span><span data-ccp-props=\"{&quot;134233117&quot;:true,&quot;134233118&quot;:true,&quot;201341983&quot;:0,&quot;335551550&quot;:6,&quot;335551620&quot;:6,&quot;335559731&quot;:708,&quot;335559739&quot;:160,&quot;335559740&quot;:240}\">\u00a0<\/span><\/p>\n<p style=\"text-align: justify;\"><span data-contrast=\"auto\">Foi nesse ch\u00e3o contradit\u00f3rio, mas profundamente evangelizador, que os pastores da Am\u00e9rica Latina e do Caribe se reuniram para escutar o clamor do povo, discernir os desafios pastorais e sonhar juntos os caminhos da Igreja para os pr\u00f3ximos anos. O processo sinodal global, que vivemos desde 2021, foi presen\u00e7a viva nas nossas reflex\u00f5es e propostas.<\/span><span data-ccp-props=\"{&quot;134233117&quot;:true,&quot;134233118&quot;:true,&quot;201341983&quot;:0,&quot;335551550&quot;:6,&quot;335551620&quot;:6,&quot;335559731&quot;:708,&quot;335559739&quot;:160,&quot;335559740&quot;:240}\">\u00a0<\/span><\/p>\n<p style=\"text-align: justify;\"><span data-contrast=\"auto\">A reuni\u00e3o concentrou-se em tr\u00eas grandes eixos, profundamente interligados:<\/span><span data-ccp-props=\"{&quot;134233117&quot;:true,&quot;134233118&quot;:true,&quot;201341983&quot;:0,&quot;335551550&quot;:6,&quot;335551620&quot;:6,&quot;335559731&quot;:708,&quot;335559739&quot;:160,&quot;335559740&quot;:240}\">\u00a0<\/span><\/p>\n<p><span data-contrast=\"auto\">Escuta sinodal: Continuamos a aprender a arte de escutar, com o cora\u00e7\u00e3o livre de preconceitos. Escutar os jovens, os ind\u00edgenas, as mulheres, os consagrados e os leigos em todas as suas realidades.<\/span><span data-ccp-props=\"{&quot;134233117&quot;:true,&quot;134233118&quot;:true,&quot;201341983&quot;:0,&quot;335551550&quot;:6,&quot;335551620&quot;:6,&quot;335559731&quot;:708,&quot;335559739&quot;:160,&quot;335559740&quot;:240}\">\u00a0<\/span><\/p>\n<p><span data-contrast=\"auto\">Discernimento pastoral: A complexidade do nosso tempo exige pastores atentos aos sinais de Deus na hist\u00f3ria. A pobreza crescente, as migra\u00e7\u00f5es for\u00e7adas, as amea\u00e7as \u00e0 democracia e a seculariza\u00e7\u00e3o desafiam a f\u00e9 vivida no cotidiano.<\/span><span data-ccp-props=\"{&quot;134233117&quot;:true,&quot;134233118&quot;:true,&quot;201341983&quot;:0,&quot;335551550&quot;:6,&quot;335551620&quot;:6,&quot;335559731&quot;:708,&quot;335559739&quot;:160,&quot;335559740&quot;:240}\">\u00a0<\/span><\/p>\n<p><span data-contrast=\"auto\">Miss\u00e3o prof\u00e9tica: A Igreja latino-americana quer continuar sendo voz prof\u00e9tica diante das injusti\u00e7as, da destrui\u00e7\u00e3o da natureza e da idolatria do poder e do dinheiro. O Evangelho deve iluminar os povos com esperan\u00e7a, liberta\u00e7\u00e3o e comunh\u00e3o.<\/span><span data-ccp-props=\"{&quot;134233117&quot;:true,&quot;134233118&quot;:true,&quot;201341983&quot;:0,&quot;335551550&quot;:6,&quot;335551620&quot;:6,&quot;335559731&quot;:708,&quot;335559739&quot;:160,&quot;335559740&quot;:240}\">\u00a0<\/span><\/p>\n<p style=\"text-align: justify;\"><span data-contrast=\"auto\">Na pluralidade dos rostos presentes \u2014 bispos, religiosas, te\u00f3logos, agentes de pastoral \u2014 sentimos a riqueza de nossa Igreja. As contribui\u00e7\u00f5es do Brasil, da Amaz\u00f4nia, do Cone Sul, da Am\u00e9rica Central e do Caribe apontaram para uma Igreja que n\u00e3o teme os conflitos, mas dialoga com firmeza e mansid\u00e3o.<\/span><span data-ccp-props=\"{&quot;134233117&quot;:true,&quot;134233118&quot;:true,&quot;201341983&quot;:0,&quot;335551550&quot;:6,&quot;335551620&quot;:6,&quot;335559731&quot;:708,&quot;335559739&quot;:160,&quot;335559740&quot;:240}\">\u00a0<\/span><\/p>\n<p style=\"text-align: justify;\"><span data-contrast=\"auto\">A presen\u00e7a viva dos leigos nos lembrou que a miss\u00e3o n\u00e3o se realiza apenas no altar, mas tamb\u00e9m no mundo do trabalho, da cultura, da educa\u00e7\u00e3o, das redes sociais e da pol\u00edtica. A voz dos jovens ressoou com vigor: querem uma Igreja mais coerente, mais acolhedora, mais corajosa.<\/span><span data-ccp-props=\"{&quot;134233117&quot;:true,&quot;134233118&quot;:true,&quot;201341983&quot;:0,&quot;335551550&quot;:6,&quot;335551620&quot;:6,&quot;335559731&quot;:708,&quot;335559739&quot;:160,&quot;335559740&quot;:240}\">\u00a0<\/span><\/p>\n<p style=\"text-align: justify;\"><span data-contrast=\"auto\">Como fruto dessa reuni\u00e3o, reafirmamos:<\/span><span data-ccp-props=\"{&quot;134233117&quot;:true,&quot;134233118&quot;:true,&quot;201341983&quot;:0,&quot;335551550&quot;:6,&quot;335551620&quot;:6,&quot;335559731&quot;:708,&quot;335559739&quot;:160,&quot;335559740&quot;:240}\">\u00a0<\/span><\/p>\n<p><span data-contrast=\"auto\">O compromisso com a evangeliza\u00e7\u00e3o inculturada e com uma catequese que forme disc\u00edpulos maduros e comprometidos;<\/span><span data-ccp-props=\"{&quot;134233117&quot;:true,&quot;134233118&quot;:true,&quot;201341983&quot;:0,&quot;335551550&quot;:6,&quot;335551620&quot;:6,&quot;335559731&quot;:708,&quot;335559739&quot;:160,&quot;335559740&quot;:240}\">\u00a0<\/span><\/p>\n<p><span data-contrast=\"auto\">A prioridade pastoral para os pobres, migrantes, povos origin\u00e1rios e mulheres em situa\u00e7\u00e3o de exclus\u00e3o;<\/span><span data-ccp-props=\"{&quot;134233117&quot;:true,&quot;134233118&quot;:true,&quot;201341983&quot;:0,&quot;335551550&quot;:6,&quot;335551620&quot;:6,&quot;335559731&quot;:708,&quot;335559739&quot;:160,&quot;335559740&quot;:240}\">\u00a0<\/span><\/p>\n<p><span data-contrast=\"auto\">O investimento em comunidades eclesiais mission\u00e1rias e sinodais, com estruturas pastorais mais leves e participativas;<\/span><span data-ccp-props=\"{&quot;134233117&quot;:true,&quot;134233118&quot;:true,&quot;201341983&quot;:0,&quot;335551550&quot;:6,&quot;335551620&quot;:6,&quot;335559731&quot;:708,&quot;335559739&quot;:160,&quot;335559740&quot;:240}\">\u00a0<\/span><\/p>\n<p><span data-contrast=\"auto\">O incentivo a uma forma\u00e7\u00e3o integral do clero, aberta ao di\u00e1logo e \u00e0 escuta das realidades sociais;<\/span><span data-ccp-props=\"{&quot;134233117&quot;:true,&quot;134233118&quot;:true,&quot;201341983&quot;:0,&quot;335551550&quot;:6,&quot;335551620&quot;:6,&quot;335559731&quot;:708,&quot;335559739&quot;:160,&quot;335559740&quot;:240}\">\u00a0<\/span><\/p>\n<p><span data-contrast=\"auto\">A coragem para assumir posi\u00e7\u00f5es prof\u00e9ticas, mesmo diante de estruturas de poder opressoras.<\/span><span data-ccp-props=\"{&quot;134233117&quot;:true,&quot;134233118&quot;:true,&quot;201341983&quot;:0,&quot;335551550&quot;:6,&quot;335551620&quot;:6,&quot;335559731&quot;:708,&quot;335559739&quot;:160,&quot;335559740&quot;:240}\">\u00a0<\/span><\/p>\n<p style=\"text-align: justify;\"><span data-contrast=\"auto\">O CELAM nasceu carioca. O seu primeiro presidente foi o Cardeal Jaime de Barros C\u00e2mara. A volta do CELAM ao Rio de Janeiro renova a alma dos bispos que peregrinam na Am\u00e9rica Latina. Ali, mais uma vez, demonstra-se, pela a\u00e7\u00e3o mission\u00e1ria da Arquidiocese de S\u00e3o Sebasti\u00e3o do Rio de Janeiro, pelo testemunho de seu Arcebispo, do clero e do povo santo de Deus, que a Igreja da Am\u00e9rica Latina e do Caribe \u00e9 uma Igreja viva, pobre, alegre, acolhedora e fiel ao Evangelho. Somos chamados a continuar caminhando, n\u00e3o como donos da verdade, mas como peregrinos da f\u00e9, irm\u00e3os e irm\u00e3s que se ajudam mutuamente a seguir Jesus.<\/span><span data-ccp-props=\"{&quot;134233117&quot;:true,&quot;134233118&quot;:true,&quot;201341983&quot;:0,&quot;335551550&quot;:6,&quot;335551620&quot;:6,&quot;335559731&quot;:708,&quot;335559739&quot;:160,&quot;335559740&quot;:240}\">\u00a0<\/span><\/p>\n<p style=\"text-align: justify;\"><span data-contrast=\"auto\">Pe\u00e7amos \u00e0 M\u00e3e Aparecida, estrela da evangeliza\u00e7\u00e3o neste continente de esperan\u00e7a, que nos ajude a viver com fidelidade a miss\u00e3o recebida: ser pastores com o cheiro das ovelhas, comprometidos com o Reino e com os pobres.<\/span><span data-ccp-props=\"{&quot;134233117&quot;:true,&quot;134233118&quot;:true,&quot;201341983&quot;:0,&quot;335551550&quot;:6,&quot;335551620&quot;:6,&quot;335559731&quot;:708,&quot;335559739&quot;:160,&quot;335559740&quot;:240}\">\u00a0<\/span><\/p>\n<p style=\"text-align: justify;\"><span data-contrast=\"auto\">Que o Esp\u00edrito Santo continue conduzindo o CELAM e toda a nossa Igreja a ser sinal do amor de Deus neste continente t\u00e3o amado.<\/span><span data-ccp-props=\"{&quot;134233117&quot;:true,&quot;134233118&quot;:true,&quot;201341983&quot;:0,&quot;335551550&quot;:6,&quot;335551620&quot;:6,&quot;335559731&quot;:708,&quot;335559739&quot;:160,&quot;335559740&quot;:240}\">\u00a0<\/span><\/p>\n<p>&nbsp;<\/p>\n","protected":false},"excerpt":{"rendered":"<p>Dom Anuar Battisti Arcebispo Em\u00e9rito de Maring\u00e1 (PR) A realiza\u00e7\u00e3o da reuni\u00e3o do Conselho Episcopal Latino-Americano e Caribenho (CELAM) no Rio de Janeiro, neste ano de 2025, trouxe novamente ao cora\u00e7\u00e3o da Igreja latino-americana a convic\u00e7\u00e3o de que somos uma Igreja que caminha, escuta e serve, inserida profundamente na vida do povo.\u00a0 O solo carioca &hellip;<\/p>\n<p class=\"read-more\"> <a class=\"\" href=\"https:\/\/www.cnbb.org.br\/discipulos-missionarios-em-saida-para-uma-igreja-sinodal-e-profetica\/\"> <span class=\"screen-reader-text\">\u201cDisc\u00edpulos mission\u00e1rios em sa\u00edda para uma Igreja sinodal e prof\u00e9tica\u201d\u00a0<\/span> Leia mais &raquo;<\/a><\/p>\n","protected":false},"author":41,"featured_media":0,"comment_status":"closed","ping_status":"closed","sticky":false,"template":"","format":"standard","meta":{"site-sidebar-layout":"default","site-content-layout":"default","ast-global-header-display":"","ast-banner-title-visibility":"","ast-main-header-display":"","ast-hfb-above-header-display":"","ast-hfb-below-header-display":"","ast-hfb-mobile-header-display":"","site-post-title":"","ast-breadcrumbs-content":"","ast-featured-img":"","footer-sml-layout":"","theme-transparent-header-meta":"default","adv-header-id-meta":"","stick-header-meta":"","header-above-stick-meta":"","header-main-stick-meta":"","header-below-stick-meta":""},"categories":[758],"tags":[],"acf":[],"_links":{"self":[{"href":"https:\/\/www.cnbb.org.br\/cnbb-app\/wp\/v2\/posts\/982455"}],"collection":[{"href":"https:\/\/www.cnbb.org.br\/cnbb-app\/wp\/v2\/posts"}],"about":[{"href":"https:\/\/www.cnbb.org.br\/cnbb-app\/wp\/v2\/types\/post"}],"author":[{"embeddable":true,"href":"https:\/\/www.cnbb.org.br\/cnbb-app\/wp\/v2\/users\/41"}],"replies":[{"embeddable":true,"href":"https:\/\/www.cnbb.org.br\/cnbb-app\/wp\/v2\/comments?post=982455"}],"version-history":[{"count":2,"href":"https:\/\/www.cnbb.org.br\/cnbb-app\/wp\/v2\/posts\/982455\/revisions"}],"predecessor-version":[{"id":982457,"href":"https:\/\/www.cnbb.org.br\/cnbb-app\/wp\/v2\/posts\/982455\/revisions\/982457"}],"wp:attachment":[{"href":"https:\/\/www.cnbb.org.br\/cnbb-app\/wp\/v2\/media?parent=982455"}],"wp:term":[{"taxonomy":"category","embeddable":true,"href":"https:\/\/www.cnbb.org.br\/cnbb-app\/wp\/v2\/categories?post=982455"},{"taxonomy":"post_tag","embeddable":true,"href":"https:\/\/www.cnbb.org.br\/cnbb-app\/wp\/v2\/tags?post=982455"}],"curies":[{"name":"wp","href":"https:\/\/api.w.org\/{rel}","templated":true}]}}