{"id":982599,"date":"2025-05-28T13:02:34","date_gmt":"2025-05-28T16:02:34","guid":{"rendered":"https:\/\/www.cnbb.org.br\/?p=982599"},"modified":"2025-05-28T13:02:34","modified_gmt":"2025-05-28T16:02:34","slug":"40a-ag-celam-recepcao-sinodo","status":"publish","type":"post","link":"https:\/\/www.cnbb.org.br\/40a-ag-celam-recepcao-sinodo\/","title":{"rendered":"Celam aborda a recep\u00e7\u00e3o do S\u00ednodo sobre a Sinodalidade em sua 40\u00aa Assembleia Geral"},"content":{"rendered":"<p>Na manh\u00e3 desta quarta-feira, 28 de maio, durante a 40\u00aa Assembleia Geral do Conselho Episcopal Latino-Americano (Celam), no Rio de Janeiro (RJ), os participantes refletiram sobre a recep\u00e7\u00e3o do S\u00ednodo sobre a Sinodalidade, cuja \u00faltima sess\u00e3o foi realizada em 2024. Por videoconfer\u00eancia, o secret\u00e1rio adjunto do S\u00ednodo dos Bispos, dom Lu\u00eds Mar\u00edn de San Mart\u00edn, deu indica\u00e7\u00f5es sobre a fase de implementa\u00e7\u00e3o da Assembleia Sinodal, vivida pela Igreja atualmente.<\/p>\n<p>O secret\u00e1rio tomou como base de sua partilha a constitui\u00e7\u00e3o apost\u00f3lica <em>Episcopalis Communio<\/em>, do Papa Francisco, e explicou que a fase de implementa\u00e7\u00e3o \u00e9 essencialmente pr\u00e1tica, na qual as dioceses recebem os resultados do S\u00ednodo. Elas devem, assim, \u201cdefinir e aplicar as conclus\u00f5es do s\u00ednodo na vida da igreja local\u201d.<\/p>\n<p>O ponto de partida e de chegada da implementa\u00e7\u00e3o, recordou Lu\u00eds Marin, \u00e9 o povo de Deus, e os organismos de participa\u00e7\u00e3o \u201cdevem existir em todas as dioceses e ter funcionamento\u201d. Segundo ele, a \u201csinodalidade n\u00e3o \u00e9 um fim em si mesmo, mas aponta para a miss\u00e3o\u201d.<\/p>\n<p>Algumas indica\u00e7\u00f5es foram oferecidas aos bispos, a partir das premissas de que a sinodalidade deve ser \u201cuma dimens\u00e3o constitutiva da Igreja\u201d; deve envolver as dioceses e confer\u00eancias episcopais e todos os organismos das dioceses. Outro ponto destacado pelo secret\u00e1rio adjunto do S\u00ednodo \u00e9 que \u201co material b\u00e1sico \u00e9 o documento final\u201d, para ser lido &#8211; n\u00e3o como um livro de literatura -, mas como documento de trabalho.<\/p>\n<p>\u201cA sinodalidade \u00e9 um caminho de renova\u00e7\u00e3o espiritual dos indiv\u00edduos, das comunidades, da Igreja\u201d motivado pelo Papa Francisco e agora pelo Papa Le\u00e3o XIV. Tamb\u00e9m \u00e9 um caminho \u201cde reforma estrutural\u201d, afirmou. &#8220;Temos de tomar decis\u00f5es para mudar estruturas, que s\u00e3o um meio, e, se n\u00e3o servem, se muda\u201d.<\/p>\n<p>Dom Lu\u00eds Marin motivou os participantes a superar o perigo da indefini\u00e7\u00e3o, que \u00e9 observado em alguns lugares, e a n\u00e3o apenas falar da sinodalidade, \u201cmas viver a sinodalidade\u201d.<\/p>\n<p>Uma das indica\u00e7\u00f5es pr\u00e1ticas para a aplica\u00e7\u00e3o das decis\u00f5es do S\u00ednodo sobre a Sinodalidade compartilhadas \u00e9 a sugest\u00e3o de integrar a colabora\u00e7\u00e3o entre os organismos continentais, ajudando outros continentes e enriquecer-se com as contribui\u00e7\u00f5es a partir das outras realidades, o que o Celam pode contribuir com a experi\u00eancia.<\/p>\n<p>As reflex\u00f5es continuaram com o diretor do Centro de Forma\u00e7\u00e3o do Celam (Cebitepal), Rafael Luciani, que tratou do processo de recep\u00e7\u00e3o do S\u00ednodo na Am\u00e9rica Latina. Ele recordou a 37\u00aa Assembleia do Celam, em 2019, como momento importante para promover um processo de renova\u00e7\u00e3o e reestrutura\u00e7\u00e3o institucional do organismo continental, apontando para a sinodalidade.<\/p>\n<p>A Comiss\u00e3o respons\u00e1vel pela recep\u00e7\u00e3o do S\u00ednodo na Am\u00e9rica Latina e no Caribe partilhou o trabalho realizado, e os bispos seguiram dialogando sobre o trabalho de recep\u00e7\u00e3o do S\u00ednodo e da Assembleia Eclesial em seus pa\u00edses.<\/p>\n<p>&nbsp;<\/p>\n<pre>Luiz Lopes Jr<\/pre>\n","protected":false},"excerpt":{"rendered":"<p>A recep\u00e7\u00e3o do S\u00ednodo sobre a Sinodalidade foi o destaque da manh\u00e3 desta quarta-feira, na 40\u00aa Assembleia Geral do Celam, no Rio de Janeiro. Por videoconfer\u00eancia, o secret\u00e1rio adjunto do S\u00ednodo dos Bispos, dom Lu\u00eds Mar\u00edn de San Mart\u00edn, deu indica\u00e7\u00f5es sobre a fase de implementa\u00e7\u00e3o da Assembleia Sinodal, vivida pela Igreja atualmente<\/p>\n","protected":false},"author":38,"featured_media":982600,"comment_status":"closed","ping_status":"closed","sticky":false,"template":"","format":"standard","meta":{"site-sidebar-layout":"default","site-content-layout":"default","ast-global-header-display":"","ast-banner-title-visibility":"","ast-main-header-display":"","ast-hfb-above-header-display":"","ast-hfb-below-header-display":"","ast-hfb-mobile-header-display":"","site-post-title":"","ast-breadcrumbs-content":"","ast-featured-img":"","footer-sml-layout":"","theme-transparent-header-meta":"default","adv-header-id-meta":"","stick-header-meta":"","header-above-stick-meta":"","header-main-stick-meta":"","header-below-stick-meta":""},"categories":[1294,50],"tags":[2213,2265,4871],"acf":[],"_links":{"self":[{"href":"https:\/\/www.cnbb.org.br\/cnbb-app\/wp\/v2\/posts\/982599"}],"collection":[{"href":"https:\/\/www.cnbb.org.br\/cnbb-app\/wp\/v2\/posts"}],"about":[{"href":"https:\/\/www.cnbb.org.br\/cnbb-app\/wp\/v2\/types\/post"}],"author":[{"embeddable":true,"href":"https:\/\/www.cnbb.org.br\/cnbb-app\/wp\/v2\/users\/38"}],"replies":[{"embeddable":true,"href":"https:\/\/www.cnbb.org.br\/cnbb-app\/wp\/v2\/comments?post=982599"}],"version-history":[{"count":1,"href":"https:\/\/www.cnbb.org.br\/cnbb-app\/wp\/v2\/posts\/982599\/revisions"}],"predecessor-version":[{"id":982602,"href":"https:\/\/www.cnbb.org.br\/cnbb-app\/wp\/v2\/posts\/982599\/revisions\/982602"}],"wp:featuredmedia":[{"embeddable":true,"href":"https:\/\/www.cnbb.org.br\/cnbb-app\/wp\/v2\/media\/982600"}],"wp:attachment":[{"href":"https:\/\/www.cnbb.org.br\/cnbb-app\/wp\/v2\/media?parent=982599"}],"wp:term":[{"taxonomy":"category","embeddable":true,"href":"https:\/\/www.cnbb.org.br\/cnbb-app\/wp\/v2\/categories?post=982599"},{"taxonomy":"post_tag","embeddable":true,"href":"https:\/\/www.cnbb.org.br\/cnbb-app\/wp\/v2\/tags?post=982599"}],"curies":[{"name":"wp","href":"https:\/\/api.w.org\/{rel}","templated":true}]}}