{"id":983545,"date":"2025-06-09T13:40:02","date_gmt":"2025-06-09T16:40:02","guid":{"rendered":"https:\/\/www.cnbb.org.br\/?p=983545"},"modified":"2025-06-09T13:41:33","modified_gmt":"2025-06-09T16:41:33","slug":"vinde-espirito-santo-9","status":"publish","type":"post","link":"https:\/\/www.cnbb.org.br\/vinde-espirito-santo-9\/","title":{"rendered":"Vinde Esp\u00edrito Santo!\u00a0"},"content":{"rendered":"<p style=\"text-align: right;\"><b><span data-contrast=\"auto\">Dom Anuar Battisti<\/span><\/b><span data-ccp-props=\"{&quot;201341983&quot;:0,&quot;335551550&quot;:2,&quot;335551620&quot;:2,&quot;335559731&quot;:708,&quot;335559739&quot;:160,&quot;335559740&quot;:278}\"><br \/>\n<\/span><b><span data-contrast=\"auto\">Arcebispo Em\u00e9rito de Maring\u00e1 (PR)<\/span><\/b><span data-ccp-props=\"{&quot;201341983&quot;:0,&quot;335551550&quot;:2,&quot;335551620&quot;:2,&quot;335559731&quot;:708,&quot;335559739&quot;:160,&quot;335559740&quot;:278}\">\u00a0<\/span><\/p>\n<p>&nbsp;<\/p>\n<p style=\"text-align: justify;\"><span data-contrast=\"auto\">A Solenidade de Pentecostes a liturgia convida-nos a olhar para o Esp\u00edrito Santo e a tomar consci\u00eancia da sua a\u00e7\u00e3o na Igreja e no mundo. Fonte inesgot\u00e1vel de Vida, o Esp\u00edrito, transforma, renova, orienta, anima, fortalece, constr\u00f3i comunidade, fomenta a unidade, transmite aos disc\u00edpulos a for\u00e7a de se assumirem como arautos do Evangelho de Jesus.<\/span><span data-ccp-props=\"{&quot;201341983&quot;:0,&quot;335551550&quot;:6,&quot;335551620&quot;:6,&quot;335559731&quot;:708,&quot;335559739&quot;:160,&quot;335559740&quot;:278}\">\u00a0<\/span><\/p>\n<p style=\"text-align: justify;\"><span data-contrast=\"auto\">Cinquenta dias ap\u00f3s a Ressurrei\u00e7\u00e3o de Jesus, celebramos a Solenidade de Pentecostes, a vinda do Esp\u00edrito Santo, o dom pascal por excel\u00eancia.\u00a0 Assim como Maria e os Ap\u00f3stolos, reunidos no Cen\u00e1culo, receberam o dom do Esp\u00edritos Santo, tamb\u00e9m n\u00f3s, na mesma f\u00e9 e na mesma esperan\u00e7a, estamos celebrando o dom do amor de Deus, recordando o dia em que o Esp\u00edrito Santo foi derramado sobre a Igreja nascente. O Mist\u00e9rio Pascal chega \u00e0 sua plenitude com a vinda do Esp\u00edrito Santo, que une todas as l\u00ednguas, ra\u00e7as e povos, impulsionando-nos a viver o amor verdadeiro.\u00a0<\/span><span data-ccp-props=\"{&quot;201341983&quot;:0,&quot;335551550&quot;:6,&quot;335551620&quot;:6,&quot;335559731&quot;:708,&quot;335559739&quot;:160,&quot;335559740&quot;:278}\">\u00a0<\/span><\/p>\n<p style=\"text-align: justify;\"><span data-contrast=\"auto\">O Evangelho \u2013 Jo 20,19-23 \u2013 apresenta-nos a comunidade da Nova Alian\u00e7a reunida \u00e0 volta de Jesus ressuscitado. Para Jo\u00e3o, esta comunidade passa a ser uma comunidade viva, recriada, renovada, a partir do dom do Esp\u00edrito. Fortalecidos pelo Esp\u00edrito que Jesus ressuscitado lhes transmite, os disc\u00edpulos podem partir ao encontro do mundo para o transformar e renovar. No Evangelho, o Pentecostes acontece no mesmo dia da P\u00e1scoa. O Ressuscitado aparece aos disc\u00edpulos, que estavam fechados e com medo do que poderia acontecer. Al\u00e9m de lhes mostrar as m\u00e3os e o lado, o Senhor lhes deseja a paz e, soprando, lhes diz: \u201cRecebei o Esp\u00edrito Santo\u201d (Jo 20,22b). O sopro de Jesus nos remete ao sopro de Deus \u2013 em G\u00eanesis, no momento da cria\u00e7\u00e3o \u2013 que fez do homem um ser vivente. Neste caso, a a\u00e7\u00e3o de Jesus \u00e9 recriadora e reanimadora, conduzindo os Ap\u00f3stolos, com f\u00e9 e coragem, \u00e0 miss\u00e3o de evangelizar.<\/span><span data-ccp-props=\"{&quot;201341983&quot;:0,&quot;335551550&quot;:6,&quot;335551620&quot;:6,&quot;335559731&quot;:708,&quot;335559739&quot;:160,&quot;335559740&quot;:278}\">\u00a0<\/span><\/p>\n<p style=\"text-align: justify;\"><span data-contrast=\"auto\">Na primeira leitura \u2013 At 2,1-11 \u2013, o autor dos Atos dos Ap\u00f3stolos apresenta-nos o Esp\u00edrito Santo como a Lei Nova que orienta e anima o Povo da Nova Alian\u00e7a. O Esp\u00edrito faz com que homens e mulheres de todas as ra\u00e7as e culturas acolham a Boa Nova de Jesus e formem uma comunidade unida e fraterna, que fala a mesma l\u00edngua, a do amor. A comunidade reunida, que aguarda o cumprimento das promessas de Jesus. O barulho e a ventania remetem \u00e0 presen\u00e7a do Esp\u00edrito Santo. O \u201csinal vis\u00edvel\u201d s\u00e3o as l\u00ednguas como de fogo que se repartiram e pousaram sobre aqueles que estavam presentes. Diversos povos e na\u00e7\u00f5es estavam em Jerusal\u00e9m: cada um falava em sua pr\u00f3pria l\u00edngua e todos se entendiam \u2013 o Esp\u00edrito, al\u00e9m de possuir uma for\u00e7a unificadora, contraposto a Babel, antecipa a miss\u00e3o da Igreja: de reunir todo o Povo de Deus disperso.<\/span><span data-ccp-props=\"{&quot;201341983&quot;:0,&quot;335551550&quot;:6,&quot;335551620&quot;:6,&quot;335559731&quot;:708,&quot;335559739&quot;:160,&quot;335559740&quot;:278}\">\u00a0<\/span><\/p>\n<p style=\"text-align: justify;\"><span data-contrast=\"auto\">Na segunda leitura \u2013 1Cor 12,3b-7.12-13 \u2013, Paulo apresenta o Esp\u00edrito como fonte de Vida para a comunidade crist\u00e3. \u00c9 o Esp\u00edrito que concede os dons que enriquecem a comunidade e que fomenta a unidade de todos os membros. Por isso, os dons do Esp\u00edrito n\u00e3o podem ser usados para benef\u00edcio pessoal, mas devem ser postos ao servi\u00e7o de todos. A diversidade de dons \u00e9 fruto do mesmo Esp\u00edrito Santo: unidade no Esp\u00edrito e diversidade de carismas. Unidade que garante a coes\u00e3o e a harmonia entre todos.<\/span><span data-ccp-props=\"{&quot;201341983&quot;:0,&quot;335551550&quot;:6,&quot;335551620&quot;:6,&quot;335559731&quot;:708,&quot;335559739&quot;:160,&quot;335559740&quot;:278}\">\u00a0<\/span><\/p>\n<p style=\"text-align: justify;\"><span data-contrast=\"auto\">Acolhamos, com esperan\u00e7a, os dons do Esp\u00edrito Santo. Ele, que vem em socorro de nossa fraqueza, acenda em n\u00f3s o amor e a alegria de sermos a assembleia amada e reunida por Deus. Por isso, o Esp\u00edrito Santo, no qual fomos batizados, capacita-nos para falar a linguagem compreens\u00edvel a todos: o amor. Ele nos re\u00fane e nos envia para que sejamos portadores da paz e do perd\u00e3o! Vinde Esp\u00edrito Santo!<\/span><span data-ccp-props=\"{&quot;201341983&quot;:0,&quot;335551550&quot;:6,&quot;335551620&quot;:6,&quot;335559731&quot;:708,&quot;335559739&quot;:160,&quot;335559740&quot;:278}\">\u00a0<\/span><\/p>\n<p style=\"text-align: justify;\">\n","protected":false},"excerpt":{"rendered":"<p>Dom Anuar Battisti Arcebispo Em\u00e9rito de Maring\u00e1 (PR)\u00a0 &nbsp; A Solenidade de Pentecostes a liturgia convida-nos a olhar para o Esp\u00edrito Santo e a tomar consci\u00eancia da sua a\u00e7\u00e3o na Igreja e no mundo. Fonte inesgot\u00e1vel de Vida, o Esp\u00edrito, transforma, renova, orienta, anima, fortalece, constr\u00f3i comunidade, fomenta a unidade, transmite aos disc\u00edpulos a for\u00e7a &hellip;<\/p>\n<p class=\"read-more\"> <a class=\"\" href=\"https:\/\/www.cnbb.org.br\/vinde-espirito-santo-9\/\"> <span class=\"screen-reader-text\">Vinde Esp\u00edrito Santo!\u00a0<\/span> Leia mais &raquo;<\/a><\/p>\n","protected":false},"author":41,"featured_media":0,"comment_status":"closed","ping_status":"closed","sticky":false,"template":"","format":"standard","meta":{"site-sidebar-layout":"default","site-content-layout":"default","ast-global-header-display":"","ast-banner-title-visibility":"","ast-main-header-display":"","ast-hfb-above-header-display":"","ast-hfb-below-header-display":"","ast-hfb-mobile-header-display":"","site-post-title":"","ast-breadcrumbs-content":"","ast-featured-img":"","footer-sml-layout":"","theme-transparent-header-meta":"default","adv-header-id-meta":"","stick-header-meta":"","header-above-stick-meta":"","header-main-stick-meta":"","header-below-stick-meta":""},"categories":[758],"tags":[],"acf":[],"_links":{"self":[{"href":"https:\/\/www.cnbb.org.br\/cnbb-app\/wp\/v2\/posts\/983545"}],"collection":[{"href":"https:\/\/www.cnbb.org.br\/cnbb-app\/wp\/v2\/posts"}],"about":[{"href":"https:\/\/www.cnbb.org.br\/cnbb-app\/wp\/v2\/types\/post"}],"author":[{"embeddable":true,"href":"https:\/\/www.cnbb.org.br\/cnbb-app\/wp\/v2\/users\/41"}],"replies":[{"embeddable":true,"href":"https:\/\/www.cnbb.org.br\/cnbb-app\/wp\/v2\/comments?post=983545"}],"version-history":[{"count":1,"href":"https:\/\/www.cnbb.org.br\/cnbb-app\/wp\/v2\/posts\/983545\/revisions"}],"predecessor-version":[{"id":983546,"href":"https:\/\/www.cnbb.org.br\/cnbb-app\/wp\/v2\/posts\/983545\/revisions\/983546"}],"wp:attachment":[{"href":"https:\/\/www.cnbb.org.br\/cnbb-app\/wp\/v2\/media?parent=983545"}],"wp:term":[{"taxonomy":"category","embeddable":true,"href":"https:\/\/www.cnbb.org.br\/cnbb-app\/wp\/v2\/categories?post=983545"},{"taxonomy":"post_tag","embeddable":true,"href":"https:\/\/www.cnbb.org.br\/cnbb-app\/wp\/v2\/tags?post=983545"}],"curies":[{"name":"wp","href":"https:\/\/api.w.org\/{rel}","templated":true}]}}