{"id":984513,"date":"2025-06-11T15:51:46","date_gmt":"2025-06-11T18:51:46","guid":{"rendered":"https:\/\/www.cnbb.org.br\/?p=984513"},"modified":"2025-06-11T15:52:30","modified_gmt":"2025-06-11T18:52:30","slug":"solenidade-da-santissima-trindade-7","status":"publish","type":"post","link":"https:\/\/www.cnbb.org.br\/solenidade-da-santissima-trindade-7\/","title":{"rendered":"Solenidade da Sant\u00edssima Trindade\u00a0"},"content":{"rendered":"<div style=\"text-align: right;\"><strong>Dom <span class=\"markldwwb4762\" data-markjs=\"true\" data-ogac=\"\" data-ogab=\"\" data-ogsc=\"\" data-ogsb=\"\">A<\/span>ntonio Carlos Rossi Keller<\/strong><\/div>\n<p style=\"text-align: right;\" aria-level=\"2\"><span data-contrast=\"auto\"><strong>Bispo de Frederico Westphalen (RS)<\/strong><\/span><\/p>\n<p style=\"text-align: justify;\" aria-level=\"2\"><span data-contrast=\"auto\"><\/p>\n<p>Hoje celebramos a Solenidade da Sant\u00edssima Trindade, um dos mist\u00e9rios centrais da nossa f\u00e9 crist\u00e3. N\u00e3o \u00e9 apenas uma doutrina teol\u00f3gica, mas uma realidade viva: Deus \u00e9 uno em ess\u00eancia e trino em pessoas \u2014 Pai, Filho e Esp\u00edrito Santo. Esta solenidade nos convida a contemplar o amor perfeito e a comunh\u00e3o eterna que existem dentro de Deus, e a reconhecer que somos chamados a participar dessa rela\u00e7\u00e3o de amor. \u00c9 um dia para adorar a Deus em sua profundidade insond\u00e1vel e para renovar nosso compromisso de viver \u00e0 luz deste mist\u00e9rio. Um dia para renovar o amor a Deus Pai que nos criou, a Deus Filho, Jesus Cristo que nos salvou e a Deus Esp\u00edrito Santo que nos santifica a cada dia.\u00a0<\/span><span data-ccp-props=\"{&quot;201341983&quot;:0,&quot;335551550&quot;:6,&quot;335551620&quot;:6,&quot;335559739&quot;:140,&quot;335559740&quot;:276}\">\u00a0<\/span><\/p>\n<p style=\"text-align: justify;\"><span data-contrast=\"auto\">A leitura do livro dos Prov\u00e9rbios (Prov\u00e9rbios 8,22-31), nos apresenta a Sabedoria de Deus, personificada, que est\u00e1 presente desde o in\u00edcio da cria\u00e7\u00e3o. Ela nos fala de sua rela\u00e7\u00e3o \u00edntima com Deus, existindo antes de todas as coisas e colaborando na obra da cria\u00e7\u00e3o. Este texto \u00e9 uma antecipa\u00e7\u00e3o do mist\u00e9rio trinit\u00e1rio: a Sabedoria, que a tradi\u00e7\u00e3o crist\u00e3 associa ao Filho e ao Esp\u00edrito, revela a harmonia e o prop\u00f3sito divino em tudo o que existe. Somos convidados a maravilhar-nos com a grandeza de Deus, que planejou o universo com sabedoria e amor, e a reconhecer que tudo o que somos e temos vem dele.<\/span><span data-ccp-props=\"{&quot;201341983&quot;:0,&quot;335551550&quot;:6,&quot;335551620&quot;:6,&quot;335559739&quot;:140,&quot;335559740&quot;:276}\">\u00a0<\/span><\/p>\n<p style=\"text-align: justify;\"><span data-contrast=\"auto\">S\u00e3o Paulo, em sua carta aos Romanos (Romanos 5,1-5), nos fala da gra\u00e7a que recebemos por meio de Jesus Cristo, que nos justifica e nos d\u00e1 acesso \u00e0 paz com Deus. Ele destaca a a\u00e7\u00e3o das tr\u00eas pessoas da Trindade: somos reconciliados com o Pai, por meio do Filho, e o amor de Deus \u00e9 derramado em nossos cora\u00e7\u00f5es pelo Esp\u00edrito Santo. Mesmo em meio \u00e0s tribula\u00e7\u00f5es, o Esp\u00edrito nos sustenta, gerando em n\u00f3s paci\u00eancia, esperan\u00e7a e perseveran\u00e7a. Esta leitura nos ensina que a Trindade n\u00e3o \u00e9 apenas um conceito abstrato, mas uma realidade que transforma nossa vida, nos sustentando em todas as circunst\u00e2ncias.<\/span><span data-ccp-props=\"{&quot;201341983&quot;:0,&quot;335551550&quot;:6,&quot;335551620&quot;:6,&quot;335559739&quot;:140,&quot;335559740&quot;:276}\">\u00a0<\/span><\/p>\n<p style=\"text-align: justify;\"><span data-contrast=\"auto\">No Evangelho de Jo\u00e3o (Jo\u00e3o 16,12-15), Jesus promete aos disc\u00edpulos que o Esp\u00edrito da Verdade os conduzir\u00e1 \u00e0 verdade plena. Ele fala da perfeita unidade entre o Pai, o Filho e o Esp\u00edrito Santo: tudo o que o Pai tem pertence ao Filho, e o Esp\u00edrito glorifica o Filho, revelando-nos as coisas do Pai. Este trecho nos mostra a comunh\u00e3o din\u00e2mica e amorosa dentro da Trindade, onde cada pessoa divina existe em rela\u00e7\u00e3o \u00e0s outras, em um movimento de doa\u00e7\u00e3o e glorifica\u00e7\u00e3o m\u00fatuas. Somos chamados a entrar nesse mist\u00e9rio, acolhendo a verdade que o Esp\u00edrito nos revela e vivendo em uni\u00e3o com Deus e com os irm\u00e3os.<\/span><span data-ccp-props=\"{&quot;201341983&quot;:0,&quot;335551550&quot;:6,&quot;335551620&quot;:6,&quot;335559739&quot;:140,&quot;335559740&quot;:276}\">\u00a0<\/span><\/p>\n<p style=\"text-align: justify;\"><span data-contrast=\"auto\">Para viver concretamente o mist\u00e9rio da Sant\u00edssima Trindade no dia a dia, aqui est\u00e3o algumas sugest\u00f5es:<\/span><span data-ccp-props=\"{&quot;201341983&quot;:0,&quot;335551550&quot;:6,&quot;335551620&quot;:6,&quot;335559739&quot;:140,&quot;335559740&quot;:276}\">\u00a0<\/span><\/p>\n<p style=\"text-align: justify;\"><b><span data-contrast=\"auto\">Ora\u00e7\u00e3o Di\u00e1ria<\/span><\/b><span data-contrast=\"auto\">: Reserve um momento para adorar a Trindade, usando ora\u00e7\u00f5es como o \u201c<\/span><i><span data-contrast=\"auto\">Gl\u00f3ria ao Pai<\/span><\/i><span data-contrast=\"auto\">\u201d ou uma ora\u00e7\u00e3o espont\u00e2nea, reconhecendo o amor do Pai, a salva\u00e7\u00e3o trazida pelo Filho e a for\u00e7a santificadora do Esp\u00edrito Santo.<\/span><span data-ccp-props=\"{&quot;201341983&quot;:0,&quot;335551550&quot;:6,&quot;335551620&quot;:6,&quot;335559739&quot;:140,&quot;335559740&quot;:276,&quot;469777462&quot;:[709],&quot;469777927&quot;:[0],&quot;469777928&quot;:[1]}\">\u00a0<\/span><\/p>\n<p style=\"text-align: justify;\"><b><span data-contrast=\"auto\">Vida em Comunh\u00e3o<\/span><\/b><span data-contrast=\"auto\">: A Trindade \u00e9 comunh\u00e3o perfeita. Busque viver em harmonia com os outros, perdoando, partilhando e construindo relacionamentos baseados no amor e no respeito m\u00fatuo.<\/span><span data-ccp-props=\"{&quot;201341983&quot;:0,&quot;335551550&quot;:6,&quot;335551620&quot;:6,&quot;335559739&quot;:140,&quot;335559740&quot;:276,&quot;469777462&quot;:[709],&quot;469777927&quot;:[0],&quot;469777928&quot;:[1]}\">\u00a0<\/span><\/p>\n<p style=\"text-align: justify;\"><b><span data-contrast=\"auto\">Testemunho de F\u00e9<\/span><\/b><span data-contrast=\"auto\">: Seja um reflexo do amor trinit\u00e1rio em suas a\u00e7\u00f5es, tratando os outros com bondade, paci\u00eancia e generosidade, especialmente os mais necessitados.<\/span><span data-ccp-props=\"{&quot;201341983&quot;:0,&quot;335551550&quot;:6,&quot;335551620&quot;:6,&quot;335559739&quot;:140,&quot;335559740&quot;:276,&quot;469777462&quot;:[709],&quot;469777927&quot;:[0],&quot;469777928&quot;:[1]}\">\u00a0<\/span><\/p>\n<p style=\"text-align: justify;\"><b><span data-contrast=\"auto\">Confian\u00e7a nas Dificuldades<\/span><\/b><span data-contrast=\"auto\">: Como S\u00e3o Paulo nos ensina, confie no Esp\u00edrito Santo para encontrar esperan\u00e7a e for\u00e7a nas tribula\u00e7\u00f5es, oferecendo suas dificuldades ao Pai por meio de Jesus.<\/span><span data-ccp-props=\"{&quot;201341983&quot;:0,&quot;335551550&quot;:6,&quot;335551620&quot;:6,&quot;335559739&quot;:140,&quot;335559740&quot;:276,&quot;469777462&quot;:[709],&quot;469777927&quot;:[0],&quot;469777928&quot;:[1]}\">\u00a0<\/span><\/p>\n<p style=\"text-align: justify;\"><b><span data-contrast=\"auto\">Estudo da Palavra<\/span><\/b><span data-contrast=\"auto\">: Dedique tempo para ler e meditar as Escrituras, permitindo que o Esp\u00edrito da Verdade o guie \u00e0 compreens\u00e3o mais profunda do amor de Deus.<\/span><span data-ccp-props=\"{&quot;201341983&quot;:0,&quot;335551550&quot;:6,&quot;335551620&quot;:6,&quot;335559739&quot;:140,&quot;335559740&quot;:276,&quot;469777462&quot;:[709],&quot;469777927&quot;:[0],&quot;469777928&quot;:[1]}\">\u00a0<\/span><\/p>\n<p style=\"text-align: justify;\"><span data-contrast=\"auto\">Irm\u00e3os e irm\u00e3s, a Solenidade da Sant\u00edssima Trindade nos recorda que Deus \u00e9 uma comunidade de amor e que somos chamados a viver esse amor em nossa vida cotidiana. Que procuremos refletir nas diversas comunidades nas quais estamos inseridos (fam\u00edlia, Igreja, trabalho, vizinhan\u00e7a) o amor que Deus vive nesta Comunidade que \u00e9 a Trindade. Que o Pai nos recrie e sustente a cada dia, que o Filho nos redima e nos guie, e que o Esp\u00edrito Santo nos santifique e nos una, para que sejamos, em nossa vida, um reflexo da comunh\u00e3o trinit\u00e1ria. Am\u00e9m.<\/span><span data-ccp-props=\"{&quot;201341983&quot;:0,&quot;335551550&quot;:6,&quot;335551620&quot;:6,&quot;335559739&quot;:140,&quot;335559740&quot;:276}\">\u00a0<\/span><\/p>\n","protected":false},"excerpt":{"rendered":"<p>Dom Antonio Carlos Rossi Keller Bispo de Frederico Westphalen (RS) Hoje celebramos a Solenidade da Sant\u00edssima Trindade, um dos mist\u00e9rios centrais da nossa f\u00e9 crist\u00e3. N\u00e3o \u00e9 apenas uma doutrina teol\u00f3gica, mas uma realidade viva: Deus \u00e9 uno em ess\u00eancia e trino em pessoas \u2014 Pai, Filho e Esp\u00edrito Santo. Esta solenidade nos convida a &hellip;<\/p>\n<p class=\"read-more\"> <a class=\"\" href=\"https:\/\/www.cnbb.org.br\/solenidade-da-santissima-trindade-7\/\"> <span class=\"screen-reader-text\">Solenidade da Sant\u00edssima Trindade\u00a0<\/span> Leia mais &raquo;<\/a><\/p>\n","protected":false},"author":1821,"featured_media":0,"comment_status":"closed","ping_status":"closed","sticky":false,"template":"","format":"standard","meta":{"site-sidebar-layout":"default","site-content-layout":"default","ast-global-header-display":"","ast-banner-title-visibility":"","ast-main-header-display":"","ast-hfb-above-header-display":"","ast-hfb-below-header-display":"","ast-hfb-mobile-header-display":"","site-post-title":"","ast-breadcrumbs-content":"","ast-featured-img":"","footer-sml-layout":"","theme-transparent-header-meta":"default","adv-header-id-meta":"","stick-header-meta":"","header-above-stick-meta":"","header-main-stick-meta":"","header-below-stick-meta":""},"categories":[758],"tags":[],"acf":[],"_links":{"self":[{"href":"https:\/\/www.cnbb.org.br\/cnbb-app\/wp\/v2\/posts\/984513"}],"collection":[{"href":"https:\/\/www.cnbb.org.br\/cnbb-app\/wp\/v2\/posts"}],"about":[{"href":"https:\/\/www.cnbb.org.br\/cnbb-app\/wp\/v2\/types\/post"}],"author":[{"embeddable":true,"href":"https:\/\/www.cnbb.org.br\/cnbb-app\/wp\/v2\/users\/1821"}],"replies":[{"embeddable":true,"href":"https:\/\/www.cnbb.org.br\/cnbb-app\/wp\/v2\/comments?post=984513"}],"version-history":[{"count":1,"href":"https:\/\/www.cnbb.org.br\/cnbb-app\/wp\/v2\/posts\/984513\/revisions"}],"predecessor-version":[{"id":984514,"href":"https:\/\/www.cnbb.org.br\/cnbb-app\/wp\/v2\/posts\/984513\/revisions\/984514"}],"wp:attachment":[{"href":"https:\/\/www.cnbb.org.br\/cnbb-app\/wp\/v2\/media?parent=984513"}],"wp:term":[{"taxonomy":"category","embeddable":true,"href":"https:\/\/www.cnbb.org.br\/cnbb-app\/wp\/v2\/categories?post=984513"},{"taxonomy":"post_tag","embeddable":true,"href":"https:\/\/www.cnbb.org.br\/cnbb-app\/wp\/v2\/tags?post=984513"}],"curies":[{"name":"wp","href":"https:\/\/api.w.org\/{rel}","templated":true}]}}