{"id":984536,"date":"2025-06-12T13:29:44","date_gmt":"2025-06-12T16:29:44","guid":{"rendered":"https:\/\/www.cnbb.org.br\/?p=984536"},"modified":"2025-06-12T14:34:16","modified_gmt":"2025-06-12T17:34:16","slug":"fe-farol-enfrentar-crise-ecologica-dom-leomar","status":"publish","type":"post","link":"https:\/\/www.cnbb.org.br\/fe-farol-enfrentar-crise-ecologica-dom-leomar\/","title":{"rendered":"Junho Verde: A f\u00e9 pode ser um farol para enfrentar a crise ecol\u00f3gica, afirma dom Leomar Brustolin"},"content":{"rendered":"<p>A destrui\u00e7\u00e3o do planeta \u00e9 amea\u00e7a global e \u00e9 preciso assumir a responsabilidade de cuidar da casa comum. E a f\u00e9 pode ser um farol para enfrentar a crise ecol\u00f3gica. Essa reflex\u00e3o foi apresentada pelo arcebispo de Santa Maria (RS) e presidente da Comiss\u00e3o Episcopal para a Anima\u00e7\u00e3o B\u00edblico-Catequ\u00e9tica da CNBB, dom Leomar Ant\u00f4nio Brustolin, em <a href=\"https:\/\/www.cnbb.org.br\/o-cuidado-com-a-terra\/\">artigo publicado no portal da Confer\u00eancia dos Bispos<\/a>.<\/p>\n<blockquote><p>&#8220;A crise ecol\u00f3gica nos afeta a todos, independentemente de pa\u00eds, classe social ou religi\u00e3o. E, nesse cen\u00e1rio, a f\u00e9 pode ser um farol, apontado caminhos para uma vida mais equilibrada e sustent\u00e1vel&#8221;, refletiu o bispo.<\/p><\/blockquote>\n<p>Dom Leomar recorda que a explora\u00e7\u00e3o do planeta e o estilo de vida consumista pela humanidade gerou desmatamento, mudan\u00e7as clim\u00e1ticas, escassez de \u00e1gua pot\u00e1vel, polui\u00e7\u00e3o, desigualdade social e tantas outras consequ\u00eancias.<\/p>\n<p>Assim, ele aponta a necessidade de n\u00e3o mais ignorar o problema e &#8220;mudar nossa forma de enxergar o mundo e assumir a responsabilidade de cuidar da nossa casa comum&#8221;.<\/p>\n<p>H\u00e1 uma rela\u00e7\u00e3o da espiritualidade com a destrui\u00e7\u00e3o da natureza, segundo dom Leomar. E \u00e9 preciso resgatar a vis\u00e3o de que a natureza \u00e9 parte da cria\u00e7\u00e3o divina &#8211; &#8220;algo sagrado, digno de respeito e cuidado&#8221;.<\/p>\n<p>Diante desse cen\u00e1rio, a solu\u00e7\u00e3o n\u00e3o \u00e9 apenas t\u00e9cnica ou cient\u00edfica. Precisamos de uma mudan\u00e7a profunda de mentalidade &#8211; uma verdadeira convers\u00e3o ecol\u00f3gica. Isso significa repensar nossos h\u00e1bitos, reduzir o desperd\u00edcio, evitar o consumo excessivo e buscar formas mais sustent\u00e1veis de viver. N\u00e3o podemos continuar explorando a natureza como se ela estivesse a nosso servi\u00e7o, sem consequ\u00eancias. Se mantivermos esse ritmo, n\u00e3o haver\u00e1 planeta para as pr\u00f3ximas gera\u00e7\u00f5es.<\/p>\n<p>Cuidar da cria\u00e7\u00e3o, afirma o bispo, &#8220;faz parte do nosso compromisso com Deus&#8221;. A B\u00edblia ensina, continua, &#8220;que fomos colocados no mundo para cultivar e guardar a Terra &#8211; n\u00e3o para destru\u00ed-la&#8221;. Esse cuidado tamb\u00e9m \u00e9 sinal da esperan\u00e7a e da a\u00e7\u00e3o, pr\u00f3prios da f\u00e9 crist\u00e3, ao contr\u00e1rio da vis\u00e3o de que &#8220;as mudan\u00e7as clim\u00e1ticas e os desastres naturais como &#8216;sinais do fim dos tempos&#8217;\u201d.<\/p>\n<p>Dom Leomar fala das atitudes reais para solucionar a crise ambiental, ao contr\u00e1rio dos discursos alarmistas, da espera por milagres: eduzir o consumo desnecess\u00e1rio, economizar \u00e1gua, evitar o desperd\u00edcio, reciclar e, acima de tudo, mudar nossa forma de enxergar a vida na Terra.<\/p>\n<p>&#8220;A f\u00e9 crist\u00e3 nos ensina a confiar em Deus, mas essa confian\u00e7a n\u00e3o nos isenta da responsabilidade de agir. O futuro do planeta est\u00e1 em nossas m\u00e3os. Se cada um fizer a sua parte, \u00e9 poss\u00edvel reverter essa situa\u00e7\u00e3o e deixar um mundo melhor para as pr\u00f3ximas gera\u00e7\u00f5es. Afinal, cuidar da Terra \u00e9 tamb\u00e9m um ato de amor e gratid\u00e3o ao Criador&#8221;, conclui dom Leomar.<\/p>\n<p><a href=\"https:\/\/www.cnbb.org.br\/o-cuidado-com-a-terra\/\">Leia o artigo na \u00edntegra &#8211; O cuidado com a Terra.<\/a><\/p>\n","protected":false},"excerpt":{"rendered":"<p>A destrui\u00e7\u00e3o do planeta \u00e9 amea\u00e7a global e \u00e9 preciso assumir a responsabilidade de cuidar da casa comum. E a f\u00e9 pode ser um farol para enfrentar a crise ecol\u00f3gica. Essa reflex\u00e3o foi apresentada por dom Leomar Ant\u00f4nio Brustolin, em artigo publicado no portal da CNBB. Cuidar da cria\u00e7\u00e3o, afirma o bispo, &#8220;faz parte do nosso compromisso com Deus&#8221;<\/p>\n","protected":false},"author":38,"featured_media":984548,"comment_status":"closed","ping_status":"closed","sticky":false,"template":"","format":"standard","meta":{"site-sidebar-layout":"default","site-content-layout":"default","ast-global-header-display":"","ast-banner-title-visibility":"","ast-main-header-display":"","ast-hfb-above-header-display":"","ast-hfb-below-header-display":"","ast-hfb-mobile-header-display":"","site-post-title":"","ast-breadcrumbs-content":"","ast-featured-img":"","footer-sml-layout":"","theme-transparent-header-meta":"default","adv-header-id-meta":"","stick-header-meta":"","header-above-stick-meta":"","header-main-stick-meta":"","header-below-stick-meta":""},"categories":[829,50],"tags":[2138,4527],"acf":[],"_links":{"self":[{"href":"https:\/\/www.cnbb.org.br\/cnbb-app\/wp\/v2\/posts\/984536"}],"collection":[{"href":"https:\/\/www.cnbb.org.br\/cnbb-app\/wp\/v2\/posts"}],"about":[{"href":"https:\/\/www.cnbb.org.br\/cnbb-app\/wp\/v2\/types\/post"}],"author":[{"embeddable":true,"href":"https:\/\/www.cnbb.org.br\/cnbb-app\/wp\/v2\/users\/38"}],"replies":[{"embeddable":true,"href":"https:\/\/www.cnbb.org.br\/cnbb-app\/wp\/v2\/comments?post=984536"}],"version-history":[{"count":3,"href":"https:\/\/www.cnbb.org.br\/cnbb-app\/wp\/v2\/posts\/984536\/revisions"}],"predecessor-version":[{"id":984560,"href":"https:\/\/www.cnbb.org.br\/cnbb-app\/wp\/v2\/posts\/984536\/revisions\/984560"}],"wp:featuredmedia":[{"embeddable":true,"href":"https:\/\/www.cnbb.org.br\/cnbb-app\/wp\/v2\/media\/984548"}],"wp:attachment":[{"href":"https:\/\/www.cnbb.org.br\/cnbb-app\/wp\/v2\/media?parent=984536"}],"wp:term":[{"taxonomy":"category","embeddable":true,"href":"https:\/\/www.cnbb.org.br\/cnbb-app\/wp\/v2\/categories?post=984536"},{"taxonomy":"post_tag","embeddable":true,"href":"https:\/\/www.cnbb.org.br\/cnbb-app\/wp\/v2\/tags?post=984536"}],"curies":[{"name":"wp","href":"https:\/\/api.w.org\/{rel}","templated":true}]}}