{"id":984587,"date":"2025-06-13T12:12:13","date_gmt":"2025-06-13T15:12:13","guid":{"rendered":"https:\/\/www.cnbb.org.br\/?p=984587"},"modified":"2025-06-13T12:12:55","modified_gmt":"2025-06-13T15:12:55","slug":"a-gloria-de-deus-uno-e-trino-na-visao-da-igreja-atual-e-em-santo-hilario-de-poitiers","status":"publish","type":"post","link":"https:\/\/www.cnbb.org.br\/a-gloria-de-deus-uno-e-trino-na-visao-da-igreja-atual-e-em-santo-hilario-de-poitiers\/","title":{"rendered":"A gl\u00f3ria de Deus Uno e Trino na vis\u00e3o da Igreja atual e em Santo Hil\u00e1rio de Poitiers\u00a0"},"content":{"rendered":"<p style=\"text-align: right;\"><strong>Dom Vital Corbellini<br \/>\nBispo de Marab\u00e1 (PA)<\/strong><\/p>\n<p>&nbsp;<\/p>\n<p style=\"text-align: justify;\"><span data-ccp-props=\"{&quot;335551550&quot;:2,&quot;335551620&quot;:2}\">\u00a0<\/span><\/p>\n<p style=\"text-align: justify;\"><span data-contrast=\"auto\">Ap\u00f3s a solenidade de Pentecostes, a descida do Esp\u00edrito Santo sobre os ap\u00f3stolos com Maria sant\u00edssima no cen\u00e1culo, a Igreja celebra a solenidade da Sant\u00edssima Trindade, Deus Uno e Trino. Pelo batismo n\u00f3s fomos inseridos no mist\u00e9rio t\u00e3o grandioso e t\u00e3o pr\u00f3ximo de n\u00f3s, porque Ele mora em nossos cora\u00e7\u00f5es. N\u00f3s somos chamados a viver a presen\u00e7a de Deis no mundo de hoje testemunhando com nossas ora\u00e7\u00f5es e nossas vidas, Deus que \u00e9 Pai, Deus que \u00e9 Filho, Deus que \u00e9 Esp\u00edrito Santo, n\u00e3o sendo tr\u00eas deuses mas um \u00fanico Deus em tr\u00eas Pessoas. \u00c9 importante perceber esta doutrina, em Santo Hil\u00e1rio, bispo de Poitiers, na Fran\u00e7a, s\u00e9culo IV, niceno, que defendeu a divindade do Filho de Deus, sendo Este co-eterno com o Pai desde sempre. Ele lutou contra os arianos porque eles n\u00e3o consideravam a divindade do Verbo mas o seu ser criatura, de modo que Ele defendeu que o Filho \u00e9 Deus desde sempre junto com o Pai e o Esp\u00edrito Santo.. Este bispo desenvolveu muito o tema da gl\u00f3ria na Sant\u00edssima Trindade. Veremos a seguir alguns dados sobre a gl\u00f3ria em Deus.\u00a0<\/span><span data-ccp-props=\"{&quot;335551550&quot;:6,&quot;335551620&quot;:6}\">\u00a0<\/span><\/p>\n<p style=\"text-align: justify;\"><span data-contrast=\"auto\">A encarna\u00e7\u00e3o do Verbo, a glorifica\u00e7\u00e3o pela cruz<\/span><\/p>\n<p style=\"text-align: justify;\"><span data-contrast=\"auto\">O Filho de Deus fez-se homem para que cr\u00eassemos nele, e assim dar-nos testemunho das coisas divinas. Ele assumiu tudo aquilo que \u00e9 nosso, realizando em si mesmo a vontade do Pai, conforme a sua palavra: \u201cVim fazer a vontade daquele que me enviou\u201d ( Jo 6,38)<\/span><span data-contrast=\"auto\">1<\/span><span data-contrast=\"auto\">. Ele quis fazer a Vontade do Pai, obedecendo-a, com amor. O Bispo teve tamb\u00e9m presentes as palavras de Jesus na \u00faltima ceia que disse: \u201cPai, chegou a hora, glorifica teu Filho para que teu Filho tamb\u00e9m te glorifique\u201d (Jo 17,1-2). Ele diz que chegou a hora: mas de qual hora se trataria? A hora da glorifica\u00e7\u00e3o, que ser\u00e1 a sua eleva\u00e7\u00e3o na cruz. \u201cEis que vem a hora em que ser\u00e1 glorificado o Filho do Homem\u201d(Jo 12,23)<\/span><span data-contrast=\"auto\">2<\/span><span data-contrast=\"auto\">. Esta \u00e9 portanto a hora que o Filho roga ao Pai a fim de que o Pai seja glorificado por Ele. O significado dessas afirma\u00e7\u00f5es \u00e9 que Aquele que h\u00e1 de ser glorificado ser\u00e1 glorificado, o que h\u00e1 de prestar honra pede a honra<\/span><span data-contrast=\"auto\">3<\/span><span data-contrast=\"auto\">. Jesus pede ao Pai para que glorifique o Filho. Ele que nascera da Virgem Maria, fez-se homem, cresceu na fam\u00edlia humana, e agora deveria passar pelo sofrimento, morte e cruz, para chegar \u00e0 gl\u00f3ria da ressurrei\u00e7\u00e3o. \u00c9 o Pai que glorifica o Filho na cruz<\/span><span data-contrast=\"auto\">4<\/span><span data-contrast=\"auto\">.\u00a0<\/span><span data-ccp-props=\"{&quot;335551550&quot;:6,&quot;335551620&quot;:6}\">\u00a0<\/span><\/p>\n<p style=\"text-align: justify;\"><span data-contrast=\"auto\">As palavras do centuri\u00e3o<\/span><\/p>\n<p style=\"text-align: justify;\"><span data-contrast=\"auto\">Santo Hil\u00e1rio de Poitiers falou tamb\u00e9m que as coisas se confirmaram pela glorifica\u00e7\u00e3o do Filho pelo Pai quando o centuri\u00e3o romano ao guardar a cruz, e Aquele que l\u00e1 fora crucificado, afirmou: \u201cVerdadeiramente este era Filho de Deus\u201d (Mt 27,54)<\/span><span data-contrast=\"auto\">5<\/span><span data-contrast=\"auto\">. O centuri\u00e3o proclamou a verdade de que Jesus \u00e9 o verdadeiro Filho de Deus de modo que as palavras de Jesus foram confirmadas: \u201cGlorifica o teu Filho\u201d (Jo 17,1). Jesus declarou ser Filho, n\u00e3o s\u00f3 pelo nome, mas tamb\u00e9m pela natureza, pela origem, pela natividade, n\u00e3o por cria\u00e7\u00e3o<\/span><span data-contrast=\"auto\">6<\/span><span data-contrast=\"auto\">.\u00a0<\/span><span data-ccp-props=\"{&quot;335551550&quot;:6,&quot;335551620&quot;:6}\">\u00a0<\/span><\/p>\n<p style=\"text-align: justify;\"><span data-contrast=\"auto\">As posi\u00e7\u00f5es de Santo Hil\u00e1rio contra o arianismo<\/span><\/p>\n<p style=\"text-align: justify;\"><span data-contrast=\"auto\">Essas considera\u00e7\u00f5es especificaram a posi\u00e7\u00e3o de Santo Hil\u00e1rio contra o arianismo afirmando a gera\u00e7\u00e3o eterna do Filho para com o Pai. O Filho n\u00e3o \u00e9 criatura, mas \u00e9 eterno como o Pai \u00e9 eterno, \u00e9 eterno como o Esp\u00edrito Santo \u00e9 eterno. Se o Filho pede ao Pai que o glorifique, n\u00e3o era o fato de que fosse menor, afirmou o Bispo de Poitiers. O fato \u00e9 que a honra do Pai n\u00e3o diminui a gl\u00f3ria do Filho. A glorifica\u00e7\u00e3o pedida pelo Filho ao Pai n\u00e3o admite diminui\u00e7\u00e3o, por isso, tendo dito, segundo o Bispo de Poitiers, porque o Senhor afirmou: \u201cPai, glorifica teu Filho, e em seguida acrescenta: para que teu Filho te glorifique\u201d(Jo 17,1)<\/span><span data-contrast=\"auto\">7<\/span><span data-contrast=\"auto\">. Uma pessoa dar\u00e1 a gl\u00f3ria \u00e0 outra Pessoa. Por isso o pedido de glorifica\u00e7\u00e3o a ser dada e retribu\u00edda n\u00e3o priva o Pai de nada, nem enfraquece o Filho; do contr\u00e1rio ela mostra a for\u00e7a da mesma divindade em ambos, quando n\u00e3o s\u00f3 o Filho pede ao Pai para que seja glorificado, mas tamb\u00e9m ao Pai n\u00e3o \u00e9 recusada a gl\u00f3ria que vir\u00e1 do Filho. A unidade de natureza entre o Pai e o Filho mostra-se pela reciprocidade da gl\u00f3ria a ser dada e retribu\u00edda<\/span><span data-contrast=\"auto\">8<\/span><span data-contrast=\"auto\">.\u00a0<\/span><span data-ccp-props=\"{&quot;335551550&quot;:6,&quot;335551620&quot;:6,&quot;335559731&quot;:708}\">\u00a0<\/span><\/p>\n<p style=\"text-align: justify;\"><span data-contrast=\"auto\">O sentido da gl\u00f3ria em Deus<\/span><\/p>\n<p style=\"text-align: justify;\"><span data-contrast=\"auto\">Santo Hil\u00e1rio aprofunda o sentido da gl\u00f3ria. Como Deus \u00e9 imut\u00e1vel, na eternidade n\u00e3o existe car\u00eancia, necessidade de emenda, progresso ou dano. Aquele que sempre \u00e9 n\u00e3o pode, por natureza, em tempo algum, deixar de ser<\/span><span data-contrast=\"auto\">9<\/span><span data-contrast=\"auto\">. O Pai \u00e9 glorificado pelo Filho, pelo reconhecimento humano, de modo que \u00e9 esta a gl\u00f3ria que o Filho tenha recebido o poder sobre toda a carne, na qual Ele d\u00e1 a vida eterna aos mortais<\/span><span data-contrast=\"auto\">10<\/span><span data-contrast=\"auto\">. A gl\u00f3ria, segundo Santo Hil\u00e1rio n\u00e3o \u00e9 acrescentada em Deus, mas pelo Filho, \u00e9 glorificado em n\u00f3s, tenebrosos, mas necessitados da gra\u00e7a de Deus. Pela obra do Filho, \u00e9 glorificado o Pai, o Pai no Filho, pelo poder que o Filho recebeu sobre toda a cria\u00e7\u00e3o, dando assim a vida eterna, como dom e como responsabilidade humana. O Filho \u00e9 glorificado pelo Pai quando todas as coisas s\u00e3o feitas pelo Filho.<\/span><\/p>\n<p style=\"text-align: justify;\"><span data-contrast=\"auto\">O Filho \u00e9 da mesma natureza do Pai<\/span><\/p>\n<p style=\"text-align: justify;\"><span data-contrast=\"auto\">O Filho \u00e9 <\/span><i><span data-contrast=\"auto\">homoousion<\/span><\/i><span data-contrast=\"auto\">, isto \u00e9 da mesma natureza do Pai. Esta foi a defini\u00e7\u00e3o do Conc\u00edlio de Nic\u00e9ia(325) na qual Santo Hil\u00e1rio seguiu e assumiu a sua determina\u00e7\u00e3o, diante do arianismo, doutrina condenada pelo mesmo Conc\u00edlio. A Igreja reconhece no creio professado pelas pessoas fi\u00e9is, um s\u00f3 Deus, de que tudo vem e Ela conhece um s\u00f3 Senhor, Jesus Cristo por meio de quem tudo vem<\/span><span data-contrast=\"auto\">12<\/span><span data-contrast=\"auto\">.\u00a0<\/span><span data-ccp-props=\"{&quot;335551550&quot;:6,&quot;335551620&quot;:6}\">\u00a0<\/span><\/p>\n<p style=\"text-align: justify;\"><span data-contrast=\"auto\">A unidade na Trindade<\/span><span data-ccp-props=\"{&quot;335551550&quot;:6,&quot;335551620&quot;:6}\">\u00a0<\/span><\/p>\n<p style=\"text-align: justify;\"><span data-contrast=\"auto\">O bispo de Poitiers afirmou a Unidade na Trindade. Um de quem tudo procede. Um de quem tudo foi feito, a origem de todas as coisas e que est\u00e3o em Um s\u00f3. Naquele que \u00e9 Um, Deus, de quem tudo procede, reconhece o poder da inacessibilidade; no que \u00e9 Um, por meio do qual tudo foi feito, o Senhor Jesus Cristo. Conhece a Igreja o Deus Esp\u00edrito, impass\u00edvel e indivis\u00edvel. Desta forma a Igreja confessa pelo seu creio dos fi\u00e9is, o \u00fanico Deus inacess\u00edvel, confessando o Pai eterno e sem origem; confessa o Filho gerado desde toda a eternidade pelo Pai e do Esp\u00edrito Santo do qual procede daquele que sempre existiu, o Esp\u00edrito Santo, o amor do Pai e do Filho. Esta \u00e9 a profiss\u00e3o de f\u00e9 dos crist\u00e3os<\/span><span data-contrast=\"auto\">13<\/span><span data-contrast=\"auto\">, cat\u00f3licos e cat\u00f3licas. N\u00f3s somos chamados a adorar a Unidade Onipotente de Deus Uno e Trino em todo o universo e Ela mora em nossos cora\u00e7\u00f5es, fam\u00edlias, comunidades, pessoas que procuram o amor a Deus, ao pr\u00f3ximo como a si mesmo.<\/span><span data-ccp-props=\"{&quot;335551550&quot;:6,&quot;335551620&quot;:6}\">\u00a0<\/span><\/p>\n","protected":false},"excerpt":{"rendered":"<p>Dom Vital Corbellini Bispo de Marab\u00e1 (PA) &nbsp; \u00a0 Ap\u00f3s a solenidade de Pentecostes, a descida do Esp\u00edrito Santo sobre os ap\u00f3stolos com Maria sant\u00edssima no cen\u00e1culo, a Igreja celebra a solenidade da Sant\u00edssima Trindade, Deus Uno e Trino. Pelo batismo n\u00f3s fomos inseridos no mist\u00e9rio t\u00e3o grandioso e t\u00e3o pr\u00f3ximo de n\u00f3s, porque Ele &hellip;<\/p>\n<p class=\"read-more\"> <a class=\"\" href=\"https:\/\/www.cnbb.org.br\/a-gloria-de-deus-uno-e-trino-na-visao-da-igreja-atual-e-em-santo-hilario-de-poitiers\/\"> <span class=\"screen-reader-text\">A gl\u00f3ria de Deus Uno e Trino na vis\u00e3o da Igreja atual e em Santo Hil\u00e1rio de Poitiers\u00a0<\/span> Leia mais &raquo;<\/a><\/p>\n","protected":false},"author":16,"featured_media":0,"comment_status":"closed","ping_status":"closed","sticky":false,"template":"","format":"standard","meta":{"site-sidebar-layout":"default","site-content-layout":"default","ast-global-header-display":"","ast-banner-title-visibility":"","ast-main-header-display":"","ast-hfb-above-header-display":"","ast-hfb-below-header-display":"","ast-hfb-mobile-header-display":"","site-post-title":"","ast-breadcrumbs-content":"","ast-featured-img":"","footer-sml-layout":"","theme-transparent-header-meta":"default","adv-header-id-meta":"","stick-header-meta":"","header-above-stick-meta":"","header-main-stick-meta":"","header-below-stick-meta":""},"categories":[758],"tags":[],"acf":[],"_links":{"self":[{"href":"https:\/\/www.cnbb.org.br\/cnbb-app\/wp\/v2\/posts\/984587"}],"collection":[{"href":"https:\/\/www.cnbb.org.br\/cnbb-app\/wp\/v2\/posts"}],"about":[{"href":"https:\/\/www.cnbb.org.br\/cnbb-app\/wp\/v2\/types\/post"}],"author":[{"embeddable":true,"href":"https:\/\/www.cnbb.org.br\/cnbb-app\/wp\/v2\/users\/16"}],"replies":[{"embeddable":true,"href":"https:\/\/www.cnbb.org.br\/cnbb-app\/wp\/v2\/comments?post=984587"}],"version-history":[{"count":2,"href":"https:\/\/www.cnbb.org.br\/cnbb-app\/wp\/v2\/posts\/984587\/revisions"}],"predecessor-version":[{"id":984589,"href":"https:\/\/www.cnbb.org.br\/cnbb-app\/wp\/v2\/posts\/984587\/revisions\/984589"}],"wp:attachment":[{"href":"https:\/\/www.cnbb.org.br\/cnbb-app\/wp\/v2\/media?parent=984587"}],"wp:term":[{"taxonomy":"category","embeddable":true,"href":"https:\/\/www.cnbb.org.br\/cnbb-app\/wp\/v2\/categories?post=984587"},{"taxonomy":"post_tag","embeddable":true,"href":"https:\/\/www.cnbb.org.br\/cnbb-app\/wp\/v2\/tags?post=984587"}],"curies":[{"name":"wp","href":"https:\/\/api.w.org\/{rel}","templated":true}]}}