{"id":984768,"date":"2025-06-18T07:01:13","date_gmt":"2025-06-18T10:01:13","guid":{"rendered":"https:\/\/www.cnbb.org.br\/?p=984768"},"modified":"2025-06-17T17:01:37","modified_gmt":"2025-06-17T20:01:37","slug":"papa-leao-xiv-nomeia-dom-dorival-souza-barreto-junior-bispo-da-diocese-de-januaria-mg","status":"publish","type":"post","link":"https:\/\/www.cnbb.org.br\/papa-leao-xiv-nomeia-dom-dorival-souza-barreto-junior-bispo-da-diocese-de-januaria-mg\/","title":{"rendered":"Papa Le\u00e3o XIV nomeia Dom Dorival Souza Barreto J\u00fanior bispo da diocese de Janu\u00e1ria (MG)"},"content":{"rendered":"<p style=\"text-align: justify;\">O Papa Le\u00e3o XIV nomeou nesta quarta-feira, 18 de junho, dom Dorival Souza Barreto J\u00fanior, at\u00e9 ent\u00e3o bispo titular de \u201cTindari\u201d e auxiliar na arquidiocese de Salvador (BA), como bispo da diocese de Janu\u00e1ria, no Estado de Minas Gerais. A Confer\u00eancia Nacional dos Bispos do Brasil (CNBB) enviou sauda\u00e7\u00e3o ao novo da diocese de Janu\u00e1ria.<\/p>\n<blockquote>\n<h3 style=\"text-align: justify;\">Sauda\u00e7\u00e3o ao novo bispo Janu\u00e1ria<\/h3>\n<p style=\"text-align: justify;\">Estimado irm\u00e3o Dom Dorival Souza Barreto J\u00fanior,<\/p>\n<p>Recebemos com alegria a not\u00edcia de sua nomea\u00e7\u00e3o, feita pelo Papa Le\u00e3o XIV, como novo bispo da diocese de Janu\u00e1ria (MG). Desejamos expressar, em nome da Confer\u00eancia Nacional dos Bispos do Brasil (CNBB), nossa fraterna sauda\u00e7\u00e3o e nossas preces neste momento t\u00e3o significativo de sua miss\u00e3o episcopal.<\/p>\n<p style=\"text-align: justify;\">Recordamos, nesta ocasi\u00e3o, um trecho da audi\u00eancia do Papa Le\u00e3o XIV com os bispos da Confer\u00eancia Episcopal Italiana na manh\u00e3 da ter\u00e7a-feira, 17 de junho: <em>\u201cEste \u00e9 o primeiro grande compromisso que deve nos motivar: levar Cristo \u2018nas veias\u2019 da humanidade, renovando e compartilhando a miss\u00e3o apost\u00f3lica: \u2018O que vimos e ouvimos, isso vos anunciamos\u2019 (1Jo 1,3).\u201d<\/em><\/p>\n<p style=\"text-align: justify;\">Confiamos que sua presen\u00e7a na Igreja Particular de Janu\u00e1ria ser\u00e1 sinal de esperan\u00e7a e renova\u00e7\u00e3o para os fi\u00e9is, para os presb\u00edteros, religiosos e leigos que agora o acolhem como pastor e irm\u00e3o. Que Nossa Senhora das Dores, padroeira da diocese de Janu\u00e1ria, o guie com sabedoria e coragem e interceda por seu minist\u00e9rio, fortalecendo-o em cada passo dessa nova miss\u00e3o.<\/p>\n<p style=\"text-align: justify;\"><em>Em Cristo,<\/em><\/p>\n<p><strong>Dom Jaime Cardeal Spengler<\/strong><br \/>\nArcebispo de Porto Alegre (RS)<br \/>\nPresidente da CNBB<\/p>\n<p><strong>Dom Jo\u00e3o Justino de Medeiros da Silva<\/strong><br \/>\nArcebispo de Goi\u00e2nia (GO)<br \/>\n1\u00ba Vice-Presidente da CNBB<\/p>\n<p><strong>Dom Paulo Jackson N\u00f3brega de Sousa<\/strong><br \/>\nArcebispo de Olinda e Recife (PE)<br \/>\n2\u00ba Vice-Presidente da CNBB<\/p>\n<p><strong>Dom Ricardo Hoepers<\/strong><br \/>\nBispo Auxiliar da Arquidiocese de Bras\u00edlia (DF)<br \/>\nSecret\u00e1rio-Geral da CNBB<\/p><\/blockquote>\n<h3 style=\"text-align: justify;\">Trajet\u00f3ria eclesial e forma\u00e7\u00e3o<\/h3>\n<p style=\"text-align: justify;\">Dom Dorival \u00e9 filho de Dorival Souza Barreto e Maria da Concei\u00e7\u00e3o Chaves, nasceu aos 10 de mar\u00e7o de 1964, em Jequi\u00e9 (BA). No ano de 1980, ingressou no Semin\u00e1rio dos Capuchinhos, em Vit\u00f3ria da Conquista (BA), concluindo o segundo grau no Col\u00e9gio Paulo VI. Com os Frades Menores Capuchinhos residiu em Salvador (BA), concluindo o bi\u00eanio filos\u00f3fico na Universidade Cat\u00f3lica do Salvador (UCSal).<\/p>\n<p>Fez o noviciado em Esplanada (BA), emitindo a profiss\u00e3o Simples. Iniciou o curso de Teologia na UCSal, dando continuidade ao mesmo no Instituto Superior de Teologia da arquidiocese de S\u00e3o Sebasti\u00e3o do Rio de Janeiro, pela diocese de Jequi\u00e9. Transferindo-se para Montes Claros (MG), concluiu o curso de Teologia, sendo ordenado di\u00e1cono no dia 19 de julho de 1987, e presb\u00edtero no dia 10 de janeiro de 1988.<\/p>\n<p>\u00c9 bacharel em Teologia, licenciado em Filosofia e mestre em Liturgia pelo Pontif\u00edcio Instituto Lit\u00fargico, de Roma, e doutor em Teologia Dogm\u00e1tica pela Pontif\u00edcia Universidade Gregoriana, tamb\u00e9m de Roma.<\/p>\n<p>Al\u00e9m de vig\u00e1rio, administrador paroquial e p\u00e1roco em algumas par\u00f3quias da arquidiocese de Montes Claros (MG), foi chanceler, ec\u00f4nomo, membro dos Conselhos Presbiteral, Econ\u00f4mico e Pastoral, do Col\u00e9gio dos Consultores e p\u00e1roco da catedral metropolitana Nossa Senhora Aparecida, em Montes Claros.<br \/>\nAt\u00e9 ent\u00e3o exerceu as fun\u00e7\u00f5es de professor de Liturgia Fundamental, no semin\u00e1rio arquidiocesano Sagrado Cora\u00e7\u00e3o de Jesus, em Diamantina (MG); professor de Liturgia Fundamental, Arte Sacra, Liturgia Sacramental, Pr\u00e1ticas Lit\u00fargicas e Latim, no semin\u00e1rio maior Imaculado Cora\u00e7\u00e3o de Maria, em Montes Claros (MG); professor de L\u00edngua e Culturas Latinas na Universidade Estadual de Montes Claros (Unimontes), em Montes Claros (MG); coordenador da Comiss\u00e3o Arquidiocesana de Arte e Bens Culturais, vice-chanceler, vig\u00e1rio da forania Nossa Senhora da Concei\u00e7\u00e3o e S\u00e3o Jos\u00e9.<\/p>\n<p>Ele foi nomeado bispo titular de \u201cTindari\u201d e auxiliar na arquidiocese de S\u00e3o Salvador (BA), em 4 de novembro de 2020, pelo Papa Francisco. Dom Dorival escolheu como lema episcopal: \u201cIte et vos\u201d (Ide tamb\u00e9m v\u00f3s \u2013 Mt 20,7). A Ordena\u00e7\u00e3o Episcopal aconteceu em 3 de janeiro de 2021, na Matriz da Par\u00f3quia Nossa Senhora da Concei\u00e7\u00e3o e S\u00e3o Jos\u00e9, em Montes Claros (MG). A Missa de Apresenta\u00e7\u00e3o na Arquidiocese de Salvador foi realizada no dia6 de fevereiro do mesmo ano.<\/p>\n","protected":false},"excerpt":{"rendered":"<p>O Papa Le\u00e3o XIV nomeou nesta quarta-feira, 18 de junho, dom Dorival Souza Barreto J\u00fanior, at\u00e9 ent\u00e3o bispo titular de \u201cTindari\u201d e auxiliar na arquidiocese de Salvador (BA), como bispo da diocese de Janu\u00e1ria, no Estado de Minas Gerais. A Confer\u00eancia Nacional dos Bispos do Brasil (CNBB) enviou sauda\u00e7\u00e3o ao novo bispo de Janu\u00e1ria<\/p>\n","protected":false},"author":142,"featured_media":984769,"comment_status":"closed","ping_status":"closed","sticky":false,"template":"","format":"standard","meta":{"site-sidebar-layout":"default","site-content-layout":"default","ast-global-header-display":"","ast-banner-title-visibility":"","ast-main-header-display":"","ast-hfb-above-header-display":"","ast-hfb-below-header-display":"","ast-hfb-mobile-header-display":"","site-post-title":"","ast-breadcrumbs-content":"","ast-featured-img":"","footer-sml-layout":"","theme-transparent-header-meta":"default","adv-header-id-meta":"","stick-header-meta":"","header-above-stick-meta":"","header-main-stick-meta":"","header-below-stick-meta":""},"categories":[1841,872],"tags":[6042,1584],"acf":[],"_links":{"self":[{"href":"https:\/\/www.cnbb.org.br\/cnbb-app\/wp\/v2\/posts\/984768"}],"collection":[{"href":"https:\/\/www.cnbb.org.br\/cnbb-app\/wp\/v2\/posts"}],"about":[{"href":"https:\/\/www.cnbb.org.br\/cnbb-app\/wp\/v2\/types\/post"}],"author":[{"embeddable":true,"href":"https:\/\/www.cnbb.org.br\/cnbb-app\/wp\/v2\/users\/142"}],"replies":[{"embeddable":true,"href":"https:\/\/www.cnbb.org.br\/cnbb-app\/wp\/v2\/comments?post=984768"}],"version-history":[{"count":4,"href":"https:\/\/www.cnbb.org.br\/cnbb-app\/wp\/v2\/posts\/984768\/revisions"}],"predecessor-version":[{"id":984772,"href":"https:\/\/www.cnbb.org.br\/cnbb-app\/wp\/v2\/posts\/984768\/revisions\/984772"}],"wp:featuredmedia":[{"embeddable":true,"href":"https:\/\/www.cnbb.org.br\/cnbb-app\/wp\/v2\/media\/984769"}],"wp:attachment":[{"href":"https:\/\/www.cnbb.org.br\/cnbb-app\/wp\/v2\/media?parent=984768"}],"wp:term":[{"taxonomy":"category","embeddable":true,"href":"https:\/\/www.cnbb.org.br\/cnbb-app\/wp\/v2\/categories?post=984768"},{"taxonomy":"post_tag","embeddable":true,"href":"https:\/\/www.cnbb.org.br\/cnbb-app\/wp\/v2\/tags?post=984768"}],"curies":[{"name":"wp","href":"https:\/\/api.w.org\/{rel}","templated":true}]}}