{"id":984785,"date":"2025-06-18T11:10:12","date_gmt":"2025-06-18T14:10:12","guid":{"rendered":"https:\/\/www.cnbb.org.br\/?p=984785"},"modified":"2025-06-18T11:10:46","modified_gmt":"2025-06-18T14:10:46","slug":"revestir-nos-de-jesus","status":"publish","type":"post","link":"https:\/\/www.cnbb.org.br\/revestir-nos-de-jesus\/","title":{"rendered":"Revestir nos de Jesus!\u00a0"},"content":{"rendered":"<p style=\"text-align: right;\"><b><span data-contrast=\"none\">Dom Anuar Battisti<\/span><\/b><span data-ccp-props=\"{&quot;201341983&quot;:0,&quot;335551550&quot;:2,&quot;335551620&quot;:2,&quot;335559731&quot;:708,&quot;335559739&quot;:160,&quot;335559740&quot;:278}\"><br \/>\n<\/span><b><span data-contrast=\"none\">Arcebispo Em\u00e9rito de Maring\u00e1 (PR)<\/span><\/b><span data-ccp-props=\"{&quot;201341983&quot;:0,&quot;335551550&quot;:2,&quot;335551620&quot;:2,&quot;335559731&quot;:708,&quot;335559739&quot;:160,&quot;335559740&quot;:278}\">\u00a0<\/span><\/p>\n<p><span data-ccp-props=\"{&quot;201341983&quot;:0,&quot;335551550&quot;:2,&quot;335551620&quot;:2,&quot;335559739&quot;:160,&quot;335559740&quot;:278}\">\u00a0<\/span><\/p>\n<p style=\"text-align: justify;\"><span data-contrast=\"none\">A liturgia do d\u00e9cimo segundo domingo comum convida-nos a mergulhar um pouco mais no mist\u00e9rio de Jesus. O objetivo n\u00e3o \u00e9 ampliarmos conhecimentos sobre uma figura hist\u00f3rica ou cunharmos f\u00f3rmulas abstratas de f\u00e9; mas \u00e9 \u201cacreditarmos\u201d em Jesus, tornarmo-nos disc\u00edpulos, caminharmos atr\u00e1s d\u2019Ele no caminho que leva \u00e0 vida verdadeira. N\u00f3s somos chamados a confessar Jesus como Cristo de Deus, fonte de amor e de vida, recordando-nos que todos os que fomos batizados em Cristo, dele nos revestimos.<\/span><span data-ccp-props=\"{&quot;201341983&quot;:0,&quot;335551550&quot;:6,&quot;335551620&quot;:6,&quot;335559731&quot;:708,&quot;335559739&quot;:160,&quot;335559740&quot;:278}\">\u00a0<\/span><\/p>\n<p style=\"text-align: justify;\"><span data-contrast=\"none\">No\u202fEvangelho \u2013 Lc 9,18-24 \u2013\u202fJesus confronta os disc\u00edpulos com uma quest\u00e3o decisiva: \u201cquem dizeis que Eu sou, que lugar ocupo eu no vosso projeto de vida?\u201d Depois, convida-os a ir com Ele at\u00e9 Jerusal\u00e9m, at\u00e9 \u00e0 cruz, at\u00e9 ao dom total da vida por amor. Jesus garante aos disc\u00edpulos que uma vida vivida em chave de amor, de servi\u00e7o, de entrega, de dom, n\u00e3o \u00e9 uma vida desperdi\u00e7ada; mas \u00e9 uma vida plenamente realizada. A mesma pergunta de Jesus para os seus disc\u00edpulos \u00e9 dirigida a cada um de n\u00f3s: jesus desafia seus seguidores a confessar quem \u00e9 ele. Diante da resposta de Pedro, o Mestre Jesus procura mostrar aos disc\u00edpulos que \u00e9 na cruz que se encontra a chave reveladora de seu minist\u00e9rio. Rejeitado, Cristo adverte que quem quiser se tornar seu disc\u00edpulo deve segui-lo no caminho da cruz.<\/span><span data-ccp-props=\"{&quot;201341983&quot;:0,&quot;335551550&quot;:6,&quot;335551620&quot;:6,&quot;335559731&quot;:708,&quot;335559739&quot;:160,&quot;335559740&quot;:278}\">\u00a0<\/span><\/p>\n<p style=\"text-align: justify;\"><span data-contrast=\"none\">Na\u202fprimeira leitura \u2013 Zc 12,10-11;13-1 \u2013\u202fo profeta Zacarias desafia os habitantes de Jerusal\u00e9m a olharem para um misterioso profeta \u201ctrespassado\u201d, cuja entrega se transformou em fonte de vida nova para os seus irm\u00e3os. Jo\u00e3o, o autor do Quarto Evangelho, identificar\u00e1 essa misteriosa figura prof\u00e9tica com o pr\u00f3prio Cristo. A leitura fala de algu\u00e9m \u201cferido de morte\u201d \u2013 talvez um profeta ou alguma outra lideran\u00e7a. Sua morte significa choro e lamento para o povo, mas tamb\u00e9m retomada, convers\u00e3o e volta para Deus.<\/span><span data-ccp-props=\"{&quot;201341983&quot;:0,&quot;335551550&quot;:6,&quot;335551620&quot;:6,&quot;335559731&quot;:708,&quot;335559739&quot;:160,&quot;335559740&quot;:278}\">\u00a0<\/span><\/p>\n<p style=\"text-align: justify;\"><span data-contrast=\"none\">Na\u202fsegunda leitura\u202fPaulo \u2013 Gl 3,26-29 \u2013 convida os crist\u00e3os das comunidades da Gal\u00e1cia a \u201crevestirem-se\u201d de Cristo. \u201cRevestir-se de Cristo\u201d \u00e9 fazer de Cristo a sua refer\u00eancia, viver em comunh\u00e3o com Ele, caminhar ao ritmo d\u2019Ele, abra\u00e7ar o projeto que Ele veio propor. Os que fazem essa op\u00e7\u00e3o entram numa grande fam\u00edlia de irm\u00e3os, iguais em dignidade e herdeiros da vida em plenitude. Todos n\u00f3s somos filhos e filhas de Deus pela f\u00e9 em Jesus Cristo. Portanto, j\u00e1 n\u00e3o h\u00e1 diferen\u00e7as entre as pessoas. Cabe-nos superar toda e qualquer discrimina\u00e7\u00e3o e preconceito.<\/span><span data-ccp-props=\"{&quot;201341983&quot;:0,&quot;335551550&quot;:6,&quot;335551620&quot;:6,&quot;335559731&quot;:708,&quot;335559739&quot;:160,&quot;335559740&quot;:278}\">\u00a0<\/span><\/p>\n<p style=\"text-align: justify;\"><span data-contrast=\"none\">Hoje a liturgia repete a pergunta: Quem \u00e9 Jesus para voc\u00ea? Pedro diz que Jesus \u00e9 o enviado de Deus, o Messias, o Esperado. Por isso, para seguir a Jesus n\u00f3s devemos deixar de lado os interesses pessoais mesquinhos e tomar a nossa cruz, que \u00e9 a cruz de Jesus. N\u00e3o o Jesus dos quadros, dos posteres ou daqueles escritos nos para-choques de carros e caminh\u00f5es que diz que: \u201cJesus: este nome tem poder\u201d. Isto \u00e9 pouco, \u00e9 insuficiente. A pergunta deve ser outra: \u201cQuem sou eu na vida de Jesus?<\/span><span data-ccp-props=\"{&quot;201341983&quot;:0,&quot;335551550&quot;:6,&quot;335551620&quot;:6,&quot;335559731&quot;:708,&quot;335559739&quot;:160,&quot;335559740&quot;:278}\">\u00a0<\/span><\/p>\n<p style=\"text-align: justify;\"><span data-contrast=\"none\">Ser de Jesus \u00e9 constru\u00eddo no cotidiano, no dia a dia da pr\u00f3pria vida fazendo o bem, distribuindo o perd\u00e3o, amando sem limites, inclusive os inimigos; trabalhando com dedica\u00e7\u00e3o e afinco pela dilata\u00e7\u00e3o do Reino de Deus no mundo. Por isso, a revela\u00e7\u00e3o da verdadeira identidade de Jesus n\u00e3o deve despertar em n\u00f3s \u2013 seus disc\u00edpulos \u2013 um esp\u00edrito de prepot\u00eancia, arrog\u00e2ncia ou superioridade. O Senhor Jesus nos ensina a sua verdadeira miss\u00e3o: de sofrimento, de rejei\u00e7\u00e3o, morte e ressurrei\u00e7\u00e3o. \u00c9 imposs\u00edvel alcan\u00e7ar uma vida plena e ressuscitada sem passar pelas dificuldades e desafios da miss\u00e3o.<\/span><span data-ccp-props=\"{&quot;201341983&quot;:0,&quot;335551550&quot;:6,&quot;335551620&quot;:6,&quot;335559731&quot;:708,&quot;335559739&quot;:160,&quot;335559740&quot;:278}\">\u00a0<\/span><\/p>\n<p style=\"text-align: justify;\">\n","protected":false},"excerpt":{"rendered":"<p>Dom Anuar Battisti Arcebispo Em\u00e9rito de Maring\u00e1 (PR)\u00a0 \u00a0 A liturgia do d\u00e9cimo segundo domingo comum convida-nos a mergulhar um pouco mais no mist\u00e9rio de Jesus. O objetivo n\u00e3o \u00e9 ampliarmos conhecimentos sobre uma figura hist\u00f3rica ou cunharmos f\u00f3rmulas abstratas de f\u00e9; mas \u00e9 \u201cacreditarmos\u201d em Jesus, tornarmo-nos disc\u00edpulos, caminharmos atr\u00e1s d\u2019Ele no caminho que &hellip;<\/p>\n<p class=\"read-more\"> <a class=\"\" href=\"https:\/\/www.cnbb.org.br\/revestir-nos-de-jesus\/\"> <span class=\"screen-reader-text\">Revestir nos de Jesus!\u00a0<\/span> Leia mais &raquo;<\/a><\/p>\n","protected":false},"author":41,"featured_media":0,"comment_status":"closed","ping_status":"closed","sticky":false,"template":"","format":"standard","meta":{"site-sidebar-layout":"default","site-content-layout":"default","ast-global-header-display":"","ast-banner-title-visibility":"","ast-main-header-display":"","ast-hfb-above-header-display":"","ast-hfb-below-header-display":"","ast-hfb-mobile-header-display":"","site-post-title":"","ast-breadcrumbs-content":"","ast-featured-img":"","footer-sml-layout":"","theme-transparent-header-meta":"default","adv-header-id-meta":"","stick-header-meta":"","header-above-stick-meta":"","header-main-stick-meta":"","header-below-stick-meta":""},"categories":[758],"tags":[],"acf":[],"_links":{"self":[{"href":"https:\/\/www.cnbb.org.br\/cnbb-app\/wp\/v2\/posts\/984785"}],"collection":[{"href":"https:\/\/www.cnbb.org.br\/cnbb-app\/wp\/v2\/posts"}],"about":[{"href":"https:\/\/www.cnbb.org.br\/cnbb-app\/wp\/v2\/types\/post"}],"author":[{"embeddable":true,"href":"https:\/\/www.cnbb.org.br\/cnbb-app\/wp\/v2\/users\/41"}],"replies":[{"embeddable":true,"href":"https:\/\/www.cnbb.org.br\/cnbb-app\/wp\/v2\/comments?post=984785"}],"version-history":[{"count":1,"href":"https:\/\/www.cnbb.org.br\/cnbb-app\/wp\/v2\/posts\/984785\/revisions"}],"predecessor-version":[{"id":984786,"href":"https:\/\/www.cnbb.org.br\/cnbb-app\/wp\/v2\/posts\/984785\/revisions\/984786"}],"wp:attachment":[{"href":"https:\/\/www.cnbb.org.br\/cnbb-app\/wp\/v2\/media?parent=984785"}],"wp:term":[{"taxonomy":"category","embeddable":true,"href":"https:\/\/www.cnbb.org.br\/cnbb-app\/wp\/v2\/categories?post=984785"},{"taxonomy":"post_tag","embeddable":true,"href":"https:\/\/www.cnbb.org.br\/cnbb-app\/wp\/v2\/tags?post=984785"}],"curies":[{"name":"wp","href":"https:\/\/api.w.org\/{rel}","templated":true}]}}