{"id":984790,"date":"2025-06-18T11:21:22","date_gmt":"2025-06-18T14:21:22","guid":{"rendered":"https:\/\/www.cnbb.org.br\/?p=984790"},"modified":"2025-06-18T11:22:15","modified_gmt":"2025-06-18T14:22:15","slug":"homilia-solenidade-de-corpus-christi","status":"publish","type":"post","link":"https:\/\/www.cnbb.org.br\/homilia-solenidade-de-corpus-christi\/","title":{"rendered":"Homilia \u2013 Solenidade de Corpus Christi\u00a0"},"content":{"rendered":"<p style=\"text-align: right;\"><b><span data-contrast=\"auto\">Dom Anuar Battisti<br \/>\nArcebispo Em\u00e9rito de Maring\u00e1 (PR)<\/p>\n<p><\/span><\/b><\/p>\n<p style=\"text-align: justify;\"><span data-contrast=\"auto\">Amados irm\u00e3os e irm\u00e3s,<\/span><span data-ccp-props=\"{&quot;201341983&quot;:0,&quot;335551550&quot;:6,&quot;335551620&quot;:6,&quot;335559731&quot;:709,&quot;335559739&quot;:160,&quot;335559740&quot;:278}\">\u00a0<\/span><\/p>\n<p style=\"text-align: justify;\"><span data-contrast=\"auto\">Hoje celebramos a Solenidade de Corpus Christi, o mist\u00e9rio sublime da presen\u00e7a real de Jesus Cristo na Eucaristia. E no Ano C da liturgia, a Palavra de Deus nos convida a compreender este mist\u00e9rio a partir de tr\u00eas dimens\u00f5es: sacrif\u00edcio, alimento e partilha.<\/span><span data-ccp-props=\"{&quot;201341983&quot;:0,&quot;335551550&quot;:6,&quot;335551620&quot;:6,&quot;335559731&quot;:709,&quot;335559739&quot;:160,&quot;335559740&quot;:278}\">\u00a0<\/span><\/p>\n<p style=\"text-align: justify;\"><span data-contrast=\"auto\">Na primeira leitura \u2013 Gn 14,18-20 \u2013, o misterioso rei-sacerdote Melquisedec oferece p\u00e3o e vinho a Abra\u00e3o. Esse gesto, t\u00e3o breve e simb\u00f3lico, ecoa fortemente no Novo Testamento. Melquisedec aparece como figura de Cristo, o verdadeiro Sacerdote Eterno, que na \u00daltima Ceia oferece o seu corpo e o seu sangue sob as esp\u00e9cies do p\u00e3o e do vinho. O salmo reafirma: <\/span><i><span data-contrast=\"auto\">\u201cTu \u00e9s sacerdote eternamente segundo a ordem de Melquisedec\u201d <\/span><\/i><span data-contrast=\"auto\">(Sl 109,4). Desde os prim\u00f3rdios, Deus j\u00e1 preparava, na hist\u00f3ria do povo, os sinais do que seria o dom da Eucaristia.<\/span><span data-ccp-props=\"{&quot;201341983&quot;:0,&quot;335551550&quot;:6,&quot;335551620&quot;:6,&quot;335559731&quot;:709,&quot;335559739&quot;:160,&quot;335559740&quot;:278}\">\u00a0<\/span><\/p>\n<p style=\"text-align: justify;\"><span data-contrast=\"auto\">A segunda leitura \u2013 1Cor 11,23-26 \u2013, da Primeira Carta aos Cor\u00edntios, nos remete ao momento mais sagrado da f\u00e9 crist\u00e3: <\/span><i><span data-contrast=\"auto\">\u201cIsto \u00e9 o meu corpo, que \u00e9 para v\u00f3s; fazei isto em mem\u00f3ria de mim\u201d<\/span><\/i><span data-contrast=\"auto\"> (1Cor 11,24). S\u00e3o Paulo nos recorda o que recebeu do pr\u00f3prio Senhor. A Eucaristia \u00e9 mem\u00f3ria viva, n\u00e3o de um evento passado, mas de um sacrif\u00edcio que se torna presente em cada celebra\u00e7\u00e3o. Cristo se doa, por amor, para nos unir a Ele.<\/span><span data-ccp-props=\"{&quot;201341983&quot;:0,&quot;335551550&quot;:6,&quot;335551620&quot;:6,&quot;335559731&quot;:709,&quot;335559739&quot;:160,&quot;335559740&quot;:278}\">\u00a0<\/span><\/p>\n<p style=\"text-align: justify;\"><span data-contrast=\"auto\">E o Evangelho de Lucas \u2013 Lc 9,11b-17 \u2013 nos apresenta a multiplica\u00e7\u00e3o dos p\u00e3es. Diante da multid\u00e3o faminta, os disc\u00edpulos prop\u00f5em despedir o povo, mas Jesus responde com firmeza: <\/span><i><span data-contrast=\"auto\">\u201cDai-lhes v\u00f3s mesmos de comer!\u201d<\/span><\/i><span data-contrast=\"auto\"> (Lc 9,13). Ele acolhe, ensina, cura&#8230; e alimenta. Toma os cinco p\u00e3es e dois peixes, ergue os olhos ao c\u00e9u, pronuncia a b\u00ean\u00e7\u00e3o, parte e distribui. Este gesto \u00e9 um claro an\u00fancio da Eucaristia. E \u00e9 tamb\u00e9m um chamado \u00e0 partilha, \u00e0 solidariedade. Jesus n\u00e3o apenas d\u00e1 o p\u00e3o: Ele se faz p\u00e3o.<\/span><span data-ccp-props=\"{&quot;201341983&quot;:0,&quot;335551550&quot;:6,&quot;335551620&quot;:6,&quot;335559731&quot;:709,&quot;335559739&quot;:160,&quot;335559740&quot;:278}\">\u00a0<\/span><\/p>\n<p style=\"text-align: justify;\"><span data-contrast=\"auto\">Queridos irm\u00e3os e irm\u00e3s, o que celebramos hoje?<\/span><span data-ccp-props=\"{&quot;201341983&quot;:0,&quot;335551550&quot;:6,&quot;335551620&quot;:6,&quot;335559731&quot;:709,&quot;335559739&quot;:160,&quot;335559740&quot;:278}\">\u00a0<\/span><\/p>\n<p style=\"text-align: justify;\"><span data-contrast=\"auto\">Celebramos a presen\u00e7a real de Jesus no Sant\u00edssimo Sacramento do altar. Ele est\u00e1 realmente ali: corpo, sangue, alma e divindade. N\u00e3o \u00e9 s\u00edmbolo, n\u00e3o \u00e9 representa\u00e7\u00e3o. \u00c9 o pr\u00f3prio Senhor que se d\u00e1 como alimento para a nossa vida espiritual, como sustento em nossas lutas, como companheiro nas estradas do mundo.<\/span><span data-ccp-props=\"{&quot;201341983&quot;:0,&quot;335551550&quot;:6,&quot;335551620&quot;:6,&quot;335559731&quot;:709,&quot;335559739&quot;:160,&quot;335559740&quot;:278}\">\u00a0<\/span><\/p>\n<p style=\"text-align: justify;\"><span data-contrast=\"auto\">Mas celebramos tamb\u00e9m a nossa voca\u00e7\u00e3o \u00e0 comunh\u00e3o e \u00e0 caridade. Quem se alimenta de Cristo na Eucaristia deve viver como Ele viveu: amando, servindo, partilhando, perdoando. A Eucaristia n\u00e3o \u00e9 um pr\u00eamio para os perfeitos, mas um rem\u00e9dio para os fracos, como dizia o Papa Francisco. E \u00e9, ao mesmo tempo, um compromisso de vida.<\/span><span data-ccp-props=\"{&quot;201341983&quot;:0,&quot;335551550&quot;:6,&quot;335551620&quot;:6,&quot;335559731&quot;:709,&quot;335559739&quot;:160,&quot;335559740&quot;:278}\">\u00a0<\/span><\/p>\n<p style=\"text-align: justify;\"><span data-contrast=\"auto\">Hoje, ao sairmos em prociss\u00e3o pelas ruas, levamos Cristo conosco. Mas, mais ainda, Cristo nos leva consigo: queremos ser sinal vis\u00edvel de um Deus que caminha com o seu povo. Queremos proclamar publicamente: <\/span><i><span data-contrast=\"auto\">\u201cJesus est\u00e1 no meio de n\u00f3s!\u201d<\/span><\/i><span data-ccp-props=\"{&quot;201341983&quot;:0,&quot;335551550&quot;:6,&quot;335551620&quot;:6,&quot;335559731&quot;:709,&quot;335559739&quot;:160,&quot;335559740&quot;:278}\">\u00a0<\/span><\/p>\n<p style=\"text-align: justify;\"><span data-contrast=\"auto\">Ao contemplar o P\u00e3o consagrado, dobramos os joelhos e abrimos o cora\u00e7\u00e3o. Como S\u00e3o Tom\u00e1s de Aquino escreveu no hino Adoro Te Devote: <\/span><i><span data-contrast=\"auto\">\u201cNa cruz se escondia a tua divindade, aqui se esconde tamb\u00e9m a tua humanidade. Eu, por\u00e9m, creio e confesso uma e outra coisa, e pe\u00e7o o que pediu o bom ladr\u00e3o: lembra-te de mim, Senhor.\u201d<\/span><\/i><span data-ccp-props=\"{&quot;201341983&quot;:0,&quot;335551550&quot;:6,&quot;335551620&quot;:6,&quot;335559731&quot;:709,&quot;335559739&quot;:160,&quot;335559740&quot;:278}\">\u00a0<\/span><\/p>\n<p style=\"text-align: justify;\"><span data-contrast=\"auto\">Que essa celebra\u00e7\u00e3o reavive em n\u00f3s o amor pela Eucaristia, a vontade de comungar com frequ\u00eancia e dignidade, e a disposi\u00e7\u00e3o de viver o que celebramos.<\/span><span data-ccp-props=\"{&quot;201341983&quot;:0,&quot;335551550&quot;:6,&quot;335551620&quot;:6,&quot;335559731&quot;:709,&quot;335559739&quot;:160,&quot;335559740&quot;:278}\">\u00a0<\/span><\/p>\n<p style=\"text-align: justify;\"><span data-contrast=\"auto\">Que o Senhor Eucar\u00edstico nos alimente com seu Corpo e nos transforme em seu Corpo vivo no mundo.<\/span><span data-ccp-props=\"{&quot;201341983&quot;:0,&quot;335551550&quot;:6,&quot;335551620&quot;:6,&quot;335559731&quot;:709,&quot;335559739&quot;:160,&quot;335559740&quot;:278}\">\u00a0<\/span><\/p>\n<p style=\"text-align: justify;\"><span data-contrast=\"auto\">Louvado seja o Sant\u00edssimo Sacramento do altar! Para sempre seja louvado! Am\u00e9m.<\/span><span data-ccp-props=\"{&quot;201341983&quot;:0,&quot;335551550&quot;:6,&quot;335551620&quot;:6,&quot;335559731&quot;:709,&quot;335559739&quot;:160,&quot;335559740&quot;:278}\">\u00a0<\/span><\/p>\n<p style=\"text-align: justify;\"><span data-ccp-props=\"{&quot;201341983&quot;:0,&quot;335559739&quot;:160,&quot;335559740&quot;:278}\">\u00a0<\/span><\/p>\n<p style=\"text-align: justify;\">\n","protected":false},"excerpt":{"rendered":"<p>Dom Anuar Battisti Arcebispo Em\u00e9rito de Maring\u00e1 (PR) Amados irm\u00e3os e irm\u00e3s,\u00a0 Hoje celebramos a Solenidade de Corpus Christi, o mist\u00e9rio sublime da presen\u00e7a real de Jesus Cristo na Eucaristia. E no Ano C da liturgia, a Palavra de Deus nos convida a compreender este mist\u00e9rio a partir de tr\u00eas dimens\u00f5es: sacrif\u00edcio, alimento e partilha.\u00a0 &hellip;<\/p>\n<p class=\"read-more\"> <a class=\"\" href=\"https:\/\/www.cnbb.org.br\/homilia-solenidade-de-corpus-christi\/\"> <span class=\"screen-reader-text\">Homilia \u2013 Solenidade de Corpus Christi\u00a0<\/span> Leia mais &raquo;<\/a><\/p>\n","protected":false},"author":41,"featured_media":0,"comment_status":"closed","ping_status":"closed","sticky":false,"template":"","format":"standard","meta":{"site-sidebar-layout":"default","site-content-layout":"default","ast-global-header-display":"","ast-banner-title-visibility":"","ast-main-header-display":"","ast-hfb-above-header-display":"","ast-hfb-below-header-display":"","ast-hfb-mobile-header-display":"","site-post-title":"","ast-breadcrumbs-content":"","ast-featured-img":"","footer-sml-layout":"","theme-transparent-header-meta":"default","adv-header-id-meta":"","stick-header-meta":"","header-above-stick-meta":"","header-main-stick-meta":"","header-below-stick-meta":""},"categories":[758],"tags":[],"acf":[],"_links":{"self":[{"href":"https:\/\/www.cnbb.org.br\/cnbb-app\/wp\/v2\/posts\/984790"}],"collection":[{"href":"https:\/\/www.cnbb.org.br\/cnbb-app\/wp\/v2\/posts"}],"about":[{"href":"https:\/\/www.cnbb.org.br\/cnbb-app\/wp\/v2\/types\/post"}],"author":[{"embeddable":true,"href":"https:\/\/www.cnbb.org.br\/cnbb-app\/wp\/v2\/users\/41"}],"replies":[{"embeddable":true,"href":"https:\/\/www.cnbb.org.br\/cnbb-app\/wp\/v2\/comments?post=984790"}],"version-history":[{"count":1,"href":"https:\/\/www.cnbb.org.br\/cnbb-app\/wp\/v2\/posts\/984790\/revisions"}],"predecessor-version":[{"id":984791,"href":"https:\/\/www.cnbb.org.br\/cnbb-app\/wp\/v2\/posts\/984790\/revisions\/984791"}],"wp:attachment":[{"href":"https:\/\/www.cnbb.org.br\/cnbb-app\/wp\/v2\/media?parent=984790"}],"wp:term":[{"taxonomy":"category","embeddable":true,"href":"https:\/\/www.cnbb.org.br\/cnbb-app\/wp\/v2\/categories?post=984790"},{"taxonomy":"post_tag","embeddable":true,"href":"https:\/\/www.cnbb.org.br\/cnbb-app\/wp\/v2\/tags?post=984790"}],"curies":[{"name":"wp","href":"https:\/\/api.w.org\/{rel}","templated":true}]}}