{"id":984876,"date":"2025-06-23T11:18:18","date_gmt":"2025-06-23T14:18:18","guid":{"rendered":"https:\/\/www.cnbb.org.br\/?p=984876"},"modified":"2025-06-23T11:19:13","modified_gmt":"2025-06-23T14:19:13","slug":"xii-domingo-do-tempo-comum-4","status":"publish","type":"post","link":"https:\/\/www.cnbb.org.br\/xii-domingo-do-tempo-comum-4\/","title":{"rendered":"XII Domingo do Tempo Comum\u00a0"},"content":{"rendered":"<p style=\"text-align: right;\"><b><span data-contrast=\"auto\">Cardeal Orani Jo\u00e3o Tempesta<\/span><\/b><span data-ccp-props=\"{&quot;201341983&quot;:0,&quot;335551550&quot;:3,&quot;335551620&quot;:3,&quot;335559731&quot;:708,&quot;335559739&quot;:160,&quot;335559740&quot;:278}\"><br \/>\n<\/span><b><span data-contrast=\"auto\">Arcebispo do Rio de Janeiro (RJ)<\/span><\/b><span data-ccp-props=\"{&quot;201341983&quot;:0,&quot;335551550&quot;:3,&quot;335551620&quot;:3,&quot;335559731&quot;:708,&quot;335559739&quot;:160,&quot;335559740&quot;:278}\">\u00a0<\/span><\/p>\n<p><span data-contrast=\"auto\"><\/p>\n<p>XII Domingo do Tempo Comum<\/span><span data-ccp-props=\"{&quot;201341983&quot;:0,&quot;335551550&quot;:2,&quot;335551620&quot;:2,&quot;335559739&quot;:160,&quot;335559740&quot;:278}\">\u00a0<\/span><\/p>\n<p><b><span data-contrast=\"auto\">Quem \u00e9 Jesus de Nazar\u00e9?<\/span><\/b><span data-ccp-props=\"{&quot;201341983&quot;:0,&quot;335551550&quot;:2,&quot;335551620&quot;:2,&quot;335559739&quot;:160,&quot;335559740&quot;:278}\">\u00a0<\/span><\/p>\n<p><span data-ccp-props=\"{&quot;201341983&quot;:0,&quot;335551550&quot;:6,&quot;335551620&quot;:6,&quot;335559739&quot;:160,&quot;335559740&quot;:278}\">\u00a0<\/span><\/p>\n<p style=\"text-align: justify;\"><span data-contrast=\"auto\">Estamos celebrando o XII Domingo do Tempo Comum. A Palavra que escutamos coloca-nos diante da quest\u00e3o fundamental de nossa f\u00e9: quem \u00e9 Jesus de Nazar\u00e9? Sejamos espertos; estejamos atentos a um detalhe important\u00edssimo: Jesus distingue a pergunta sobre a opini\u00e3o do mundo daquela outra, sobre a f\u00e9 dos disc\u00edpulos. \u201cQuem diz o povo que eu sou?\u201d E as opini\u00f5es s\u00e3o humanas e, portanto, incompletas, parciais, superficiais: \u201cUns dizem que \u00e9s Jo\u00e3o Batista; outros, que \u00e9s Elias; mas outros acham que \u00e9s algum dos antigos profetas que ressuscitou\u201d. Ainda hoje \u00e9 assim: o mundo n\u00e3o poder\u00e1 jamais compreender Jesus em sua profundidade e verdade \u00faltima.<\/span><span data-ccp-props=\"{&quot;201341983&quot;:0,&quot;335551550&quot;:6,&quot;335551620&quot;:6,&quot;335559731&quot;:708,&quot;335559739&quot;:160,&quot;335559740&quot;:278}\">\u00a0<\/span><\/p>\n<p style=\"text-align: justify;\"><span data-contrast=\"auto\">A primeira leitura \u2013 Zc 12,10-11; 13,1 \u2013 apresenta a profecia de Zacarias. Parece estranha nesta celebra\u00e7\u00e3o, mas a aparente estranheza serve de alerta para que busquemos o essencial nesse trecho. O texto come\u00e7a situando a a\u00e7\u00e3o deu Deus, que chega como promessa a um destinat\u00e1rio: \u201cDerramarei sobre a casa de Davi e sobre os habitantes de Jerusal\u00e9m um esp\u00edrito de gra\u00e7a e de ora\u00e7\u00e3o, e eles olhar\u00e3o para mim\u201d (12,10). Esse trecho est\u00e1 constru\u00eddo de modo que a \u201ca casa de Davi e os habitantes de Jerusal\u00e9m\u201d apare\u00e7am no in\u00edcio e no fim, em clara inclus\u00e3o. Para o profeta, a promessa da a\u00e7\u00e3o de Deus \u2013 entenda-se, o envio do Messias.<\/span><span data-ccp-props=\"{&quot;201341983&quot;:0,&quot;335551550&quot;:6,&quot;335551620&quot;:6,&quot;335559731&quot;:708,&quot;335559739&quot;:160,&quot;335559740&quot;:278}\">\u00a0<\/span><\/p>\n<p style=\"text-align: justify;\"><span data-contrast=\"auto\">A segunda leitura \u2013 Gl 3,26-29 \u2013 fala sobre a condi\u00e7\u00e3o daqueles que renunciaram a si mesmos e abra\u00e7aram a cruz de Cristo. A afirma\u00e7\u00e3o paulina \u00e9 clara: em Cristo, todos os batizados se tornam filhos e filhas de Deus. Por isso, as categorias com as quais as pessoas eram classificadas e, assim, separadas perdem todo o sentido.<\/span><span data-ccp-props=\"{&quot;201341983&quot;:0,&quot;335551550&quot;:6,&quot;335551620&quot;:6,&quot;335559731&quot;:708,&quot;335559739&quot;:160,&quot;335559740&quot;:278}\">\u00a0<\/span><\/p>\n<p style=\"text-align: justify;\"><span data-contrast=\"auto\">No Evangelho \u2013 Lc 9,18-24 \u2013 Jesus, pergunta aos disc\u00edpulos, pergunta a n\u00f3s: \u201cE v\u00f3s, quem dizeis que eu sou?\u201d A resposta de Pedro \u00e9 perfeita, \u00e9 completa: \u201cO Cristo de Deus\u201d. Esta resposta n\u00e3o veio da l\u00f3gica humana, da intelig\u00eancia ou da esperteza de Pedro. Jesus, pergunta aos disc\u00edpulos, pergunta a n\u00f3s: \u201cE v\u00f3s, quem dizeis que eu sou?\u201d A resposta de Pedro \u00e9 perfeita, \u00e9 completa: \u201cTu \u00e9s o Cristo, o Ungido, o Messias de Deus\u201d. Esta resposta n\u00e3o veio da l\u00f3gica humana, da intelig\u00eancia ou da esperteza de Pedro. A afirma\u00e7\u00e3o do Senhor \u00e9 clara, direta e grav\u00edssima: carne e sangue, isto \u00e9, a s\u00f3 intelig\u00eancia humana, n\u00e3o pode alcan\u00e7ar quem \u00e9 Jesus! Somente na revela\u00e7\u00e3o do Pai, isto \u00e9, somente na experi\u00eancia da f\u00e9 da Igreja, n\u00f3s podemos ter acesso ao mist\u00e9rio de Cristo, \u00e0 sua realidade profunda.<\/span><span data-ccp-props=\"{&quot;201341983&quot;:0,&quot;335551550&quot;:6,&quot;335551620&quot;:6,&quot;335559731&quot;:708,&quot;335559739&quot;:160,&quot;335559740&quot;:278}\">\u00a0<\/span><\/p>\n<p style=\"text-align: justify;\"><span data-contrast=\"auto\">N\u00e3o nos deve surpreender se o mundo tem dificuldade de crer realmente, de aceitar seriamente o Cristo e as exig\u00eancias do seu Evangelho! N\u00e3o devemos nos importar muito com o que as revistas e as ci\u00eancias (hist\u00f3ria, sociologia, antropologia&#8230;) dizem a respeito de Jesus. Elas n\u00e3o conseguem penetrar no n\u00facleo do seu mist\u00e9rio; ficam sempre no limiar, na soleira. Ent\u00e3o, \u00e9 na escuta fiel e devota da Palavra, na ora\u00e7\u00e3o pessoal, na vida da comunidade eclesial, no empenho sincero e sacrificado de viver o Evangelho com suas exig\u00eancias e, sobretudo, na celebra\u00e7\u00e3o dos santos mist\u00e9rios que podemos fazer uma experi\u00eancia aut\u00eantica de quem \u00e9 Jesus. N\u00e3o cremos simplesmente no Jesus que a ci\u00eancia ou a hist\u00f3ria podem apreender; cremos no Cristo crido, adorado, experimentado e anunciado pela Igreja, a partir do testemunho dos ap\u00f3stolos!<\/span><span data-ccp-props=\"{&quot;201341983&quot;:0,&quot;335551550&quot;:6,&quot;335551620&quot;:6,&quot;335559731&quot;:708,&quot;335559739&quot;:160,&quot;335559740&quot;:278}\">\u00a0<\/span><\/p>\n<p style=\"text-align: justify;\"><span data-contrast=\"auto\">O n\u00facleo do mist\u00e9rio de Cristo \u00e9 o mist\u00e9rio de sua cruz. Observe-se bem: assim que Pedro afirma que Jesus \u00e9 o Messias, ele precisa, esclarece que tipo de Messias ele \u00e9: &#8220;O Filho do homem deve sofrer muito, ser rejeitado&#8230; deve ser morto e ressuscitar ao terceiro dia\u201d. Somente na cruz o disc\u00edpulo pode reconhecer em profundidade o seu Senhor. Mas, a cruz n\u00e3o \u00e9 uma teoria; \u00e9 uma realidade em nossa vida e na vida do mundo: a cruz da solid\u00e3o, do fracasso, da doen\u00e7a, das l\u00e1grimas, da pobreza, da morte&#8230; Somente quando abra\u00e7amos na nossa cruz a cruz de Cristo, podemos, ent\u00e3o, compreend\u00ea-lo: \u201cSe algu\u00e9m me quer seguir, quer ser meu disc\u00edpulo, renuncie a si mesmo, tome sua cruz cada dia, e siga-me!\u201d Fora da cruz, fora do seguimento de Cristo at\u00e9 o fim, n\u00e3o h\u00e1 verdadeiro conhecimento do Senhor, n\u00e3o h\u00e1 a m\u00ednima possibilidade de uma verdadeira comunh\u00e3o com ele. S\u00e3o Paulo nos emociona, quando afirmou: \u201cO que era para mim lucro eu o tive como perda, por amor de Cristo. Mais ainda: tudo eu considero perda, pela excel\u00eancia do conhecimento de Cristo Jesus, meu Senhor.<\/span><span data-ccp-props=\"{&quot;201341983&quot;:0,&quot;335551550&quot;:6,&quot;335551620&quot;:6,&quot;335559731&quot;:708,&quot;335559739&quot;:160,&quot;335559740&quot;:278}\">\u00a0<\/span><\/p>\n<p style=\"text-align: justify;\"><span data-contrast=\"auto\">A cada dia em nossa vida devemos sempre ter a sensibilidade e o cora\u00e7\u00e3o aberto para professar a nossa f\u00e9 em Jesus Cristo. Ele que se encontra na Eucaristia e tamb\u00e9m naqueles que sofrem. Que nossa atitude seja de cada dia am\u00e1-lo e reconhec\u00ea-lo.<\/span><span data-ccp-props=\"{&quot;201341983&quot;:0,&quot;335551550&quot;:6,&quot;335551620&quot;:6,&quot;335559731&quot;:708,&quot;335559739&quot;:160,&quot;335559740&quot;:278}\">\u00a0<\/span><\/p>\n<p style=\"text-align: justify;\"><span data-ccp-props=\"{&quot;201341983&quot;:0,&quot;335551550&quot;:6,&quot;335551620&quot;:6,&quot;335559731&quot;:708,&quot;335559739&quot;:160,&quot;335559740&quot;:278}\">\u00a0<\/span><\/p>\n<p style=\"text-align: justify;\">\n<p><span data-ccp-props=\"{&quot;201341983&quot;:0,&quot;335559739&quot;:160,&quot;335559740&quot;:278}\">\u00a0<\/span><\/p>\n","protected":false},"excerpt":{"rendered":"<p>Cardeal Orani Jo\u00e3o Tempesta Arcebispo do Rio de Janeiro (RJ)\u00a0 XII Domingo do Tempo Comum\u00a0 Quem \u00e9 Jesus de Nazar\u00e9?\u00a0 \u00a0 Estamos celebrando o XII Domingo do Tempo Comum. A Palavra que escutamos coloca-nos diante da quest\u00e3o fundamental de nossa f\u00e9: quem \u00e9 Jesus de Nazar\u00e9? Sejamos espertos; estejamos atentos a um detalhe important\u00edssimo: Jesus &hellip;<\/p>\n<p class=\"read-more\"> <a class=\"\" href=\"https:\/\/www.cnbb.org.br\/xii-domingo-do-tempo-comum-4\/\"> <span class=\"screen-reader-text\">XII Domingo do Tempo Comum\u00a0<\/span> Leia mais &raquo;<\/a><\/p>\n","protected":false},"author":31,"featured_media":0,"comment_status":"closed","ping_status":"closed","sticky":false,"template":"","format":"standard","meta":{"site-sidebar-layout":"default","site-content-layout":"default","ast-global-header-display":"","ast-banner-title-visibility":"","ast-main-header-display":"","ast-hfb-above-header-display":"","ast-hfb-below-header-display":"","ast-hfb-mobile-header-display":"","site-post-title":"","ast-breadcrumbs-content":"","ast-featured-img":"","footer-sml-layout":"","theme-transparent-header-meta":"default","adv-header-id-meta":"","stick-header-meta":"","header-above-stick-meta":"","header-main-stick-meta":"","header-below-stick-meta":""},"categories":[758],"tags":[],"acf":[],"_links":{"self":[{"href":"https:\/\/www.cnbb.org.br\/cnbb-app\/wp\/v2\/posts\/984876"}],"collection":[{"href":"https:\/\/www.cnbb.org.br\/cnbb-app\/wp\/v2\/posts"}],"about":[{"href":"https:\/\/www.cnbb.org.br\/cnbb-app\/wp\/v2\/types\/post"}],"author":[{"embeddable":true,"href":"https:\/\/www.cnbb.org.br\/cnbb-app\/wp\/v2\/users\/31"}],"replies":[{"embeddable":true,"href":"https:\/\/www.cnbb.org.br\/cnbb-app\/wp\/v2\/comments?post=984876"}],"version-history":[{"count":1,"href":"https:\/\/www.cnbb.org.br\/cnbb-app\/wp\/v2\/posts\/984876\/revisions"}],"predecessor-version":[{"id":984877,"href":"https:\/\/www.cnbb.org.br\/cnbb-app\/wp\/v2\/posts\/984876\/revisions\/984877"}],"wp:attachment":[{"href":"https:\/\/www.cnbb.org.br\/cnbb-app\/wp\/v2\/media?parent=984876"}],"wp:term":[{"taxonomy":"category","embeddable":true,"href":"https:\/\/www.cnbb.org.br\/cnbb-app\/wp\/v2\/categories?post=984876"},{"taxonomy":"post_tag","embeddable":true,"href":"https:\/\/www.cnbb.org.br\/cnbb-app\/wp\/v2\/tags?post=984876"}],"curies":[{"name":"wp","href":"https:\/\/api.w.org\/{rel}","templated":true}]}}