{"id":984941,"date":"2025-06-24T12:59:26","date_gmt":"2025-06-24T15:59:26","guid":{"rendered":"https:\/\/www.cnbb.org.br\/?p=984941"},"modified":"2025-06-24T12:59:49","modified_gmt":"2025-06-24T15:59:49","slug":"conversao-ecologica-para-cuidar-da-vida-e-da-criacao","status":"publish","type":"post","link":"https:\/\/www.cnbb.org.br\/conversao-ecologica-para-cuidar-da-vida-e-da-criacao\/","title":{"rendered":"Convers\u00e3o ecol\u00f3gica: para cuidar da vida e da cria\u00e7\u00e3o"},"content":{"rendered":"<p style=\"text-align: right;\"><strong>Dom Jo\u00e3o Justino de Medeiros Silva<br \/>\n<\/strong><span style=\"font-weight: 400;\"><strong>Arcebispo de Goi\u00e2nia (GO)<\/strong>\u00a0<\/span><\/p>\n<p>&nbsp;<\/p>\n<p>&nbsp;<\/p>\n<p style=\"text-align: justify;\"><span style=\"font-weight: 400;\">A primeira miss\u00e3o confiada por Deus \u00e0 humanidade foi a de cultivar e guardar a Cria\u00e7\u00e3o (cf. Gn 2,15). As Escrituras falam do Senhor Deus que cria um jardim como casa para a humanidade, onde Deus e humanos passeariam juntos. No entanto, essa conviv\u00eancia harm\u00f4nica foi rompida pelo pecado. Apesar disso, Deus n\u00e3o desistiu da humanidade. Ele a acompanha e a exorta \u00e0 convers\u00e3o. Faz isso com tal amor que enviou seu pr\u00f3prio Filho para a nossa reden\u00e7\u00e3o. E ressuscitou seu Filho dos mortos submetendo a Ele toda a Cria\u00e7\u00e3o (cf. Ef 1,10).<\/span><\/p>\n<p style=\"text-align: justify;\"><span style=\"font-weight: 400;\">Como Igreja peregrina, vivemos entre um jardim e outro: aquele de onde fomos expulsos pelo pecado, e aquele para onde caminhamos ao encontro do Senhor. Somos chamados \u00e0 responsabilidade. N\u00e3o podemos mais continuar respondendo \u00e0 pergunta de Deus feita a Caim \u2013 \u201cOnde est\u00e1 teu irm\u00e3o?\u201d (Gn 4,9), como se n\u00e3o tiv\u00e9ssemos nada a ver com o fato de que a terra est\u00e1 sendo devastada.\u00a0<\/span><\/p>\n<p style=\"text-align: justify;\"><span style=\"font-weight: 400;\">Quando o anjo que subia do Oriente gritou aos anjos destruidores: \u201cN\u00e3o danifiquem a terra, o mar e as \u00e1rvores\u201d (Ap 7,3), ele gritava a todos os respons\u00e1veis pela destrui\u00e7\u00e3o. Somos respons\u00e1veis pelo envenenamento dos Yanomami em Roraima quando compramos ouro minerado ilegalmente l\u00e1. Somos respons\u00e1veis quando elegemos e apoiamos representantes p\u00fablicos que n\u00e3o respeitam os acordos internacionais de mitiga\u00e7\u00e3o do aquecimento global.<\/span><\/p>\n<p style=\"text-align: justify;\"><span style=\"font-weight: 400;\">A Igreja neste pa\u00eds n\u00e3o se furta da tarefa de defender os biomas brasileiros, especialmente a Amaz\u00f4nia. Assim, justificam-se as v\u00e1rias Campanhas da Fraternidade dedicadas aos temas ecol\u00f3gicos. Registre-se que a CNBB conseguiu que o Congresso Nacional aprovasse, em 2022, a lei n. 14.393 que disp\u00f5e sobre a Pol\u00edtica Nacional de Educa\u00e7\u00e3o Ambiental, para instituir a Campanha Junho Verde.\u00a0<\/span><\/p>\n<p style=\"text-align: justify;\"><span style=\"font-weight: 400;\">Estudos mais recentes comprovam que a Amaz\u00f4nia n\u00e3o \u00e9 uma floresta intocada pela humanidade; ao contr\u00e1rio, ela tem sido plantada e cultivada pelos povos ind\u00edgenas (Levis, 2017), que aprenderam a conviver com seus ritmos, h\u00e1 pelo menos 12 mil anos. Esses povos cumpriram o mandato de Deus de guardar a Cria\u00e7\u00e3o. Por\u00e9m, a expropria\u00e7\u00e3o de suas terras em vistas do latif\u00fandio, da monocultura, do agroneg\u00f3cio ou da minera\u00e7\u00e3o fomenta o desmatamento e as queimadas na Amaz\u00f4nia.<\/span><\/p>\n<p style=\"text-align: justify;\"><span style=\"font-weight: 400;\">H\u00e1 quem n\u00e3o compreenda a rela\u00e7\u00e3o entre a convers\u00e3o ecol\u00f3gica e a f\u00e9 crist\u00e3. O Papa Francisco, na Laudato Si&#8217;, 217, citando Bento XVI, reafirma que a expans\u00e3o dos desertos exteriores est\u00e1 intimamente ligada ao crescimento dos desertos interiores. A convers\u00e3o ecol\u00f3gica \u00e9 consequ\u00eancia do verdadeiro encontro com Jesus. Ele veio para que todos tiv\u00e9ssemos vida em abund\u00e2ncia (cf. Jo 10,10). Por isso, essa convers\u00e3o precisa se dar em v\u00e1rios n\u00edveis simultaneamente: desde o pessoal at\u00e9 o comunit\u00e1rio e o global. Porque n\u00e3o existe uma \u00fanica resposta como solu\u00e7\u00e3o, visto que n\u00e3o h\u00e1 duas crises separadas, mas, \u201cuma \u00fanica e complexa crise socioambiental\u201d (LS, 139).<\/span><\/p>\n<p style=\"text-align: justify;\"><span style=\"font-weight: 400;\">Estejamos atentos aos sinais dos tempos, aos apelos de Deus, da Igreja e da pr\u00f3pria Cria\u00e7\u00e3o. Tais sinais nos ajudam a tirar as escamas dos nossos olhos e a propor e acompanhar a elabora\u00e7\u00e3o de pol\u00edticas p\u00fablicas como a Campanha Junho Verde. \u00c9 urgente que sejamos mais educados e formados na f\u00e9 como guardi\u00f5es da Cria\u00e7\u00e3o, correspons\u00e1veis pela vida dos irm\u00e3os e irm\u00e3s mais marginalizados, na tentativa de que a vida n\u00e3o continue sendo devastada pelos cataclismos que t\u00eam se tornado t\u00e3o comuns nos \u00faltimos anos. Lembremo-nos de que tudo est\u00e1 interligado. E tudo depende da nossa convers\u00e3o.\u00a0<\/span><\/p>\n<p style=\"text-align: justify;\"><span style=\"font-weight: 400;\">Refer\u00eancias<\/span><\/p>\n<p style=\"text-align: justify;\"><span style=\"font-weight: 400;\">LEVIS, C. <\/span><i><span style=\"font-weight: 400;\">et al<\/span><\/i><span style=\"font-weight: 400;\">. <\/span><a href=\"http:\/\/science.sciencemag.org\/content\/355\/6328\/925\" target=\"_blank\" rel=\"noopener\"><span style=\"font-weight: 400;\">Persistent effects of pre-Columbian plant domestication on Amazonian forest composition<\/span><\/a><span style=\"font-weight: 400;\">. <\/span><b>Science<\/b><span style=\"font-weight: 400;\">. v. 355, n. 6328, p. 925-31. 3 mar. 2017.<\/span><\/p>\n","protected":false},"excerpt":{"rendered":"<p>Dom Jo\u00e3o Justino de Medeiros Silva Arcebispo de Goi\u00e2nia (GO)\u00a0 &nbsp; &nbsp; A primeira miss\u00e3o confiada por Deus \u00e0 humanidade foi a de cultivar e guardar a Cria\u00e7\u00e3o (cf. Gn 2,15). As Escrituras falam do Senhor Deus que cria um jardim como casa para a humanidade, onde Deus e humanos passeariam juntos. No entanto, essa &hellip;<\/p>\n<p class=\"read-more\"> <a class=\"\" href=\"https:\/\/www.cnbb.org.br\/conversao-ecologica-para-cuidar-da-vida-e-da-criacao\/\"> <span class=\"screen-reader-text\">Convers\u00e3o ecol\u00f3gica: para cuidar da vida e da cria\u00e7\u00e3o<\/span> Leia mais &raquo;<\/a><\/p>\n","protected":false},"author":64,"featured_media":0,"comment_status":"closed","ping_status":"closed","sticky":false,"template":"","format":"standard","meta":{"site-sidebar-layout":"default","site-content-layout":"default","ast-global-header-display":"","ast-banner-title-visibility":"","ast-main-header-display":"","ast-hfb-above-header-display":"","ast-hfb-below-header-display":"","ast-hfb-mobile-header-display":"","site-post-title":"","ast-breadcrumbs-content":"","ast-featured-img":"","footer-sml-layout":"","theme-transparent-header-meta":"default","adv-header-id-meta":"","stick-header-meta":"","header-above-stick-meta":"","header-main-stick-meta":"","header-below-stick-meta":""},"categories":[758,1837],"tags":[],"acf":[],"_links":{"self":[{"href":"https:\/\/www.cnbb.org.br\/cnbb-app\/wp\/v2\/posts\/984941"}],"collection":[{"href":"https:\/\/www.cnbb.org.br\/cnbb-app\/wp\/v2\/posts"}],"about":[{"href":"https:\/\/www.cnbb.org.br\/cnbb-app\/wp\/v2\/types\/post"}],"author":[{"embeddable":true,"href":"https:\/\/www.cnbb.org.br\/cnbb-app\/wp\/v2\/users\/64"}],"replies":[{"embeddable":true,"href":"https:\/\/www.cnbb.org.br\/cnbb-app\/wp\/v2\/comments?post=984941"}],"version-history":[{"count":3,"href":"https:\/\/www.cnbb.org.br\/cnbb-app\/wp\/v2\/posts\/984941\/revisions"}],"predecessor-version":[{"id":984944,"href":"https:\/\/www.cnbb.org.br\/cnbb-app\/wp\/v2\/posts\/984941\/revisions\/984944"}],"wp:attachment":[{"href":"https:\/\/www.cnbb.org.br\/cnbb-app\/wp\/v2\/media?parent=984941"}],"wp:term":[{"taxonomy":"category","embeddable":true,"href":"https:\/\/www.cnbb.org.br\/cnbb-app\/wp\/v2\/categories?post=984941"},{"taxonomy":"post_tag","embeddable":true,"href":"https:\/\/www.cnbb.org.br\/cnbb-app\/wp\/v2\/tags?post=984941"}],"curies":[{"name":"wp","href":"https:\/\/api.w.org\/{rel}","templated":true}]}}