{"id":985266,"date":"2025-06-30T10:21:25","date_gmt":"2025-06-30T13:21:25","guid":{"rendered":"https:\/\/www.cnbb.org.br\/?p=985266"},"modified":"2025-06-30T10:21:25","modified_gmt":"2025-06-30T13:21:25","slug":"conselho-permanente-1-a-3-julho","status":"publish","type":"post","link":"https:\/\/www.cnbb.org.br\/conselho-permanente-1-a-3-julho\/","title":{"rendered":"Bispos de todos os Regionais da CNBB participam Conselho Permanente da Confer\u00eancia, de 1\u00ba a 3 de julho, em Bras\u00edlia"},"content":{"rendered":"<p>A sede da Confer\u00eancia Nacional dos Bispos do Brasil (CNBB) recebe, de 1\u00ba a 3 de julho, a reuni\u00e3o do Conselho Permanente, a segunda deste ano. Participam os membros da Presid\u00eancia da CNBB, os presidentes das Comiss\u00f5es Episcopais e representantes dos 19 Regionais da entidade. Na pauta, diversos assuntos relacionados \u00e0 miss\u00e3o da Igreja.<\/p>\n<p>No in\u00edcio do encontro, na manh\u00e3 de ter\u00e7a-feira, o n\u00fancio apost\u00f3lico no Brasil, dom Giambattista Diquattro, vai dirigir uma palavra aos bispos presentes. O encontro seguir\u00e1 com as apresenta\u00e7\u00f5es das an\u00e1lises de conjuntura social e eclesial.<\/p>\n<p>Os bispos tamb\u00e9m v\u00e3o partilhar sobre a 40\u00aa Assembleia Geral do Conselho Episcopal Latino Americano e Caribenho (Celam), realizada no \u00faltimo m\u00eas no Rio de Janeiro, com a celebra\u00e7\u00e3o dos 70 anos do organismo continental.<\/p>\n<p>As Diretrizes Gerais da A\u00e7\u00e3o Evangelizadora; as Campanhas da Fraternidade e da Evangeliza\u00e7\u00e3o; a participa\u00e7\u00e3o da Igreja na Confer\u00eancia do Clima, a COP 30; e o Congresso Eucar\u00edstico Nacional ser\u00e3o outros temas a serem tratados pelos bispos. Os regionais e comiss\u00f5es ter\u00e3o espa\u00e7o para partilhar comunica\u00e7\u00f5es e informes.<\/p>\n<p>O Conselho Permanente tamb\u00e9m vai abordar temas ligados \u00e0 sua miss\u00e3o de <span style=\"font-size: 16px;\">orientar e acompanhar a atua\u00e7\u00e3o dos organismos vinculados \u00e0 Confer\u00eancia Episcopal.<\/span><\/p>\n<p>&nbsp;<\/p>\n<pre><span style=\"font-size: 16px;\">Luiz Lopes Jr\u00a0<\/span><\/pre>\n","protected":false},"excerpt":{"rendered":"<p>A sede da Confer\u00eancia Nacional dos Bispos do Brasil (CNBB) recebe, de 1\u00ba a 3 de julho, a reuni\u00e3o do Conselho Permanente, a segunda deste ano. Participam os membros da Presid\u00eancia da CNBB, os presidentes das Comiss\u00f5es Episcopais e representantes dos 19 Regionais da entidade. Na pauta, diversos assuntos relacionados \u00e0 miss\u00e3o da Igreja. No &hellip;<\/p>\n<p class=\"read-more\"> <a class=\"\" href=\"https:\/\/www.cnbb.org.br\/conselho-permanente-1-a-3-julho\/\"> <span class=\"screen-reader-text\">Bispos de todos os Regionais da CNBB participam Conselho Permanente da Confer\u00eancia, de 1\u00ba a 3 de julho, em Bras\u00edlia<\/span> Leia mais &raquo;<\/a><\/p>\n","protected":false},"author":38,"featured_media":973963,"comment_status":"closed","ping_status":"closed","sticky":false,"template":"","format":"standard","meta":{"site-sidebar-layout":"default","site-content-layout":"default","ast-global-header-display":"","ast-banner-title-visibility":"","ast-main-header-display":"","ast-hfb-above-header-display":"","ast-hfb-below-header-display":"","ast-hfb-mobile-header-display":"","site-post-title":"","ast-breadcrumbs-content":"","ast-featured-img":"","footer-sml-layout":"","theme-transparent-header-meta":"default","adv-header-id-meta":"","stick-header-meta":"","header-above-stick-meta":"","header-main-stick-meta":"","header-below-stick-meta":""},"categories":[834,1840],"tags":[3053],"acf":[],"_links":{"self":[{"href":"https:\/\/www.cnbb.org.br\/cnbb-app\/wp\/v2\/posts\/985266"}],"collection":[{"href":"https:\/\/www.cnbb.org.br\/cnbb-app\/wp\/v2\/posts"}],"about":[{"href":"https:\/\/www.cnbb.org.br\/cnbb-app\/wp\/v2\/types\/post"}],"author":[{"embeddable":true,"href":"https:\/\/www.cnbb.org.br\/cnbb-app\/wp\/v2\/users\/38"}],"replies":[{"embeddable":true,"href":"https:\/\/www.cnbb.org.br\/cnbb-app\/wp\/v2\/comments?post=985266"}],"version-history":[{"count":1,"href":"https:\/\/www.cnbb.org.br\/cnbb-app\/wp\/v2\/posts\/985266\/revisions"}],"predecessor-version":[{"id":985267,"href":"https:\/\/www.cnbb.org.br\/cnbb-app\/wp\/v2\/posts\/985266\/revisions\/985267"}],"wp:featuredmedia":[{"embeddable":true,"href":"https:\/\/www.cnbb.org.br\/cnbb-app\/wp\/v2\/media\/973963"}],"wp:attachment":[{"href":"https:\/\/www.cnbb.org.br\/cnbb-app\/wp\/v2\/media?parent=985266"}],"wp:term":[{"taxonomy":"category","embeddable":true,"href":"https:\/\/www.cnbb.org.br\/cnbb-app\/wp\/v2\/categories?post=985266"},{"taxonomy":"post_tag","embeddable":true,"href":"https:\/\/www.cnbb.org.br\/cnbb-app\/wp\/v2\/tags?post=985266"}],"curies":[{"name":"wp","href":"https:\/\/api.w.org\/{rel}","templated":true}]}}