{"id":985398,"date":"2025-07-01T11:00:33","date_gmt":"2025-07-01T14:00:33","guid":{"rendered":"https:\/\/www.cnbb.org.br\/?p=985398"},"modified":"2025-07-04T14:37:49","modified_gmt":"2025-07-04T17:37:49","slug":"membros-do-conselho-permanente-apreciam-e-dao-encaminhamentos-a-diversos-temas-nas-duas-sessoes-da-tarde-de-terca-feira-1o-7","status":"publish","type":"post","link":"https:\/\/www.cnbb.org.br\/membros-do-conselho-permanente-apreciam-e-dao-encaminhamentos-a-diversos-temas-nas-duas-sessoes-da-tarde-de-terca-feira-1o-7\/","title":{"rendered":"Membros do Conselho Permanente apreciam e d\u00e3o encaminhamentos a diversos temas nas duas sess\u00f5es da tarde de ter\u00e7a-feira, 1\u00ba\/7"},"content":{"rendered":"<p style=\"text-align: justify;\">Durante as duas sess\u00f5es da tarde da ter\u00e7a-feira, 1\u00ba de julho, os membros do Conselho Permanente da Confer\u00eancia Nacional dos Bispos do Brasil (CNBB) apreciaram uma s\u00e9rie de temas, com destaque para acolhida, ap\u00f3s sugest\u00f5es e acr\u00e9scimos, para tr\u00eas estatutos de organismos da Igreja no Brasil que mant\u00e9m diferentes rela\u00e7\u00f5es com a Confer\u00eancia. Segue, abaixo, uma s\u00edntese dos assuntos tratados e das quest\u00f5es encaminhadas.<\/p>\n<p style=\"text-align: justify;\"><strong>Documento de Estudo da CNBB n\u00ba 116<br \/>\n<\/strong>O Grupo de Trabalho, coordenado por dom Dimas Lara Barbosa, composto para a revis\u00e3o do documento de estudo n\u00ba 116 que trata sobre o Ensino religioso apresentou o resultado da revis\u00e3o do texto desencadeada desde a sua cria\u00e7\u00e3o em 2020 e intensificada ap\u00f3s a sua publica\u00e7\u00e3o em 2023. Apos um amplo processo de escuta \u00e0s dioceses e escolas e a realiza\u00e7\u00e3o de 30 reuni\u00f5es do GT, o documento encontra-se em sua sexta vers\u00e3o. O GT prop\u00f4s apresentar e aprovar o documento na pr\u00f3xima assembleia, o que foi acolhido pelo Conselho Permanente.<\/p>\n<p style=\"text-align: justify;\"><strong>19\u00ba Congresso Eucar\u00edstico Nacional de Goi\u00e2nia<br \/>\n<\/strong>Dom Jo\u00e3o Justino apresentou o processo de organiza\u00e7\u00e3o do 19\u00ba Congresso Eucar\u00edstico Nacional de Goi\u00e2nia, a identidade visual e a mobiliza\u00e7\u00e3o do regional Centro Oeste e da pr\u00f3pria arquidiocese em vista do encontro. O processo teve in\u00edcio, segundo ele, em 2022, quando a capital de Goi\u00e1s se apresentou como anfitri\u00e3\u00a0 do 19\u00ba Congresso, proposta que foi aprovada na Assembleia dos Bispos, em Aparecida (SP). Em 2026, os organizadores v\u00e3o iniciar o processo de inscri\u00e7\u00e3o. O cartaz e o material ser\u00e1 apresentado na pr\u00f3xima assembleia da CNBB. Eles esperam a defini\u00e7\u00e3o na pr\u00f3xima assembleia da CNBB de 2026 a data da coleta nacional para apoiar a realiza\u00e7\u00e3o do Congresso Eucar\u00edstico.<\/p>\n<p style=\"text-align: justify;\"><strong>Pr\u00e9-COPs<\/strong><br \/>\nPadre D\u00e1rio Bossi, assessor da Comiss\u00e3o Sociotransformadora, apresentou a agenda das pr\u00f3ximas pr\u00e9-cops: O Pr\u00e9-COP Norte, foi o primeira realizada em Bel\u00e9m, reunindo o povo do Norte do pa\u00eds, dias 25 e 26 de mar\u00e7o. A Pr\u00e9-COP Nordeste acontecer\u00e1 nos dias 11 e 12 de julho em Juazeiro (BA), seguido da Pr\u00e9-COP Sul de 18 a 20 de julho, em Governador Celso Ramos (SC), Pr\u00e9-COP Leste de 25 a 27 de julho, em Belo Horizonte (MG), finalizando com a Pr\u00e9-COP Centro-Oeste no dia 6 de agosto em Bonito (MS). Tamb\u00e9m apresentou os materiais e subs\u00eddios preparat\u00f3rios que podem ser usados pelas dioceses.\u00a0A 30\u00aa Confer\u00eancia das Na\u00e7\u00f5es Unidas sobre as Mudan\u00e7as Clim\u00e1ticas de 2025, tamb\u00e9m chamada de COP30, acontecer\u00e1 na capital paraense no per\u00edodo de 10 a 21 de novembro.<\/p>\n<p style=\"text-align: justify;\">O presidente da Comiss\u00e3o Especial para Ecologia Integral e Minera\u00e7\u00e3o da CNBB, dom Vicente de Paula Ferreira, apresentou uma s\u00edntese de como est\u00e1 organizado o documento entregue ao Papa Le\u00e3o XIV e apresentado em coletiva de imprensa no dia 1\u00ba de julho, \u00e0s 10h30, organizada pela ASCOM da CNBB. O t\u00edtulo do documento \u00e9 &#8220;Um chamado por justi\u00e7a clim\u00e1tica e a Casa Comum: convers\u00e3o ecol\u00f3gica, transforma\u00e7\u00e3o e resist\u00eancia \u00e0s falsas solu\u00e7\u00f5es\u201d.<\/p>\n<p style=\"text-align: justify;\"><strong>Estatuto da Comiss\u00e3o Nacional dos Di\u00e1conos Permanentes do Brasil<br \/>\n<\/strong>O assessor can\u00f4nico da CNBB, frei Alexsandro Rufino, apresentou o Estatuto da Comiss\u00e3o Nacional dos Di\u00e1conos Permanentes do Brasil para aprova\u00e7\u00e3o do Conselho Permanente da CNBB. O di\u00e1cono Jos\u00e9 Oliveira Cavalcante, presidente da Comiss\u00e3o Nacional dos Di\u00e1conos (CND), agradeceu \u00e0 CNBB por colocar o texto em aprova\u00e7\u00e3o pelos membros do Conselho Permanente logo ap\u00f3s sua revis\u00e3o. O texto tamb\u00e9m passou pela revis\u00e3o da Comiss\u00e3o Episcopal para os Minist\u00e9rios Ordenados e a Vida Consagrada. Membros do Conselho Permanente apresentaram quest\u00f5es que foram consideradas em nova reda\u00e7\u00e3o proposta e aprovada pelo Conselho.<\/p>\n<p style=\"text-align: justify;\"><strong>Estatuto da Comiss\u00e3o Brasileira de Justi\u00e7a e Paz<\/strong><br \/>\nDa mesma forma, o assessor can\u00f4nico da CNBB apresentou a nova proposta do Estatuto da Comiss\u00e3o Brasileira de Justi\u00e7a e Paz (CBJP). O secret\u00e1rio-executivo da CBJP, Daniel Seidel,\u00a0 falou sobre o processo\u00a0 de di\u00e1logo feito de reda\u00e7\u00e3o do novo Estatuto e disse que a CBJP acolhe as mudan\u00e7as sugeridas pela CNBB. O texto passou por revis\u00f5es propostas por membros do Conselho Permanente e foi acolhido pelo colegiado ap\u00f3s as considera\u00e7\u00f5es da plen\u00e1ria.<\/p>\n<p style=\"text-align: justify;\"><strong>Estatuto das Edi\u00e7\u00f5es CNBB<br \/>\n<\/strong>A nova proposta de reda\u00e7\u00e3o do Estatuto das Edi\u00e7\u00f5es CNBB, a partir de sugest\u00f5es da CNBB, foi apresentada pelo diretor geral das Edi\u00e7\u00f5es CNBB, monsenhor Jamil Alves de Souza. Da mesma forma, os membros do Conselho Permanente pediram revis\u00f5es e sugest\u00f5es na proposta. A nova reda\u00e7\u00e3o, a partir das sugest\u00f5es apresentadas,\u00a0 ser\u00e1 apreciada pelo Conselho Permanente at\u00e9 o fim da reuni\u00e3o.<\/p>\n<p style=\"text-align: justify;\">A reuni\u00e3o seguiu com os informes dos regionais da CNBB: Norte 1, Norte 2, Norte 3, Noroeste, Sul 1, Sul 2.\u00a0 A reuni\u00e3o foi encerrada e \u00e0s 19h os bispos se encontram na capela Nossa Senhora Aparecida para celebra\u00e7\u00e3o da Eucaristia.<\/p>\n<pre>Por Willian Bonfim<\/pre>\n<p>&nbsp;<\/p>\n","protected":false},"excerpt":{"rendered":"<p>Durante as duas sess\u00f5es da tarde da ter\u00e7a-feira, 1\u00ba de julho, os membros do CNBB apreciaram uma s\u00e9rie de temas, com destaque para acolhida, ap\u00f3s sugest\u00f5es e acr\u00e9scimos, para tr\u00eas estatutos de organismos da Igreja no Brasil que mant\u00e9m diferentes rela\u00e7\u00f5es com a Confer\u00eancia. Os regionais tamb\u00e9m apresentaram informes sobre os processos em curso em casa regi\u00e3o <\/p>\n","protected":false},"author":142,"featured_media":985443,"comment_status":"closed","ping_status":"closed","sticky":false,"template":"","format":"standard","meta":{"site-sidebar-layout":"default","site-content-layout":"default","ast-global-header-display":"","ast-banner-title-visibility":"","ast-main-header-display":"","ast-hfb-above-header-display":"","ast-hfb-below-header-display":"","ast-hfb-mobile-header-display":"","site-post-title":"","ast-breadcrumbs-content":"","ast-featured-img":"","footer-sml-layout":"","theme-transparent-header-meta":"default","adv-header-id-meta":"","stick-header-meta":"","header-above-stick-meta":"","header-main-stick-meta":"","header-below-stick-meta":""},"categories":[834,50],"tags":[3053],"acf":[],"_links":{"self":[{"href":"https:\/\/www.cnbb.org.br\/cnbb-app\/wp\/v2\/posts\/985398"}],"collection":[{"href":"https:\/\/www.cnbb.org.br\/cnbb-app\/wp\/v2\/posts"}],"about":[{"href":"https:\/\/www.cnbb.org.br\/cnbb-app\/wp\/v2\/types\/post"}],"author":[{"embeddable":true,"href":"https:\/\/www.cnbb.org.br\/cnbb-app\/wp\/v2\/users\/142"}],"replies":[{"embeddable":true,"href":"https:\/\/www.cnbb.org.br\/cnbb-app\/wp\/v2\/comments?post=985398"}],"version-history":[{"count":11,"href":"https:\/\/www.cnbb.org.br\/cnbb-app\/wp\/v2\/posts\/985398\/revisions"}],"predecessor-version":[{"id":985451,"href":"https:\/\/www.cnbb.org.br\/cnbb-app\/wp\/v2\/posts\/985398\/revisions\/985451"}],"wp:featuredmedia":[{"embeddable":true,"href":"https:\/\/www.cnbb.org.br\/cnbb-app\/wp\/v2\/media\/985443"}],"wp:attachment":[{"href":"https:\/\/www.cnbb.org.br\/cnbb-app\/wp\/v2\/media?parent=985398"}],"wp:term":[{"taxonomy":"category","embeddable":true,"href":"https:\/\/www.cnbb.org.br\/cnbb-app\/wp\/v2\/categories?post=985398"},{"taxonomy":"post_tag","embeddable":true,"href":"https:\/\/www.cnbb.org.br\/cnbb-app\/wp\/v2\/tags?post=985398"}],"curies":[{"name":"wp","href":"https:\/\/api.w.org\/{rel}","templated":true}]}}