{"id":985442,"date":"2025-07-02T13:24:16","date_gmt":"2025-07-02T16:24:16","guid":{"rendered":"https:\/\/www.cnbb.org.br\/?p=985442"},"modified":"2025-07-02T13:32:02","modified_gmt":"2025-07-02T16:32:02","slug":"partilha-dos-regionais-e-comissoes-marca-segundo-dia-da-reuniao-do-conselho-permanente-da-cnbb","status":"publish","type":"post","link":"https:\/\/www.cnbb.org.br\/partilha-dos-regionais-e-comissoes-marca-segundo-dia-da-reuniao-do-conselho-permanente-da-cnbb\/","title":{"rendered":"Partilha dos regionais e comiss\u00f5es marca segundo dia da reuni\u00e3o do Conselho Permanente da CNBB"},"content":{"rendered":"<p style=\"text-align: justify;\">A reuni\u00e3o do Conselho Permanente da Confer\u00eancia Nacional dos Bispos do Brasil (CNBB), realizada na sede da entidade em Bras\u00edlia, teve sequ\u00eancia na manh\u00e3 desta quarta-feira, 2 de julho. O encontro contou com a partilha dos presidentes das Comiss\u00f5es Episcopais e dos Regionais da CNBB, destacando as principais a\u00e7\u00f5es, projetos e desafios da Igreja no Brasil em diversas \u00e1reas de atua\u00e7\u00e3o, sempre sob a inspira\u00e7\u00e3o do caminho sinodal.<\/p>\n<p><img decoding=\"async\" loading=\"lazy\" class=\"aligncenter wp-image-985469 \" src=\"https:\/\/www.cnbb.org.br\/wp-content\/uploads\/2025\/07\/54627357827_7abb5a0726_b.jpg\" alt=\"\" width=\"552\" height=\"368\" srcset=\"https:\/\/www.cnbb.org.br\/wp-content\/uploads\/2025\/07\/54627357827_7abb5a0726_b.jpg 1024w, https:\/\/www.cnbb.org.br\/wp-content\/uploads\/2025\/07\/54627357827_7abb5a0726_b-300x200.jpg 300w, https:\/\/www.cnbb.org.br\/wp-content\/uploads\/2025\/07\/54627357827_7abb5a0726_b-768x512.jpg 768w, https:\/\/www.cnbb.org.br\/wp-content\/uploads\/2025\/07\/54627357827_7abb5a0726_b-500x333.jpg 500w\" sizes=\"(max-width: 552px) 100vw, 552px\" \/><\/p>\n<h3 style=\"text-align: justify;\">A\u00e7\u00e3o Vocacional: comunh\u00e3o e envio<\/h3>\n<p style=\"text-align: justify;\">Dom \u00c2ngelo Mezzari, presidente da Comiss\u00e3o Episcopal para os Minist\u00e9rios Ordenados e a Vida Consagrada da CNBB, apresentou iniciativas voltadas \u00e0 anima\u00e7\u00e3o vocacional, como a Romaria Nacional dos Animadores Vocacionais, realizada em Aparecida (SP), e o 5\u00ba Congresso Vocacional do Brasil, com o tema \u201cComunidades Vocacionais: Encontro, Testemunho e Miss\u00e3o\u201d. Tamb\u00e9m foram destacadas a atualiza\u00e7\u00e3o mission\u00e1ria para animadores e o Encontro de Formadores, a ser realizado de 14 a 18 de julho. Em setembro, est\u00e1 prevista uma reuni\u00e3o ampliada da Comiss\u00e3o, em Bras\u00edlia (DF).<\/p>\n<h3 style=\"text-align: justify;\">S\u00ednodo e recep\u00e7\u00e3o nas dioceses<\/h3>\n<p style=\"text-align: justify;\">Dom Joel Portella, da Equipe de Anima\u00e7\u00e3o do S\u00ednodo no Brasil, falou sobre o processo de reanima\u00e7\u00e3o das equipes diocesanas e a expectativa pela publica\u00e7\u00e3o do documento de apoio. A proposta \u00e9 dar visibilidade \u00e0s experi\u00eancias positivas e fortalecer a recep\u00e7\u00e3o sinodal nas comunidades, articulando-se com as Diretrizes Gerais da A\u00e7\u00e3o Evangelizadora e o Censo.<\/p>\n<h3 style=\"text-align: justify;\">Juventude e escuta<\/h3>\n<p style=\"text-align: justify;\">Dom Vilson Basso, presidente da Comiss\u00e3o Episcopal para a Juventude, destacou a atualiza\u00e7\u00e3o do Documento 85 (\u201cEvangeliza\u00e7\u00e3o da juventude\u201d), a partir de uma pesquisa que j\u00e1 teve mais de 5 mil respostas de adolescentes e jovens. Tamb\u00e9m est\u00e3o sendo preparadas atividades como o Encontro Nacional de Respons\u00e1veis Diocesanos, em setembro; o Jubileu dos Jovens, em Roma e em Aparecida, e um encontro da juventude durante a COP 30, em novembro.<\/p>\n<h3 style=\"text-align: justify;\">Vida e Fam\u00edlia em movimento<\/h3>\n<p style=\"text-align: justify;\">A Comiss\u00e3o para a Vida e a Fam\u00edlia, com dom Bruno Elizeu Versari, celebrou o Simp\u00f3sio Nacional das Fam\u00edlias com 5 mil participantes, e anunciou novas edi\u00e7\u00f5es do evento. Entre outras iniciativas, destacou-se a prepara\u00e7\u00e3o do Jubileu das Fam\u00edlias, o itiner\u00e1rio pastoral para casais em nova uni\u00e3o, e o Congresso Teol\u00f3gico Vida e Fam\u00edlia.<\/p>\n<h3 style=\"text-align: justify;\">Laicato e forma\u00e7\u00e3o<\/h3>\n<p style=\"text-align: justify;\">Dom Gabriele Marchesi, da Comiss\u00e3o para o Laicato, apresentou a\u00e7\u00f5es formativas para crist\u00e3os leigos e leigas, como lives e cursos de atualiza\u00e7\u00e3o mission\u00e1ria. Tamb\u00e9m mencionou a articula\u00e7\u00e3o com os bispos referenciais para as CEBs, a participa\u00e7\u00e3o na Assembleia do regional Sul 1 e a realiza\u00e7\u00e3o da \u201cMesa da Sinodalidade\u201d, com organismos do Povo de Deus.<\/p>\n<h3 style=\"text-align: justify;\">Evangeliza\u00e7\u00e3o e inclus\u00e3o<\/h3>\n<p style=\"text-align: justify;\">Diversos regionais relataram experi\u00eancias de evangeliza\u00e7\u00e3o e impacto social:<\/p>\n<ul style=\"text-align: justify;\">\n<li><strong>Nordeste 1<\/strong>: celebra\u00e7\u00e3o dos 41 anos da Pastoral da Crian\u00e7a, Ter\u00e7o dos Homens, prepara\u00e7\u00e3o para a COP30 e encontros formativos para surdos e formadores.<\/li>\n<li><strong>Nordeste 2<\/strong>: reuni\u00f5es pastorais e proposta de estudo para poss\u00edvel divis\u00e3o do regional. Destaque para encontro de ec\u00f4nomos e contadores para criar rede de apoio.<\/li>\n<li><strong>Nordeste 3<\/strong>: destaque para os 525 anos da primeira missa no Brasil, forma\u00e7\u00e3o de reitores, e prepara\u00e7\u00e3o para a pr\u00e9-COP em Juazeiro da Bahia.<\/li>\n<li><strong>Nordeste 4<\/strong>: Assembleia de Pastoral refletiu sobre inicia\u00e7\u00e3o \u00e0 vida crist\u00e3 e sinodalidade; Romaria da Terra e da \u00c1gua com o tema da ecologia integral; e prepara\u00e7\u00e3o para o Congresso Mission\u00e1rio Nacional de Seminaristas (COMISE).<\/li>\n<li><strong>Nordeste 5<\/strong>: a\u00e7\u00f5es pela Casa Comum, como campanha contra agrot\u00f3xicos e feiras agroecol\u00f3gicas, al\u00e9m de prioridades com juventude e forma\u00e7\u00e3o discipular.<\/li>\n<li><strong>Sul 3<\/strong>: emerg\u00eancia clim\u00e1tica em pauta na Romaria da Terra; miss\u00e3o em Mo\u00e7ambique; venerabilidade de Jo\u00e3o Luiz Pozzobon; e a\u00e7\u00f5es evangelizadoras em articula\u00e7\u00e3o regional.<\/li>\n<li><strong>Oeste 1<\/strong>: valoriza\u00e7\u00e3o do diaconato permanente e forma\u00e7\u00e3o teol\u00f3gica; Ano Jubilar e reforma da sede regional.<\/li>\n<li><strong>Oeste 2<\/strong>: mais de mil catequistas diplomados via curso online; projetos de capacita\u00e7\u00e3o para mulheres em situa\u00e7\u00e3o de vulnerabilidade; e articula\u00e7\u00f5es em torno da Laudato Si\u2019.<\/li>\n<li><strong>Centro-Oeste<\/strong>: estudo sobre Intelig\u00eancia Artificial entre padres; Semin\u00e1rio B\u00edblico-Catequ\u00e9tico e participa\u00e7\u00e3o na Pr\u00e9-COP.<\/li>\n<li><strong>Leste 1<\/strong>: destaque para a peregrina\u00e7\u00e3o da Cruz Jubilar, ordena\u00e7\u00f5es episcopais, e atividades ecum\u00eanicas no Sudeste.<\/li>\n<li><strong>Leste 2<\/strong>: a\u00e7\u00f5es com novas comunidades; rede de arquivos eclesi\u00e1sticos; e forte participa\u00e7\u00e3o em iniciativas do projeto \u201cCapacita em Rede\u201d.<\/li>\n<li><strong>Leste 3:<\/strong> Celebra\u00e7\u00e3o da <span class=\"TextRun SCXW73504533 BCX8\" lang=\"PT-BR\" xml:lang=\"PT-BR\" data-contrast=\"auto\"><span class=\"NormalTextRun SCXW73504533 BCX8\">Semana de Ora\u00e7\u00e3o pela Unidade dos Crist\u00e3o <\/span><\/span><span class=\"TextRun SCXW73504533 BCX8\" lang=\"PT-BR\" xml:lang=\"PT-BR\" data-contrast=\"auto\"><span class=\"NormalTextRun SCXW73504533 BCX8\">e <\/span><\/span><span class=\"TextRun SCXW73504533 BCX8\" lang=\"PT-BR\" xml:lang=\"PT-BR\" data-contrast=\"auto\"><span class=\"NormalTextRun SCXW73504533 BCX8\">Encontro de Forma\u00e7\u00e3o dos Presb\u00edteros do Regional com enfoque no S\u00ednodo.<\/span><\/span><\/li>\n<\/ul>\n<h3 style=\"text-align: justify;\">Sustentabilidade e ecumenismo<\/h3>\n<p style=\"text-align: justify;\">Dom Rodolfo Weber, da Comiss\u00e3o Episcopal para o Ecumenismo, apresentou a\u00e7\u00f5es como o II Painel da Cultura de Conviv\u00eancia, o Simp\u00f3sio pelos 60 anos da Nostra Aetate, a ser celebrado em outubro, e o encontro comemorativo dos 700 anos do Conc\u00edlio de Niceia, em julho de 2025.<\/p>\n<h3 style=\"text-align: justify;\">Catequese e B\u00edblia<\/h3>\n<p style=\"text-align: justify;\">A Comiss\u00e3o para a Anima\u00e7\u00e3o B\u00edblico-Catequ\u00e9tica, com dom Leomar Brustolin, compartilhou a organiza\u00e7\u00e3o do II Congresso Nacional da Anima\u00e7\u00e3o B\u00edblica da Pastoral, ocorrido de 19 a 22 de maio, com 200 participantes com representa\u00e7\u00e3o b\u00edblica e dos regionais. E o Semin\u00e1rio para Animadores do M\u00eas da B\u00edblia. Tamb\u00e9m est\u00e1 prevista a IIRomaria Nacional dos Catequistas em agosto, em Aparecida (SP).<\/p>\n<h3 style=\"text-align: justify;\">Forma\u00e7\u00e3o, patrim\u00f4nio e cultura<\/h3>\n<p style=\"text-align: justify;\">Padre Luciano da Silva Roberto, da Comiss\u00e3o para a Cultura e Educa\u00e7\u00e3o, falou sobre o Congresso Nacional de Educa\u00e7\u00e3o promovido pela ANEC, subs\u00eddios para o Junho Verde e projetos universit\u00e1rios na Amaz\u00f4nia. Destacou ainda o curso sobre educa\u00e7\u00e3o financeira, o projeto \u201cEmpresas e Valores\u201d e tratativas com o Iphan sobre o patrim\u00f4nio cultural da Igreja.<\/p>\n<h3 style=\"text-align: justify;\">A\u00e7\u00f5es sociais e mission\u00e1rias<\/h3>\n<p style=\"text-align: justify;\">Dom Valdeci Mendes, da Comiss\u00e3o Sociotransformadora, destacou o legado da 6\u00aa Semana Social Brasileira e o apoio a iniciativas como o Plebiscito Popular sobre a carga hor\u00e1ria de trabalho. Tamb\u00e9m est\u00e3o em curso articula\u00e7\u00f5es para o 5\u00ba Congresso Nacional da Comiss\u00e3o Pastoral da Terra.<\/p>\n<p style=\"text-align: justify;\">Dom Mauricio Jardim, da Comiss\u00e3o para a A\u00e7\u00e3o Mission\u00e1ria, abordou as publica\u00e7\u00f5es produzidas pela Comiss\u00e3o, a exemplo do <span data-contrast=\"auto\">texto de estudo 117 da CNBB, aprovado pelo Conselho Permante em novembro de 2024, no qual retoma a tem\u00e1tica do Projeto Igrejas-Irm\u00e3s. <\/span><span data-contrast=\"auto\">Tamb\u00e9m a publica\u00e7\u00e3o &#8220;Conselhos Mission\u00e1rios&#8221;, fruto do Programa Mission\u00e1rio Nacional. <\/span><\/p>\n<p style=\"text-align: justify;\"><span data-contrast=\"auto\">E o \u201cAprender a Ser Mission\u00e1rio Seminarista\u201d, que foi elaborado a partir de reflex\u00f5es coletadas da primeira experi\u00eancia vocacional-mission\u00e1ria. E, ainda, tamb\u00e9m a vers\u00e3o atualizada e ampliada do Programa Mission\u00e1rio Nacional, a partir das contribui\u00e7\u00f5es acolhidas do 5\u00ba Congresso Mission\u00e1rio Nacional.<\/span><span data-ccp-props=\"{}\">\u00a0<\/span><\/p>\n<h3 style=\"text-align: justify;\">Doutrina da F\u00e9 e publica\u00e7\u00f5es<\/h3>\n<p style=\"text-align: justify;\">Dom Joel Portella, da Comiss\u00e3o para a Doutrina da F\u00e9, falou sobre a avalia\u00e7\u00e3o das 14 publica\u00e7\u00f5es que levam o selo CNBB, revisando termos amb\u00edguos e adaptando linguagens, como a da f\u00f3rmula do batismo.<\/p>\n<h3>Comunica\u00e7\u00e3o<\/h3>\n<p style=\"text-align: justify;\"><span data-contrast=\"auto\">Dom Valdir Jos\u00e9, presidente da Comiss\u00e3o para a Comunica\u00e7\u00e3o, destacou o Encontro Nacional de Mission\u00e1rios Digitais que ir\u00e1 ocorrer no dia 4 de julho, em S\u00e3o Paulo. Tamb\u00e9m o e<\/span><span data-contrast=\"auto\">ncontro com os bispos referenciais no\u00a0 dia 25 de julho e com os coordenadores regionais da Pastoral da Comunica\u00e7\u00e3o e os assessores Pastorais nos dias 26 e 27.<br \/>\n<\/span><br \/>\n<span data-contrast=\"auto\">A Comiss\u00e3o vai realizar ainda o Encontro Latino-Americano e Caribenho das TVs de Inspira\u00e7\u00e3o Cat\u00f3lica nos dias 11 a 14 de agosto, em Aparecida (SP);<\/span><span data-ccp-props=\"{}\"> o 14\u00ba <\/span><span data-contrast=\"auto\">Mutir\u00e3o Brasileiro de Comunica\u00e7\u00e3o de 25 a 28 de setembro, com o tema: \u201cComunica\u00e7\u00e3o e Ecologia Integral: transforma\u00e7\u00e3o e sustentabilidade justa\u201d<\/span><span data-ccp-props=\"{}\"> e o <\/span><span data-contrast=\"auto\">Encontro Nacional de Padres em Miss\u00e3o Digital, de 28 a 29 de outubro em \u00a0Bras\u00edlia.<\/span><\/p>\n<div id='gallery-1' class='gallery galleryid-985442 gallery-columns-6 gallery-size-full'><figure class='gallery-item'>\n\t\t\t<div class='gallery-icon landscape'>\n\t\t\t\t<a href='https:\/\/www.cnbb.org.br\/wp-content\/uploads\/2025\/07\/54627357827_7abb5a0726_b.jpg' title=\"\" data-rl_title=\"\" class=\"rl-gallery-link\" data-rl_caption=\"\" data-rel=\"lightbox-gallery-1\"><img width=\"1024\" height=\"683\" src=\"https:\/\/www.cnbb.org.br\/wp-content\/uploads\/2025\/07\/54627357827_7abb5a0726_b.jpg\" class=\"attachment-full size-full\" alt=\"\" decoding=\"async\" loading=\"lazy\" srcset=\"https:\/\/www.cnbb.org.br\/wp-content\/uploads\/2025\/07\/54627357827_7abb5a0726_b.jpg 1024w, https:\/\/www.cnbb.org.br\/wp-content\/uploads\/2025\/07\/54627357827_7abb5a0726_b-300x200.jpg 300w, https:\/\/www.cnbb.org.br\/wp-content\/uploads\/2025\/07\/54627357827_7abb5a0726_b-768x512.jpg 768w, https:\/\/www.cnbb.org.br\/wp-content\/uploads\/2025\/07\/54627357827_7abb5a0726_b-500x333.jpg 500w\" sizes=\"(max-width: 1024px) 100vw, 1024px\" \/><\/a>\n\t\t\t<\/div><\/figure><figure class='gallery-item'>\n\t\t\t<div class='gallery-icon landscape'>\n\t\t\t\t<a href='https:\/\/www.cnbb.org.br\/wp-content\/uploads\/2025\/07\/54628734008_e723691fe6_b.jpg' title=\"\" data-rl_title=\"\" class=\"rl-gallery-link\" data-rl_caption=\"\" data-rel=\"lightbox-gallery-1\"><img width=\"1024\" height=\"683\" src=\"https:\/\/www.cnbb.org.br\/wp-content\/uploads\/2025\/07\/54628734008_e723691fe6_b.jpg\" class=\"attachment-full size-full\" alt=\"\" decoding=\"async\" loading=\"lazy\" srcset=\"https:\/\/www.cnbb.org.br\/wp-content\/uploads\/2025\/07\/54628734008_e723691fe6_b.jpg 1024w, https:\/\/www.cnbb.org.br\/wp-content\/uploads\/2025\/07\/54628734008_e723691fe6_b-300x200.jpg 300w, https:\/\/www.cnbb.org.br\/wp-content\/uploads\/2025\/07\/54628734008_e723691fe6_b-768x512.jpg 768w, https:\/\/www.cnbb.org.br\/wp-content\/uploads\/2025\/07\/54628734008_e723691fe6_b-500x333.jpg 500w\" sizes=\"(max-width: 1024px) 100vw, 1024px\" \/><\/a>\n\t\t\t<\/div><\/figure><figure class='gallery-item'>\n\t\t\t<div class='gallery-icon landscape'>\n\t\t\t\t<a href='https:\/\/www.cnbb.org.br\/wp-content\/uploads\/2025\/07\/54628718284_0af333d25c_b.jpg' title=\"\" data-rl_title=\"\" class=\"rl-gallery-link\" data-rl_caption=\"\" data-rel=\"lightbox-gallery-1\"><img width=\"1024\" height=\"683\" src=\"https:\/\/www.cnbb.org.br\/wp-content\/uploads\/2025\/07\/54628718284_0af333d25c_b.jpg\" class=\"attachment-full size-full\" alt=\"\" decoding=\"async\" loading=\"lazy\" srcset=\"https:\/\/www.cnbb.org.br\/wp-content\/uploads\/2025\/07\/54628718284_0af333d25c_b.jpg 1024w, https:\/\/www.cnbb.org.br\/wp-content\/uploads\/2025\/07\/54628718284_0af333d25c_b-300x200.jpg 300w, https:\/\/www.cnbb.org.br\/wp-content\/uploads\/2025\/07\/54628718284_0af333d25c_b-768x512.jpg 768w, https:\/\/www.cnbb.org.br\/wp-content\/uploads\/2025\/07\/54628718284_0af333d25c_b-500x333.jpg 500w\" sizes=\"(max-width: 1024px) 100vw, 1024px\" \/><\/a>\n\t\t\t<\/div><\/figure><figure class='gallery-item'>\n\t\t\t<div class='gallery-icon landscape'>\n\t\t\t\t<a href='https:\/\/www.cnbb.org.br\/wp-content\/uploads\/2025\/07\/54627357542_b2b3063133_b.jpg' title=\"\" data-rl_title=\"\" class=\"rl-gallery-link\" data-rl_caption=\"\" data-rel=\"lightbox-gallery-1\"><img width=\"1024\" height=\"683\" src=\"https:\/\/www.cnbb.org.br\/wp-content\/uploads\/2025\/07\/54627357542_b2b3063133_b.jpg\" class=\"attachment-full size-full\" alt=\"\" decoding=\"async\" loading=\"lazy\" srcset=\"https:\/\/www.cnbb.org.br\/wp-content\/uploads\/2025\/07\/54627357542_b2b3063133_b.jpg 1024w, https:\/\/www.cnbb.org.br\/wp-content\/uploads\/2025\/07\/54627357542_b2b3063133_b-300x200.jpg 300w, https:\/\/www.cnbb.org.br\/wp-content\/uploads\/2025\/07\/54627357542_b2b3063133_b-768x512.jpg 768w, https:\/\/www.cnbb.org.br\/wp-content\/uploads\/2025\/07\/54627357542_b2b3063133_b-500x333.jpg 500w\" sizes=\"(max-width: 1024px) 100vw, 1024px\" \/><\/a>\n\t\t\t<\/div><\/figure><figure class='gallery-item'>\n\t\t\t<div class='gallery-icon landscape'>\n\t\t\t\t<a href='https:\/\/www.cnbb.org.br\/wp-content\/uploads\/2025\/07\/54628237871_6e8252dc62_b.jpg' title=\"\" data-rl_title=\"\" class=\"rl-gallery-link\" data-rl_caption=\"\" data-rel=\"lightbox-gallery-1\"><img width=\"1024\" height=\"683\" src=\"https:\/\/www.cnbb.org.br\/wp-content\/uploads\/2025\/07\/54628237871_6e8252dc62_b.jpg\" class=\"attachment-full size-full\" alt=\"\" decoding=\"async\" loading=\"lazy\" srcset=\"https:\/\/www.cnbb.org.br\/wp-content\/uploads\/2025\/07\/54628237871_6e8252dc62_b.jpg 1024w, https:\/\/www.cnbb.org.br\/wp-content\/uploads\/2025\/07\/54628237871_6e8252dc62_b-300x200.jpg 300w, https:\/\/www.cnbb.org.br\/wp-content\/uploads\/2025\/07\/54628237871_6e8252dc62_b-768x512.jpg 768w, https:\/\/www.cnbb.org.br\/wp-content\/uploads\/2025\/07\/54628237871_6e8252dc62_b-500x333.jpg 500w\" sizes=\"(max-width: 1024px) 100vw, 1024px\" \/><\/a>\n\t\t\t<\/div><\/figure><figure class='gallery-item'>\n\t\t\t<div class='gallery-icon landscape'>\n\t\t\t\t<a href='https:\/\/www.cnbb.org.br\/wp-content\/uploads\/2025\/07\/54628436709_e92efcd826_b.jpg' title=\"\" data-rl_title=\"\" class=\"rl-gallery-link\" data-rl_caption=\"\" data-rel=\"lightbox-gallery-1\"><img width=\"1024\" height=\"683\" src=\"https:\/\/www.cnbb.org.br\/wp-content\/uploads\/2025\/07\/54628436709_e92efcd826_b.jpg\" class=\"attachment-full size-full\" alt=\"\" decoding=\"async\" loading=\"lazy\" srcset=\"https:\/\/www.cnbb.org.br\/wp-content\/uploads\/2025\/07\/54628436709_e92efcd826_b.jpg 1024w, https:\/\/www.cnbb.org.br\/wp-content\/uploads\/2025\/07\/54628436709_e92efcd826_b-300x200.jpg 300w, https:\/\/www.cnbb.org.br\/wp-content\/uploads\/2025\/07\/54628436709_e92efcd826_b-768x512.jpg 768w, https:\/\/www.cnbb.org.br\/wp-content\/uploads\/2025\/07\/54628436709_e92efcd826_b-500x333.jpg 500w\" sizes=\"(max-width: 1024px) 100vw, 1024px\" \/><\/a>\n\t\t\t<\/div><\/figure>\n\t\t<\/div>\n\n<p style=\"text-align: justify;\">A reuni\u00e3o do Conselho Permanente segue at\u00e9 quinta-feira, 3 de julho, com novos informes e reflex\u00f5es sobre os desafios atuais da miss\u00e3o evangelizadora da Igreja no Brasil.<\/p>\n<p>&nbsp;<\/p>\n<p>&nbsp;<\/p>\n<p>Mais fotos (<a href=\"https:\/\/www.flickr.com\/photos\/cnbbnacional\/albums\/72177720327265730\/\" target=\"_blank\" rel=\"noopener\">aqui<\/a>)<\/p>\n","protected":false},"excerpt":{"rendered":"<p>A reuni\u00e3o do Conselho Permanente da CNBB, realizada na sede da entidade em Bras\u00edlia, teve sequ\u00eancia na manh\u00e3 desta quarta-feira, 2 de julho. O encontro contou com a partilha dos presidentes das Comiss\u00f5es Episcopais e dos Regionais da CNBB, destacando as principais a\u00e7\u00f5es, projetos e desafios da Igreja no Brasil em diversas \u00e1reas de atua\u00e7\u00e3o, sempre sob a inspira\u00e7\u00e3o do caminho sinodal<\/p>\n","protected":false},"author":141,"featured_media":985470,"comment_status":"closed","ping_status":"closed","sticky":false,"template":"","format":"standard","meta":{"site-sidebar-layout":"default","site-content-layout":"default","ast-global-header-display":"","ast-banner-title-visibility":"","ast-main-header-display":"","ast-hfb-above-header-display":"","ast-hfb-below-header-display":"","ast-hfb-mobile-header-display":"","site-post-title":"","ast-breadcrumbs-content":"","ast-featured-img":"","footer-sml-layout":"","theme-transparent-header-meta":"default","adv-header-id-meta":"","stick-header-meta":"","header-above-stick-meta":"","header-main-stick-meta":"","header-below-stick-meta":""},"categories":[834,1840],"tags":[1330,3053,2538],"acf":[],"_links":{"self":[{"href":"https:\/\/www.cnbb.org.br\/cnbb-app\/wp\/v2\/posts\/985442"}],"collection":[{"href":"https:\/\/www.cnbb.org.br\/cnbb-app\/wp\/v2\/posts"}],"about":[{"href":"https:\/\/www.cnbb.org.br\/cnbb-app\/wp\/v2\/types\/post"}],"author":[{"embeddable":true,"href":"https:\/\/www.cnbb.org.br\/cnbb-app\/wp\/v2\/users\/141"}],"replies":[{"embeddable":true,"href":"https:\/\/www.cnbb.org.br\/cnbb-app\/wp\/v2\/comments?post=985442"}],"version-history":[{"count":20,"href":"https:\/\/www.cnbb.org.br\/cnbb-app\/wp\/v2\/posts\/985442\/revisions"}],"predecessor-version":[{"id":985477,"href":"https:\/\/www.cnbb.org.br\/cnbb-app\/wp\/v2\/posts\/985442\/revisions\/985477"}],"wp:featuredmedia":[{"embeddable":true,"href":"https:\/\/www.cnbb.org.br\/cnbb-app\/wp\/v2\/media\/985470"}],"wp:attachment":[{"href":"https:\/\/www.cnbb.org.br\/cnbb-app\/wp\/v2\/media?parent=985442"}],"wp:term":[{"taxonomy":"category","embeddable":true,"href":"https:\/\/www.cnbb.org.br\/cnbb-app\/wp\/v2\/categories?post=985442"},{"taxonomy":"post_tag","embeddable":true,"href":"https:\/\/www.cnbb.org.br\/cnbb-app\/wp\/v2\/tags?post=985442"}],"curies":[{"name":"wp","href":"https:\/\/api.w.org\/{rel}","templated":true}]}}