{"id":985533,"date":"2025-07-03T15:18:50","date_gmt":"2025-07-03T18:18:50","guid":{"rendered":"https:\/\/www.cnbb.org.br\/?p=985533"},"modified":"2025-07-04T10:44:15","modified_gmt":"2025-07-04T13:44:15","slug":"cardeais-experiencia-despedida-papa-francisco-eleicao-leao-xiv","status":"publish","type":"post","link":"https:\/\/www.cnbb.org.br\/cardeais-experiencia-despedida-papa-francisco-eleicao-leao-xiv\/","title":{"rendered":"Cardeais partilham experi\u00eancia da despedida do Papa Francisco e elei\u00e7\u00e3o de Le\u00e3o XIV"},"content":{"rendered":"<p>Os tr\u00eas cardeais membros do Conselho Permanente da Confer\u00eancia Nacional dos Bispos do Brasil (CNBB) que participaram do \u00faltimo Conclave, em maio, falaram sobre sua experi\u00eancia na despedida do Papa Francisco e na elei\u00e7\u00e3o do Papa Le\u00e3o XIV. Dom Odilo Scherer, dom Leonardo Steiner e dom Jaime Spengler compartilharam alguns aspectos que chamaram sua aten\u00e7\u00e3o naquele momento eclesial. De forma especial, eles destacaram a condu\u00e7\u00e3o do Esp\u00edrito Santo em todo o processo e a for\u00e7a do in\u00edcio do conclave, com a Ladainha de Todos os Santos e o Veni Creator.<\/p>\n<p>Cardeal Odilo Scherer, arcebispo de S\u00e3o Paulo (SP) e que participou dos dois \u00faltimos conclaves, recordou que nem tudo \u00e9 segredo como algumas narrativas divulgadas, uma vez que a Constitui\u00e7\u00e3o Apost\u00f3lica <em>Universi Dominici Gregis<\/em> explica, em pormenores, o que acontece nos dias de vel\u00f3rio e no noven\u00e1rio do Papa falecido, nas congrega\u00e7\u00f5es gerais e no conclave para elei\u00e7\u00e3o do novo pont\u00edfice.<\/p>\n<p>Sobre as Congrega\u00e7\u00f5es gerais, momentos em que os cardeais partilhavam suas inspira\u00e7\u00f5es e preocupa\u00e7\u00f5es sobre a vida da Igreja, dom Odilo afirmou que as muitas vozes dos cardeais davam &#8220;um panorama geral da Igreja em todo o mundo&#8221;. Com a orienta\u00e7\u00e3o de que os cardeais n\u00e3o concedessem entrevistas, a Santa S\u00e9 divulgava diariamente boletins de imprensa com o resumo dos assuntos tratados nas congrega\u00e7\u00f5es. Dom Odilo disse ter observado um grande apre\u00e7o pelo Papa Francisco.<\/p>\n<figure id=\"attachment_985576\" aria-describedby=\"caption-attachment-985576\" style=\"width: 960px\" class=\"wp-caption aligncenter\"><img decoding=\"async\" loading=\"lazy\" class=\"size-full wp-image-985576\" src=\"https:\/\/www.cnbb.org.br\/wp-content\/uploads\/2025\/07\/Dom-Odilo-Cons-Permanente.jpg\" alt=\"\" width=\"960\" height=\"640\" srcset=\"https:\/\/www.cnbb.org.br\/wp-content\/uploads\/2025\/07\/Dom-Odilo-Cons-Permanente.jpg 960w, https:\/\/www.cnbb.org.br\/wp-content\/uploads\/2025\/07\/Dom-Odilo-Cons-Permanente-300x200.jpg 300w, https:\/\/www.cnbb.org.br\/wp-content\/uploads\/2025\/07\/Dom-Odilo-Cons-Permanente-768x512.jpg 768w, https:\/\/www.cnbb.org.br\/wp-content\/uploads\/2025\/07\/Dom-Odilo-Cons-Permanente-500x333.jpg 500w\" sizes=\"(max-width: 960px) 100vw, 960px\" \/><figcaption id=\"caption-attachment-985576\" class=\"wp-caption-text\">Dom Odilo Scherer | Foto: Luiz Lopes Jr\/CNBB<\/figcaption><\/figure>\n<p>&nbsp;<\/p>\n<p>O arcebispo de Manaus (AM), cardeal Leonardo Steiner, partilhou da apreens\u00e3o que havia quanto \u00e0 continuidade do caminho que a Igreja tem trilhado desde o Conc\u00edlio Vaticano II e do pr\u00f3prio pontificado de Francisco e seus antecessores, os quais foram &#8220;grandes Papas&#8221;, segundo dom Leonardo. Ele disse ter sido significativa a preocupa\u00e7\u00e3o dos cardeais com o bem da Igreja durante as conversas no cafezinho.<\/p>\n<p>Para ele, foram &#8220;profundamente tocantes&#8221; alguns momentos: o primeiro, na capela Paulina, o sil\u00eancio e a ora\u00e7\u00e3o dos cardeais antes do conclave, com a consci\u00eancia de que estavam ali &#8220;n\u00e3o em nome pr\u00f3prio, mas a servi\u00e7o da Igreja&#8221;. J\u00e1 a Ladainha de Todos os Santos, na entrada da Capela Sistina, foi ocasi\u00e3o que uniu a Igreja Peregrina com a Igreja Triunfante. E outro momento foi ap\u00f3s o cardeal Prevost alcan\u00e7ar o n\u00famero necess\u00e1rio de votos para a elei\u00e7\u00e3o.<\/p>\n<p>&#8220;Rompeu uma salva de palmas sem fim. Todos se levantaram e aplaudiram num gesto de profunda comunh\u00e3o eclesial&#8221;, partilhou dom Leonardo.<\/p>\n<figure id=\"attachment_985540\" aria-describedby=\"caption-attachment-985540\" style=\"width: 1024px\" class=\"wp-caption aligncenter\"><img decoding=\"async\" loading=\"lazy\" class=\"size-full wp-image-985540\" src=\"https:\/\/www.cnbb.org.br\/wp-content\/uploads\/2025\/07\/54630697340_6e79ee2934_b.jpg\" alt=\"\" width=\"1024\" height=\"683\" srcset=\"https:\/\/www.cnbb.org.br\/wp-content\/uploads\/2025\/07\/54630697340_6e79ee2934_b.jpg 1024w, https:\/\/www.cnbb.org.br\/wp-content\/uploads\/2025\/07\/54630697340_6e79ee2934_b-300x200.jpg 300w, https:\/\/www.cnbb.org.br\/wp-content\/uploads\/2025\/07\/54630697340_6e79ee2934_b-768x512.jpg 768w, https:\/\/www.cnbb.org.br\/wp-content\/uploads\/2025\/07\/54630697340_6e79ee2934_b-500x333.jpg 500w\" sizes=\"(max-width: 1024px) 100vw, 1024px\" \/><figcaption id=\"caption-attachment-985540\" class=\"wp-caption-text\">Dom Leonardo Steiner | Foto: Giany Costa\/CNBB<\/figcaption><\/figure>\n<p>Dom Jaime Spengler tamb\u00e9m citou aquilo que lhe chamou aten\u00e7\u00e3o. Primeiro, a disposi\u00e7\u00e3o de muitas pessoas de estarem por mais de seis horas nas filas para contemplar o corpo do Papa Francisco por alguns segundos. Depois, ele ouviu pessoas simples dizerem agradecidas que conseguiam entender as palavras do Papa Francisco. J\u00e1 nas congrega\u00e7\u00f5es gerais, &#8220;ouvimos e pudemos compartilhar como \u00e9 bonita a Igreja, quanta riqueza em todo o mundo&#8221;.<\/p>\n<p>J\u00e1 no conclave, dom Jaime percebeu um senso de esperan\u00e7a, ora\u00e7\u00e3o e sil\u00eancio, de fraternidade e respeito. Para ele, a Ladainha de Todos os Santos e o c\u00e2ntico do Veni Creator foram de &#8220;arrepiar os pelos&#8221;. &#8220;Dentro da ambi\u00eancia, voc\u00ea se d\u00e1 conta do que est\u00e1 acontecendo&#8221;, contou.<\/p>\n<p>Ele revelou que, ao cumprimentar o Papa Le\u00e3o ap\u00f3s a elei\u00e7\u00e3o, disse a ele: &#8220;Perdemos o pregador [do retiro da 62\u00aa Assembleia Geral], mas ganhamos o Papa&#8221;. O retorno foi um bonito sorriso.<\/p>\n<figure id=\"attachment_985541\" aria-describedby=\"caption-attachment-985541\" style=\"width: 1024px\" class=\"wp-caption aligncenter\"><img decoding=\"async\" loading=\"lazy\" class=\"size-full wp-image-985541\" src=\"https:\/\/www.cnbb.org.br\/wp-content\/uploads\/2025\/07\/54630596009_5581b792ec_b.jpg\" alt=\"\" width=\"1024\" height=\"683\" srcset=\"https:\/\/www.cnbb.org.br\/wp-content\/uploads\/2025\/07\/54630596009_5581b792ec_b.jpg 1024w, https:\/\/www.cnbb.org.br\/wp-content\/uploads\/2025\/07\/54630596009_5581b792ec_b-300x200.jpg 300w, https:\/\/www.cnbb.org.br\/wp-content\/uploads\/2025\/07\/54630596009_5581b792ec_b-768x512.jpg 768w, https:\/\/www.cnbb.org.br\/wp-content\/uploads\/2025\/07\/54630596009_5581b792ec_b-500x333.jpg 500w\" sizes=\"(max-width: 1024px) 100vw, 1024px\" \/><figcaption id=\"caption-attachment-985541\" class=\"wp-caption-text\">Cardeal Jaime Spengler | Foto: Giany Costa<\/figcaption><\/figure>\n<p>Esta que \u00e9 a segunda reuni\u00e3o do Conselho Permanente de 2025, em sua \u00faltima sess\u00e3o, seguiu com os informes econ\u00f4mico e dos organismos da Igreja no Brasil. Ao final do encontro, os bispos acompanharam a assinatura de um novo acordo de coopera\u00e7\u00e3o t\u00e9cnica da CNBB com o Instituto do Patrim\u00f4nio Hist\u00f3rico e Art\u00edstico Nacional (IPHAN). Essa \u00e9 uma renova\u00e7\u00e3o\u00a0de um acordo j\u00e1 firmado entre as duas entidades em junho de 2021, com o objetivo de realizar a\u00e7\u00f5es conjuntas para preserva\u00e7\u00e3o e valoriza\u00e7\u00e3o do Patrim\u00f4nio Cultural Material da Igreja Cat\u00f3lica.<\/p>\n<p>&nbsp;<\/p>\n<pre>Luiz Lopes Jr<\/pre>\n","protected":false},"excerpt":{"rendered":"<p>Dom Odilo Scherer, dom Leonardo Steiner e dom Jaime Spengler compartilharam alguns aspectos que chamaram sua aten\u00e7\u00e3o naquele momento eclesial. De forma especial, eles destacaram a condu\u00e7\u00e3o do Esp\u00edrito Santo em todo o processo e a for\u00e7a do in\u00edcio do conclave, com a Ladainha de Todos os Santos e o Veni Creator<\/p>\n","protected":false},"author":38,"featured_media":981150,"comment_status":"closed","ping_status":"closed","sticky":false,"template":"","format":"standard","meta":{"site-sidebar-layout":"default","site-content-layout":"default","ast-global-header-display":"","ast-banner-title-visibility":"","ast-main-header-display":"","ast-hfb-above-header-display":"","ast-hfb-below-header-display":"","ast-hfb-mobile-header-display":"","site-post-title":"","ast-breadcrumbs-content":"","ast-featured-img":"","footer-sml-layout":"","theme-transparent-header-meta":"default","adv-header-id-meta":"","stick-header-meta":"","header-above-stick-meta":"","header-main-stick-meta":"","header-below-stick-meta":""},"categories":[834,50],"tags":[3176,3053],"acf":[],"_links":{"self":[{"href":"https:\/\/www.cnbb.org.br\/cnbb-app\/wp\/v2\/posts\/985533"}],"collection":[{"href":"https:\/\/www.cnbb.org.br\/cnbb-app\/wp\/v2\/posts"}],"about":[{"href":"https:\/\/www.cnbb.org.br\/cnbb-app\/wp\/v2\/types\/post"}],"author":[{"embeddable":true,"href":"https:\/\/www.cnbb.org.br\/cnbb-app\/wp\/v2\/users\/38"}],"replies":[{"embeddable":true,"href":"https:\/\/www.cnbb.org.br\/cnbb-app\/wp\/v2\/comments?post=985533"}],"version-history":[{"count":2,"href":"https:\/\/www.cnbb.org.br\/cnbb-app\/wp\/v2\/posts\/985533\/revisions"}],"predecessor-version":[{"id":985577,"href":"https:\/\/www.cnbb.org.br\/cnbb-app\/wp\/v2\/posts\/985533\/revisions\/985577"}],"wp:featuredmedia":[{"embeddable":true,"href":"https:\/\/www.cnbb.org.br\/cnbb-app\/wp\/v2\/media\/981150"}],"wp:attachment":[{"href":"https:\/\/www.cnbb.org.br\/cnbb-app\/wp\/v2\/media?parent=985533"}],"wp:term":[{"taxonomy":"category","embeddable":true,"href":"https:\/\/www.cnbb.org.br\/cnbb-app\/wp\/v2\/categories?post=985533"},{"taxonomy":"post_tag","embeddable":true,"href":"https:\/\/www.cnbb.org.br\/cnbb-app\/wp\/v2\/tags?post=985533"}],"curies":[{"name":"wp","href":"https:\/\/api.w.org\/{rel}","templated":true}]}}