{"id":985557,"date":"2025-07-03T12:18:26","date_gmt":"2025-07-03T15:18:26","guid":{"rendered":"https:\/\/www.cnbb.org.br\/?p=985557"},"modified":"2025-07-03T12:20:25","modified_gmt":"2025-07-03T15:20:25","slug":"vantagens-de-crer","status":"publish","type":"post","link":"https:\/\/www.cnbb.org.br\/vantagens-de-crer\/","title":{"rendered":"Vantagens de crer"},"content":{"rendered":"<p style=\"text-align: right;\"><strong>Dom Pedro Cipollini<br \/>\nBispo de Santo Andr\u00e9 (SP)<\/strong><\/p>\n<p style=\"text-align: justify;\"><span data-ccp-props=\"{&quot;335551550&quot;:6,&quot;335551620&quot;:6,&quot;335559731&quot;:708}\">\u00a0<\/span><\/p>\n<p style=\"text-align: justify;\"><span data-contrast=\"auto\">Diante das pesquisas recentemente publicadas, sobre o senso de 2022 a respeito das religi\u00f5es no Brasil, fiquei contente,\u00a0 entre 56% que se declaram cat\u00f3licos, e 26% que se declaram evang\u00e9licos, somando 83,6% da popula\u00e7\u00e3o brasileira, todos acreditam em Deus e em Jesus Cristo seu Filho, Salvador da Humanidade, sendo que as demais denomina\u00e7\u00f5es, mesmo n\u00e3o estando dentro deste \u00e2mbito crist\u00e3o, n\u00e3o est\u00e3o longe de algum princ\u00edpio crist\u00e3o, quais sejam o empenho pela justi\u00e7a,\u00a0 paz e\u00a0 miseric\u00f3rdia. E quanto aos que se declaram ateus, com todo respeito, pela minha experi\u00eancia como padre, a maioria parece dizer: \u201csou ateu gra\u00e7as a Deus\u201d.<\/span><span data-ccp-props=\"{&quot;335551550&quot;:6,&quot;335551620&quot;:6,&quot;335559731&quot;:708}\">\u00a0<\/span><\/p>\n<p style=\"text-align: justify;\"><span data-contrast=\"auto\">Com esta elevada porcentagem de crist\u00e3o entre os brasileiros, sobressai a f\u00e9 como valor a ser preservado, a espiritualidade que dela decorre como uma necessidade das pessoas. A espiritualidade brota da f\u00e9, da rela\u00e7\u00e3o que a pessoa tem, com uma dimens\u00e3o transcendente e sagrada da vida. Al\u00e9m da dimens\u00e3o f\u00edsica e material, que n\u00f3s conhecemos, envolvendo a no\u00e7\u00e3o de Deus. Para a maioria dos brasileiros que se declaram crist\u00e3os, este Deus \u00e9 o que se manifestou em Jesus Cristo. E aqui ressalto o valor da f\u00e9 b\u00edblica.<\/span><span data-ccp-props=\"{&quot;335551550&quot;:6,&quot;335551620&quot;:6,&quot;335559731&quot;:708}\">\u00a0<\/span><\/p>\n<p style=\"text-align: justify;\"><span data-contrast=\"auto\">Os m\u00e9dicos, assim como outros cientistas tem tido uma abertura para assuntos relacionados \u00e0 espiritualidade que brota da f\u00e9. V\u00e1rios congressos m\u00e9dicos das diversas \u00e1reas, j\u00e1 abordaram este tema. H\u00e1 um reconhecimento do impacto positivo da pr\u00e1tica religiosa na sa\u00fade f\u00edsica e mental do praticante. Os profissionais da sa\u00fade j\u00e1 reconhecem hoje que a espiritualidade \u00e9 algo importante e deve ser integrada de modo \u00e9tico na pr\u00e1tica cl\u00ednica, em vista da cura.\u00a0<\/span><span data-ccp-props=\"{&quot;335551550&quot;:6,&quot;335551620&quot;:6,&quot;335559731&quot;:708}\">\u00a0<\/span><\/p>\n<p style=\"text-align: justify;\"><span data-contrast=\"auto\">De fato, o paciente n\u00e3o \u00e9 somente corpo mas tem toda sua parte psicol\u00f3gica, seu esp\u00edrito, pelo que se deve, em um tratamento de sa\u00fade, levar em conta a pessoa toda, considerando os fatores biol\u00f3gicos, psicol\u00f3gicos, sociais e espirituais do paciente. N\u00e3o se trata um peda\u00e7o do corpo doente de uma pessoa, mas uma pessoa que tem uma doen\u00e7a.\u00a0<\/span><span data-ccp-props=\"{&quot;335551550&quot;:6,&quot;335551620&quot;:6,&quot;335559731&quot;:708}\">\u00a0<\/span><\/p>\n<p style=\"text-align: justify;\"><span data-contrast=\"auto\">Li com agrad\u00e1vel surpresa que um estudo feito pela Universidade de Harvard acompanhou noventa mil pessoas por quatorze anos. E o que se percebeu foi que o n\u00famero de mortes por suic\u00eddio \u00e9 seis vezes menor entre pessoas que frequentam um grupo religioso (<\/span><a href=\"http:\/\/www.revistavidaesaude.com.br\/\" target=\"_blank\" rel=\"noopener\"><span data-contrast=\"none\">www.revistavidaesaude.com.br<\/span><\/a><span data-contrast=\"auto\">). \u00c9 reconhecido que frequentar a missa ou culto semanalmente, realizar trabalhos volunt\u00e1rios e praticar\u00a0 a ora\u00e7\u00e3o, medita\u00e7\u00e3o e leitura b\u00edblica-espiritual, s\u00e3o a\u00e7\u00f5es que tem impacto positivo na sa\u00fade mental. Enfim, para as pessoas que creem, h\u00e1 menos ansiedade e melhor qualidade de vida com resili\u00eancia e esperan\u00e7a, para atravessar momentos dif\u00edceis da vida.\u00a0<\/span><span data-ccp-props=\"{&quot;335551550&quot;:6,&quot;335551620&quot;:6,&quot;335559731&quot;:708}\">\u00a0<\/span><\/p>\n<p style=\"text-align: justify;\"><span data-contrast=\"auto\">Em meio a esta mudan\u00e7a de \u00e9poca que vivemos, com in\u00fameros transtornos que acelera a vida no dia a dia, fazendo-nos perder contato com nosso centro, o fato de pertencer a um grupo de f\u00e9, cultivar h\u00e1bitos saud\u00e1veis, permitem uma vida melhor. As vantagens de acreditar s\u00e3o in\u00fameras. Quem tem f\u00e9 ora e, durante a ora\u00e7\u00e3o, s\u00e3o ativados locais que tem rela\u00e7\u00e3o com a parte da imunidade da pessoa.<\/span><span data-ccp-props=\"{&quot;335551550&quot;:6,&quot;335551620&quot;:6,&quot;335559731&quot;:708}\">\u00a0<\/span><\/p>\n<p style=\"text-align: justify;\"><span data-contrast=\"auto\">Diante da doen\u00e7a \u00e9 comum verem os membros de uma fam\u00edlia e os amigos fazerem ora\u00e7\u00f5es, pedir que se reze pela pessoa. Os resultados s\u00e3o sempre positivos. Mesmo que a doen\u00e7a n\u00e3o tenha a cura esperada, a f\u00e9 conforta e da for\u00e7as para a fam\u00edlia. Sabemos que Deus sabe todas as coisas e tamb\u00e9m o que \u00e9 melhor para cada um em cada momento.<\/span><span data-ccp-props=\"{&quot;335551550&quot;:6,&quot;335551620&quot;:6,&quot;335559731&quot;:708}\">\u00a0<\/span><\/p>\n<p style=\"text-align: justify;\"><span data-contrast=\"auto\">Indico o livro \u201c<\/span><i><span data-contrast=\"auto\">\u00c9 melhor acreditar<\/span><\/i><span data-contrast=\"auto\">\u201d, do Dr. Kenneth Cooper, cardiologista famoso, no qual comprova os efeitos da f\u00e9 na sa\u00fade, na forma f\u00edsica, no bem estar e na felicidade pessoal. E isto j\u00e1 na \u00faltima d\u00e9cada do s\u00e9culo passado. Hoje suas teorias comprovadas, mostra que ele foi um pioneiro em afirmar que \u00e9 melhor acreditar, ter f\u00e9, al\u00e9m de cuidar bem da sa\u00fade f\u00edsica.<\/span><span data-ccp-props=\"{&quot;335551550&quot;:6,&quot;335551620&quot;:6,&quot;335559731&quot;:708}\">\u00a0<\/span><\/p>\n<p style=\"text-align: justify;\"><span data-contrast=\"auto\">Acreditar em Deus faz bem, rezar faz bem, ter f\u00e9 ajuda, pois a f\u00e9 mostra que Deus \u00e9 Pai e est\u00e1 sempre conosco e, que para Ele, nada \u00e9 imposs\u00edvel.<\/span><span data-ccp-props=\"{&quot;335551550&quot;:6,&quot;335551620&quot;:6,&quot;335559731&quot;:708}\">\u00a0<\/span><\/p>\n","protected":false},"excerpt":{"rendered":"<p>Dom Pedro Cipollini Bispo de Santo Andr\u00e9 (SP) \u00a0 Diante das pesquisas recentemente publicadas, sobre o senso de 2022 a respeito das religi\u00f5es no Brasil, fiquei contente,\u00a0 entre 56% que se declaram cat\u00f3licos, e 26% que se declaram evang\u00e9licos, somando 83,6% da popula\u00e7\u00e3o brasileira, todos acreditam em Deus e em Jesus Cristo seu Filho, Salvador &hellip;<\/p>\n<p class=\"read-more\"> <a class=\"\" href=\"https:\/\/www.cnbb.org.br\/vantagens-de-crer\/\"> <span class=\"screen-reader-text\">Vantagens de crer<\/span> Leia mais &raquo;<\/a><\/p>\n","protected":false},"author":28,"featured_media":0,"comment_status":"closed","ping_status":"closed","sticky":false,"template":"","format":"standard","meta":{"site-sidebar-layout":"default","site-content-layout":"default","ast-global-header-display":"","ast-banner-title-visibility":"","ast-main-header-display":"","ast-hfb-above-header-display":"","ast-hfb-below-header-display":"","ast-hfb-mobile-header-display":"","site-post-title":"","ast-breadcrumbs-content":"","ast-featured-img":"","footer-sml-layout":"","theme-transparent-header-meta":"default","adv-header-id-meta":"","stick-header-meta":"","header-above-stick-meta":"","header-main-stick-meta":"","header-below-stick-meta":""},"categories":[758],"tags":[],"acf":[],"_links":{"self":[{"href":"https:\/\/www.cnbb.org.br\/cnbb-app\/wp\/v2\/posts\/985557"}],"collection":[{"href":"https:\/\/www.cnbb.org.br\/cnbb-app\/wp\/v2\/posts"}],"about":[{"href":"https:\/\/www.cnbb.org.br\/cnbb-app\/wp\/v2\/types\/post"}],"author":[{"embeddable":true,"href":"https:\/\/www.cnbb.org.br\/cnbb-app\/wp\/v2\/users\/28"}],"replies":[{"embeddable":true,"href":"https:\/\/www.cnbb.org.br\/cnbb-app\/wp\/v2\/comments?post=985557"}],"version-history":[{"count":2,"href":"https:\/\/www.cnbb.org.br\/cnbb-app\/wp\/v2\/posts\/985557\/revisions"}],"predecessor-version":[{"id":985559,"href":"https:\/\/www.cnbb.org.br\/cnbb-app\/wp\/v2\/posts\/985557\/revisions\/985559"}],"wp:attachment":[{"href":"https:\/\/www.cnbb.org.br\/cnbb-app\/wp\/v2\/media?parent=985557"}],"wp:term":[{"taxonomy":"category","embeddable":true,"href":"https:\/\/www.cnbb.org.br\/cnbb-app\/wp\/v2\/categories?post=985557"},{"taxonomy":"post_tag","embeddable":true,"href":"https:\/\/www.cnbb.org.br\/cnbb-app\/wp\/v2\/tags?post=985557"}],"curies":[{"name":"wp","href":"https:\/\/api.w.org\/{rel}","templated":true}]}}