{"id":985597,"date":"2025-07-04T09:21:47","date_gmt":"2025-07-04T12:21:47","guid":{"rendered":"https:\/\/www.cnbb.org.br\/?p=985597"},"modified":"2025-07-04T09:23:30","modified_gmt":"2025-07-04T12:23:30","slug":"o-empenho-cristao-pelo-justo-ordenamento-da-sociedade","status":"publish","type":"post","link":"https:\/\/www.cnbb.org.br\/o-empenho-cristao-pelo-justo-ordenamento-da-sociedade\/","title":{"rendered":"O empenho crist\u00e3o pelo justo ordenamento da sociedade\u00a0"},"content":{"rendered":"<p style=\"text-align: right;\"><strong>Dom Itacir Brassiani<br \/>\nBispo de Santa Cruz do Sul (RS)<\/strong><\/p>\n<p style=\"text-align: justify;\"><span data-contrast=\"none\"><\/p>\n<p><\/span><\/p>\n<p style=\"text-align: justify;\"><span data-contrast=\"auto\">\u201cO empenho pela defesa da vida e dos direitos da pessoa, pelo justo ordenamento da sociedade, pela dignidade do trabalho, por uma economia justa e solid\u00e1ria e pela ecologia integral fazem parte da miss\u00e3o evangelizadora da Igreja\u201d. Esta \u00e9 uma das afirma\u00e7\u00f5es do <\/span><i><span data-contrast=\"auto\">Documento final<\/span><\/i><span data-contrast=\"auto\"> do S\u00ednodo dos Bispos da Igreja Cat\u00f3lica Romana, conclu\u00eddo em outubro de 2024, depois de tr\u00eas anos de um intenso processo de escuta e reflex\u00e3o.<\/span><span data-ccp-props=\"{&quot;134233117&quot;:false,&quot;134233118&quot;:false,&quot;201341983&quot;:0,&quot;335551550&quot;:6,&quot;335551620&quot;:6,&quot;335559738&quot;:0,&quot;335559739&quot;:120,&quot;335559740&quot;:259}\">\u00a0<\/span><\/p>\n<p style=\"text-align: justify;\"><span data-contrast=\"auto\">Mesmo sem ser uma novidade, esta afirma\u00e7\u00e3o \u00e9 importante, dada a intensa atividade de alguns grupos que questionam a manifesta\u00e7\u00e3o e a interven\u00e7\u00e3o dos crist\u00e3os no campo social, pol\u00edtico e ambiental. Esquecem estes que a primeira interven\u00e7\u00e3o hist\u00f3rica de Deus foi o apoio ao movimento de desobedi\u00eancia dos escravos hebreus ao poder do fara\u00f3 e \u00e0s lutas para conquistar terras que antes pertenciam a reis de pequenas cidades-estados.\u00a0<\/span><span data-ccp-props=\"{&quot;134233117&quot;:false,&quot;134233118&quot;:false,&quot;201341983&quot;:0,&quot;335551550&quot;:6,&quot;335551620&quot;:6,&quot;335559738&quot;:0,&quot;335559739&quot;:120,&quot;335559740&quot;:259}\">\u00a0<\/span><\/p>\n<p style=\"text-align: justify;\"><span data-contrast=\"auto\">N\u00e3o \u00e9 poss\u00edvel esquecer o car\u00e1ter pol\u00edtico da condena\u00e7\u00e3o de Jesus \u00e0 morte na cruz, pois esta era a pena imposta pelo imp\u00e9rio romano a quem se rebelasse contra seu dom\u00ednio e aos escravos fugitivos. \u201cEncontramos esse homem agitando a nossa na\u00e7\u00e3o e proibindo pagar impostos a C\u00e9sar\u201d dizem os chefes do juda\u00edsmo ao governador (cf. Lc 23,2). E o crime imputado a Jesus ficou gravado no alto da cruz: \u201cJesus Nazareno, Rei dos Judeus\u201d.<\/span><span data-ccp-props=\"{&quot;134233117&quot;:false,&quot;134233118&quot;:false,&quot;201341983&quot;:0,&quot;335551550&quot;:6,&quot;335551620&quot;:6,&quot;335559738&quot;:0,&quot;335559739&quot;:120,&quot;335559740&quot;:259}\">\u00a0<\/span><\/p>\n<p style=\"text-align: justify;\"><span data-contrast=\"auto\">Portanto, o pronunciamento das Igrejas crist\u00e3s sobre quest\u00f5es pol\u00edticas e econ\u00f4micas faz parte da sua miss\u00e3o, e n\u00e3o caracteriza inger\u00eancia em terreno alheio. O que \u00e9 inaceit\u00e1vel \u00e9 as igrejas atuarem na seara pol\u00edtica para assegurar privil\u00e9gios para si mesmas ou para impor a todos os cidad\u00e3os uma pauta moral que \u00e9 pr\u00f3pria de uma denomina\u00e7\u00e3o religiosa, ou orientar-se pela t\u00e1tica de apoiar incondicionalmente os grupos que exercem o poder.<\/span><span data-ccp-props=\"{&quot;134233117&quot;:false,&quot;134233118&quot;:false,&quot;201341983&quot;:0,&quot;335551550&quot;:6,&quot;335551620&quot;:6,&quot;335559738&quot;:0,&quot;335559739&quot;:120,&quot;335559740&quot;:259}\">\u00a0<\/span><\/p>\n<p style=\"text-align: justify;\"><span data-contrast=\"auto\">Ancorado nesta rocha firme da tradi\u00e7\u00e3o crist\u00e3 volto ao debate sobre o aumento da carga tribut\u00e1ria sobre as opera\u00e7\u00f5es financeiras e sobre a taxa\u00e7\u00e3o dos grandes lucros, objeto de acirradas disputas no Congresso e na grande imprensa. A rejei\u00e7\u00e3o do decreto do Executivo pelo Congresso se baseou em meias-verdades ou mentiras inteiras, e foi celebrado como uma derrota imposta ao governo, como se a pol\u00edtica fosse um jogo.<\/span><span data-ccp-props=\"{&quot;134233117&quot;:false,&quot;134233118&quot;:false,&quot;201341983&quot;:0,&quot;335551550&quot;:6,&quot;335551620&quot;:6,&quot;335559738&quot;:0,&quot;335559739&quot;:120,&quot;335559740&quot;:259}\">\u00a0<\/span><\/p>\n<p style=\"text-align: justify;\"><span data-contrast=\"auto\">O Congresso atual n\u00e3o est\u00e1 disposto a aceitar mudan\u00e7as que afetem privil\u00e9gios da minoria, e o \u00fanico ajuste que defende \u00e9 o corte nos gastos sociais, diz o economista Mauricio Weiss. Para o historiador e economista Pedro Faria, os setores que propuseram e aprovaram a derrubada do decreto sabem que o aumento da taxa do IOF n\u00e3o prejudica os pobres, e o que eles querem mesmo \u00e9 que o ajuste fiscal mantenha os juros altos e os subs\u00eddios fiscais \u00e0s empresas, e diminua o investimento do Estado nas pol\u00edticas sociais.<\/span><span data-ccp-props=\"{&quot;134233117&quot;:false,&quot;134233118&quot;:false,&quot;201341983&quot;:0,&quot;335551550&quot;:6,&quot;335551620&quot;:6,&quot;335559738&quot;:0,&quot;335559739&quot;:120,&quot;335559740&quot;:259}\">\u00a0<\/span><\/p>\n<p style=\"text-align: justify;\"><span data-contrast=\"auto\">O que fazer diante disso, al\u00e9m de gravar o nome dos que deram seu voto para aprovar essa infame revoga\u00e7\u00e3o? Informar-se bem; exercer o nosso direito de eleger deputados, senadores, governadores e presidentes que defendam leis e pol\u00edticas que beneficiem os setores sociais mais vulner\u00e1veis; e engajar-se na reflex\u00e3o sobre a fun\u00e7\u00e3o social e cidad\u00e3 dos impostos e sobre passos e medidas vi\u00e1veis para uma maior justi\u00e7a tribut\u00e1ria, que fa\u00e7a recair sobre os mais ricos uma maior responsabilidade tribut\u00e1ria. Isso \u00e9 empenho pelo justo ordenamento da sociedade e por uma economia justa e solid\u00e1ria.<\/span><span data-ccp-props=\"{&quot;134233117&quot;:false,&quot;134233118&quot;:false,&quot;201341983&quot;:0,&quot;335551550&quot;:6,&quot;335551620&quot;:6,&quot;335559738&quot;:0,&quot;335559739&quot;:120,&quot;335559740&quot;:259}\">\u00a0<\/span><\/p>\n<p>&nbsp;<\/p>\n","protected":false},"excerpt":{"rendered":"<p>Dom Itacir Brassiani Bispo de Santa Cruz do Sul (RS) \u201cO empenho pela defesa da vida e dos direitos da pessoa, pelo justo ordenamento da sociedade, pela dignidade do trabalho, por uma economia justa e solid\u00e1ria e pela ecologia integral fazem parte da miss\u00e3o evangelizadora da Igreja\u201d. Esta \u00e9 uma das afirma\u00e7\u00f5es do Documento final &hellip;<\/p>\n<p class=\"read-more\"> <a class=\"\" href=\"https:\/\/www.cnbb.org.br\/o-empenho-cristao-pelo-justo-ordenamento-da-sociedade\/\"> <span class=\"screen-reader-text\">O empenho crist\u00e3o pelo justo ordenamento da sociedade\u00a0<\/span> Leia mais &raquo;<\/a><\/p>\n","protected":false},"author":2510,"featured_media":0,"comment_status":"closed","ping_status":"closed","sticky":false,"template":"","format":"standard","meta":{"site-sidebar-layout":"default","site-content-layout":"default","ast-global-header-display":"","ast-banner-title-visibility":"","ast-main-header-display":"","ast-hfb-above-header-display":"","ast-hfb-below-header-display":"","ast-hfb-mobile-header-display":"","site-post-title":"","ast-breadcrumbs-content":"","ast-featured-img":"","footer-sml-layout":"","theme-transparent-header-meta":"default","adv-header-id-meta":"","stick-header-meta":"","header-above-stick-meta":"","header-main-stick-meta":"","header-below-stick-meta":""},"categories":[758],"tags":[],"acf":[],"_links":{"self":[{"href":"https:\/\/www.cnbb.org.br\/cnbb-app\/wp\/v2\/posts\/985597"}],"collection":[{"href":"https:\/\/www.cnbb.org.br\/cnbb-app\/wp\/v2\/posts"}],"about":[{"href":"https:\/\/www.cnbb.org.br\/cnbb-app\/wp\/v2\/types\/post"}],"author":[{"embeddable":true,"href":"https:\/\/www.cnbb.org.br\/cnbb-app\/wp\/v2\/users\/2510"}],"replies":[{"embeddable":true,"href":"https:\/\/www.cnbb.org.br\/cnbb-app\/wp\/v2\/comments?post=985597"}],"version-history":[{"count":1,"href":"https:\/\/www.cnbb.org.br\/cnbb-app\/wp\/v2\/posts\/985597\/revisions"}],"predecessor-version":[{"id":985598,"href":"https:\/\/www.cnbb.org.br\/cnbb-app\/wp\/v2\/posts\/985597\/revisions\/985598"}],"wp:attachment":[{"href":"https:\/\/www.cnbb.org.br\/cnbb-app\/wp\/v2\/media?parent=985597"}],"wp:term":[{"taxonomy":"category","embeddable":true,"href":"https:\/\/www.cnbb.org.br\/cnbb-app\/wp\/v2\/categories?post=985597"},{"taxonomy":"post_tag","embeddable":true,"href":"https:\/\/www.cnbb.org.br\/cnbb-app\/wp\/v2\/tags?post=985597"}],"curies":[{"name":"wp","href":"https:\/\/api.w.org\/{rel}","templated":true}]}}