{"id":985599,"date":"2025-07-04T09:26:10","date_gmt":"2025-07-04T12:26:10","guid":{"rendered":"https:\/\/www.cnbb.org.br\/?p=985599"},"modified":"2025-07-04T09:27:33","modified_gmt":"2025-07-04T12:27:33","slug":"vida-de-fe-marcada-pela-esperanca","status":"publish","type":"post","link":"https:\/\/www.cnbb.org.br\/vida-de-fe-marcada-pela-esperanca\/","title":{"rendered":"Vida de f\u00e9, marcada pela esperan\u00e7a\u00a0"},"content":{"rendered":"<p style=\"text-align: right;\"><strong>Dom Jos\u00e9 Gislon<\/strong><br \/>\n<strong>Bispo de Caxias do Sul (RS)<\/strong><\/p>\n<p>&nbsp;<\/p>\n<p style=\"text-align: justify;\"><span data-contrast=\"auto\">Estimados irm\u00e3os e irm\u00e3s em Cristo Jesus! Como Povo de Deus a caminho, estamos celebrando o Ano Santo do \u201cJubileu da Esperan\u00e7a\u201d. E como \u201cperegrinos de esperan\u00e7a\u201d, precisamos entender que a f\u00e9 \u201c\u00e9 uma estrada para percorrer, sem jamais perder a meta\u201d \u2013 nos recordava com frequ\u00eancia o Papa Francisco. A f\u00e9 n\u00e3o pode ser separada do amor. Cremos em Deus porque o amamos e o amamos porque descobrimos seu amor por n\u00f3s. N\u00e3o se pode crer em Deus e confiar nele a n\u00e3o ser pelo amor.\u00a0<\/span><span data-ccp-props=\"{&quot;201341983&quot;:0,&quot;335551550&quot;:6,&quot;335551620&quot;:6,&quot;335559739&quot;:0,&quot;335559740&quot;:240}\">\u00a0<\/span><\/p>\n<p style=\"text-align: justify;\"><span data-contrast=\"auto\">Crer requer, portanto, um empenho constante e cotidiano, feito de uma busca interior que deve ser acompanhada de uma renovada confian\u00e7a no pr\u00f3ximo. Quem caminha, tendo o Senhor como companheiro de viagem, est\u00e1 seguro do percurso iniciado e da meta que pretende atingir. \u201cMuitas vezes ouvimos falar que o cristianismo n\u00e3o \u00e9 somente uma doutrina, n\u00e3o \u00e9 um modo de comportar-se, n\u00e3o \u00e9 uma cultura. Sim, \u00e9 tudo isso, mas o mais importante, e que vem primeiro, \u00e9 um encontro. Uma pessoa \u00e9 crist\u00e3 porque encontrou Jesus Cristo e se deixou encontrar por Ele\u201d (Papa Francisco).<\/span><span data-ccp-props=\"{&quot;201341983&quot;:0,&quot;335551550&quot;:6,&quot;335551620&quot;:6,&quot;335559739&quot;:0,&quot;335559740&quot;:240}\">\u00a0<\/span><\/p>\n<p style=\"text-align: justify;\"><span data-contrast=\"auto\">Visitando algumas comunidades da nossa Diocese tive a gra\u00e7a de encontrar muitas pessoas que formam essas comunidades e, em comunidade, celebram a vida de f\u00e9. Partem do princ\u00edpio de que a f\u00e9 crist\u00e3 n\u00e3o \u00e9 somente uma doutrina, uma sabedoria, um conjunto de regras morais ou uma tradi\u00e7\u00e3o, mas que a vida de f\u00e9 tem o poder de nos proporcionar um encontro real com Jesus Cristo. Transmitir a f\u00e9 significa criar em cada lugar e em cada tempo as condi\u00e7\u00f5es para que esse encontro entre os homens e Jesus aconte\u00e7a. O objetivo de toda evangeliza\u00e7\u00e3o \u00e9 ajudar as pessoas a realizarem esse encontro, que \u00e9 ao mesmo tempo \u00edntimo e pessoal, p\u00fablico e comunit\u00e1rio.<\/span><span data-ccp-props=\"{&quot;201341983&quot;:0,&quot;335551550&quot;:6,&quot;335551620&quot;:6,&quot;335559739&quot;:0,&quot;335559740&quot;:240}\">\u00a0<\/span><\/p>\n<p style=\"text-align: justify;\"><span data-contrast=\"auto\">Mas o grande desafio que temos na atualidade n\u00e3o \u00e9 s\u00f3 ajudar aqueles que participam das nossas comunidades a cultivarem a vida de f\u00e9, mas ir ao encontro da ovelha ferida e dispersa, isto \u00e9, daqueles e daquelas que foram batizados e fazem parte das estat\u00edsticas de nossas comunidades, mas se afastaram e j\u00e1 n\u00e3o celebram mais a f\u00e9 em comunidade. Devemos trabalhar para ajudar essas pessoas a fazerem um novo encontro com o Senhor Jesus, o \u00fanico que enche de significado profundo e de paz a nossa exist\u00eancia; e para favorecer a redescoberta da f\u00e9, nascente de gra\u00e7a que d\u00e1 alegria e esperan\u00e7a \u00e0 vida pessoal, familiar e comunit\u00e1ria.<\/span><span data-ccp-props=\"{&quot;201341983&quot;:0,&quot;335551550&quot;:6,&quot;335551620&quot;:6,&quot;335559739&quot;:0,&quot;335559740&quot;:240}\">\u00a0<\/span><\/p>\n<p style=\"text-align: justify;\"><span data-contrast=\"auto\">A f\u00e9 deve se tornar em n\u00f3s uma chama de amor, chama que acende realmente o meu ser e ilumina tamb\u00e9m o caminho do pr\u00f3ximo para o encontro com o Senhor Jesus. O homem atinge a sua maturidade amando a Deus e aos irm\u00e3os. Esse \u00e9 o mandamento que recebemos, e \u00e9 tamb\u00e9m o nosso destino mais belo e verdadeiro. O princ\u00edpio pastoral enunciado pelo Catecismo diz: \u201cToda finalidade da doutrina e do ensinamento deve ser posta no amor que n\u00e3o acaba. Com efeito, pode-se facilmente expor que \u00e9 preciso crer, esperar ou fazer; mas sobretudo \u00e9 preciso fazer sempre que apare\u00e7a o Amor de Nosso Senhor, para que cada um compreenda que cada ato de virtude perfeitamente crist\u00e3 n\u00e3o tem outra origem sen\u00e3o o Amor, e outro fim sen\u00e3o o Amor\u201d (ClgC, n. 25). Cada um de n\u00f3s recebeu a f\u00e9 por interm\u00e9dio de outros, e a outros tem a obriga\u00e7\u00e3o de transmiti-la.\u00a0<\/span><span data-ccp-props=\"{&quot;201341983&quot;:0,&quot;335551550&quot;:6,&quot;335551620&quot;:6,&quot;335559739&quot;:0,&quot;335559740&quot;:240}\">\u00a0<\/span><\/p>\n<p style=\"text-align: justify;\"><span data-ccp-props=\"{&quot;201341983&quot;:0,&quot;335551550&quot;:6,&quot;335551620&quot;:6,&quot;335559739&quot;:0,&quot;335559740&quot;:240}\">\u00a0<\/span><\/p>\n<p>&nbsp;<\/p>\n","protected":false},"excerpt":{"rendered":"<p>Dom Jos\u00e9 Gislon Bispo de Caxias do Sul (RS) &nbsp; Estimados irm\u00e3os e irm\u00e3s em Cristo Jesus! Como Povo de Deus a caminho, estamos celebrando o Ano Santo do \u201cJubileu da Esperan\u00e7a\u201d. E como \u201cperegrinos de esperan\u00e7a\u201d, precisamos entender que a f\u00e9 \u201c\u00e9 uma estrada para percorrer, sem jamais perder a meta\u201d \u2013 nos recordava &hellip;<\/p>\n<p class=\"read-more\"> <a class=\"\" href=\"https:\/\/www.cnbb.org.br\/vida-de-fe-marcada-pela-esperanca\/\"> <span class=\"screen-reader-text\">Vida de f\u00e9, marcada pela esperan\u00e7a\u00a0<\/span> Leia mais &raquo;<\/a><\/p>\n","protected":false},"author":20,"featured_media":0,"comment_status":"closed","ping_status":"closed","sticky":false,"template":"","format":"standard","meta":{"site-sidebar-layout":"default","site-content-layout":"default","ast-global-header-display":"","ast-banner-title-visibility":"","ast-main-header-display":"","ast-hfb-above-header-display":"","ast-hfb-below-header-display":"","ast-hfb-mobile-header-display":"","site-post-title":"","ast-breadcrumbs-content":"","ast-featured-img":"","footer-sml-layout":"","theme-transparent-header-meta":"default","adv-header-id-meta":"","stick-header-meta":"","header-above-stick-meta":"","header-main-stick-meta":"","header-below-stick-meta":""},"categories":[758],"tags":[],"acf":[],"_links":{"self":[{"href":"https:\/\/www.cnbb.org.br\/cnbb-app\/wp\/v2\/posts\/985599"}],"collection":[{"href":"https:\/\/www.cnbb.org.br\/cnbb-app\/wp\/v2\/posts"}],"about":[{"href":"https:\/\/www.cnbb.org.br\/cnbb-app\/wp\/v2\/types\/post"}],"author":[{"embeddable":true,"href":"https:\/\/www.cnbb.org.br\/cnbb-app\/wp\/v2\/users\/20"}],"replies":[{"embeddable":true,"href":"https:\/\/www.cnbb.org.br\/cnbb-app\/wp\/v2\/comments?post=985599"}],"version-history":[{"count":1,"href":"https:\/\/www.cnbb.org.br\/cnbb-app\/wp\/v2\/posts\/985599\/revisions"}],"predecessor-version":[{"id":985600,"href":"https:\/\/www.cnbb.org.br\/cnbb-app\/wp\/v2\/posts\/985599\/revisions\/985600"}],"wp:attachment":[{"href":"https:\/\/www.cnbb.org.br\/cnbb-app\/wp\/v2\/media?parent=985599"}],"wp:term":[{"taxonomy":"category","embeddable":true,"href":"https:\/\/www.cnbb.org.br\/cnbb-app\/wp\/v2\/categories?post=985599"},{"taxonomy":"post_tag","embeddable":true,"href":"https:\/\/www.cnbb.org.br\/cnbb-app\/wp\/v2\/tags?post=985599"}],"curies":[{"name":"wp","href":"https:\/\/api.w.org\/{rel}","templated":true}]}}