{"id":985658,"date":"2025-07-07T09:22:15","date_gmt":"2025-07-07T12:22:15","guid":{"rendered":"https:\/\/www.cnbb.org.br\/?p=985658"},"modified":"2025-07-07T09:27:15","modified_gmt":"2025-07-07T12:27:15","slug":"pre-cop-30-reune-representantes-de-quatro-regionais-da-cnbb-em-juazeiro-ba-para-discutir-o-cuidado-com-a-casa-comum","status":"publish","type":"post","link":"https:\/\/www.cnbb.org.br\/pre-cop-30-reune-representantes-de-quatro-regionais-da-cnbb-em-juazeiro-ba-para-discutir-o-cuidado-com-a-casa-comum\/","title":{"rendered":"Pr\u00e9-COP 30 re\u00fane representantes de quatro regionais da CNBB em Juazeiro (BA) para discutir o cuidado com a Casa Comum"},"content":{"rendered":"<p style=\"text-align: justify;\">Nos dias 11 e 12 de julho, a cidade de Juazeiro, na Bahia, ser\u00e1 palco da Pr\u00e9-COP 30, um encontro que reunir\u00e1 representantes dos regionais Nordeste 1 (Cear\u00e1), Nordeste 2 (Alagoas, Para\u00edba, Pernambuco e Rio Grande do Norte), Nordeste 3 (Bahia e Sergipe) e Nordeste 4 (Piau\u00ed) da Confer\u00eancia Nacional dos Bispos do Brasil (CNBB). O evento \u00e9 parte das mobiliza\u00e7\u00f5es da Igreja Cat\u00f3lica em prepara\u00e7\u00e3o para a 30\u00aa Confer\u00eancia das Partes sobre Mudan\u00e7as Clim\u00e1ticas da ONU (COP 30), que ser\u00e1 realizada em novembro de 2025, em Bel\u00e9m do Par\u00e1.<\/p>\n<p style=\"text-align: justify;\">A Pr\u00e9-COP 30 acontecer\u00e1 no Centro de Treinamento de L\u00edderes (CTL) da diocese de Juazeiro e ser\u00e1 um espa\u00e7o de escuta, articula\u00e7\u00e3o e compromisso, promovendo a reflex\u00e3o sobre os desafios socioambientais enfrentados no Nordeste e o papel das comunidades eclesiais na defesa da vida e do meio ambiente. Com o tema \u201cO futuro da Casa Comum come\u00e7a agora\u201d, o encontro prop\u00f5e uma jornada de consci\u00eancia ecol\u00f3gica, fundamentada na Enc\u00edclica Laudato Si\u2019, do Papa Francisco, e em sintonia com a a\u00e7\u00e3o pastoral das dioceses e arquidioceses da regi\u00e3o.<\/p>\n<p style=\"text-align: justify;\">O evento ter\u00e1 a participa\u00e7\u00e3o de lideran\u00e7as e agentes pastorais, representantes de povos tradicionais e comunidades impactadas por conflitos ambientais, al\u00e9m de especialistas e pesquisadores da \u00e1rea. A programa\u00e7\u00e3o incluir\u00e1 pain\u00e9is, partilhas de experi\u00eancias, momentos celebrativos e encaminhamentos pr\u00e1ticos para a incid\u00eancia da Igreja nos processos de debate e formula\u00e7\u00e3o de pol\u00edticas p\u00fablicas ligadas \u00e0 justi\u00e7a socioambiental. A Pr\u00e9-COP em Juazeiro destaca-se, portanto, como um marco no processo de mobiliza\u00e7\u00e3o das Igrejas do Nordeste, refor\u00e7ando o chamado \u00e0 convers\u00e3o ecol\u00f3gica e \u00e0 constru\u00e7\u00e3o de um futuro sustent\u00e1vel, solid\u00e1rio e comprometido com os mais pobres e com toda a cria\u00e7\u00e3o.<\/p>\n<p style=\"text-align: justify;\">A COP 30, por sua vez, ser\u00e1 um momento crucial na agenda internacional, reunindo representantes de quase 200 pa\u00edses para discutir metas e estrat\u00e9gias de enfrentamento das mudan\u00e7as clim\u00e1ticas. Esta ser\u00e1 a primeira vez que a confer\u00eancia acontecer\u00e1 na regi\u00e3o amaz\u00f4nica, um bioma vital para o equil\u00edbrio clim\u00e1tico do planeta e profundamente amea\u00e7ado por a\u00e7\u00f5es humanas predat\u00f3rias. A escolha de Bel\u00e9m como sede refor\u00e7a o protagonismo do Brasil nas discuss\u00f5es ambientais e evidencia a urg\u00eancia de compromissos concretos em prol da Casa Comum.<\/p>\n<p>&nbsp;<\/p>\n<p style=\"text-align: center;\"><strong><u>PROGRAMA\u00c7\u00c3O<\/u><\/strong><\/p>\n<p>&nbsp;<\/p>\n<p style=\"text-align: justify;\"><strong><u>11 DE JULHO (Sexta-feira)<\/u><\/strong><\/p>\n<p style=\"text-align: justify;\"><strong>7h:<\/strong>\u00a0Caf\u00e9<\/p>\n<p style=\"text-align: justify;\"><strong>8h30:<\/strong>\u00a0Celebra\u00e7\u00e3o de abertura da Pr\u00e9-COP Nordeste.<\/p>\n<p style=\"text-align: justify;\"><strong>9h15 \u00e0s 10h:<\/strong>\u00a0Mesa de Abertura<\/p>\n<p style=\"text-align: justify;\"><strong>10h \u00e0s 10h30:<\/strong>\u00a0Cafezinho<\/p>\n<p style=\"text-align: justify;\"><strong>10h30:<\/strong>\u00a0Apresenta\u00e7\u00e3o coletiva por estado<\/p>\n<p style=\"text-align: justify;\"><strong>10h40:<\/strong>\u00a0Painel 1: Confer\u00eancias do Clima em tempos de crise: contexto geral e temas centrais<\/p>\n<p style=\"text-align: justify;\"><strong><em>Ementa:<\/em><\/strong><em>\u00a0o papel das Confer\u00eancias do Clima no cen\u00e1rio de crise socioambiental, destacando sua evolu\u00e7\u00e3o hist\u00f3rica, os principais acordos firmados e os desafios de implementa\u00e7\u00e3o. Temas centrais baseado em dados sobre o impacto das mudan\u00e7as clim\u00e1ticas globais, a urg\u00eancia da transi\u00e7\u00e3o energ\u00e9tica, a responsabilidade dos pa\u00edses desenvolvidos e em desenvolvimento (\u201cmultilateralismo desde baixo\u201d \u2013 Laudato Si\u2019), o financiamento clim\u00e1tico, a justi\u00e7a clim\u00e1tica e a participa\u00e7\u00e3o da sociedade civil nos processos decis\u00f3rios. Em uma an\u00e1lise cr\u00edtica, o painel busca refletir sobre os avan\u00e7os e limita\u00e7\u00f5es das COPs (Confer\u00eancias das Partes), suas implica\u00e7\u00f5es pol\u00edticas e a necessidade de a\u00e7\u00f5es efetivas das partes para enfrentar a emerg\u00eancia clim\u00e1tica.<\/em><\/p>\n<p style=\"text-align: justify;\"><strong>12h15 \u00e0s 14h15:<\/strong>\u00a0almo\u00e7o<\/p>\n<p style=\"text-align: justify;\"><strong>14h20 \u00e0s 16h:<\/strong>\u00a0Painel 2 \u2013 O papel da Igreja na Macrorregi\u00e3o Nordeste: profetismo diante da crise socioambiental<\/p>\n<p style=\"text-align: justify;\"><strong><em>Ementa:<\/em><\/strong><em>\u00a0por meio de uma abordagem interdisciplinar, ser\u00e3o analisados os impactos das mudan\u00e7as clim\u00e1ticas nos biomas locais e suas consequ\u00eancias para as popula\u00e7\u00f5es e comunidades, tendo como base dados cient\u00edficos atualizados. O painel tamb\u00e9m abordar\u00e1 a resposta da Igreja a esses desafios, resgatando sua tradi\u00e7\u00e3o hist\u00f3rica de compromisso com a justi\u00e7a social e a Ecologia Integral, conforme os documentos Laudato Si\u2019, Querida Amaz\u00f4nia e Laudate Deum. Ser\u00e1 um espa\u00e7o de reflex\u00e3o e debate para que os\/as participantes possam compreender melhor sua realidade, combater a desinforma\u00e7\u00e3o clim\u00e1tica e fortalecer processos de convers\u00e3o ecol\u00f3gica.<\/em><\/p>\n<p style=\"text-align: justify;\"><strong>16h \u00e0s 16h30:<\/strong>\u00a0Intervalo 16h30 \u00e0s 17h30: Trabalho em grupo sobre o texto \u201cPrepara\u00e7\u00e3o para a COP 30: Um chamado \u00e0 convers\u00e3o ecol\u00f3gica, transforma\u00e7\u00e3o e resist\u00eancia \u00e0s falsas solu\u00e7\u00f5es clim\u00e1ticas\u201d.<\/p>\n<p style=\"text-align: justify;\"><strong>17h30 \u00e0s 18h:<\/strong>\u00a0Apresenta\u00e7\u00e3o da discuss\u00e3o feita nos grupos<\/p>\n<p style=\"text-align: justify;\"><strong>18h \u00e0s 19h:<\/strong>\u00a0Descanso<\/p>\n<p style=\"text-align: justify;\"><strong>19h:<\/strong>\u00a0Jantar<\/p>\n<p style=\"text-align: justify;\"><strong>20h:<\/strong>\u00a0Noite Cultural<\/p>\n<p>&nbsp;<\/p>\n<p>&nbsp;<\/p>\n<p style=\"text-align: justify;\"><strong><u>12 DE JULHO (S\u00e1bado)<\/u><\/strong><\/p>\n<p style=\"text-align: justify;\"><strong>7h:<\/strong>\u00a0Celebra\u00e7\u00e3o Eucar\u00edstica<\/p>\n<p style=\"text-align: justify;\"><strong>8h15 \u00e0s 9h15:<\/strong>\u00a0Caf\u00e9<\/p>\n<p style=\"text-align: justify;\"><strong>9h20 \u00e0s 10h20:<\/strong>\u00a0Cartografias da Esperan\u00e7a \u2013 Mesa com apresenta\u00e7\u00e3o de iniciativas regionais. Ementa: ser\u00e3o convidadas pessoas de organiza\u00e7\u00f5es e movimentos sociais que possam partilhar experi\u00eancias concretas de enfrentamento \u00e0 crise clim\u00e1tica, enfatizando sua influ\u00eancia na formula\u00e7\u00e3o de pol\u00edticas p\u00fablicas e em pr\u00e1ticas de cuidado com a Casa Comum.<\/p>\n<p style=\"text-align: justify;\"><strong>10h20 \u00e0s 10h50:<\/strong>\u00a0Intervalo<\/p>\n<p style=\"text-align: justify;\"><strong>10h50 \u00e0s 12h:<\/strong>\u00a0Fila do povo<\/p>\n<p style=\"text-align: justify;\"><strong>12h \u00e0s 14h:<\/strong>\u00a0Almo\u00e7o<\/p>\n<p style=\"text-align: justify;\"><strong>14h \u00e0s 14h30:<\/strong>\u00a0Apresenta\u00e7\u00e3o da primeira vers\u00e3o da Carta-Compromisso pelos relatores e discuss\u00e3o na plen\u00e1ria<\/p>\n<p style=\"text-align: justify;\"><strong>14h30 \u00e0s 15h30:<\/strong>\u00a0Rodas de Conversas por Regional e sistematiza\u00e7\u00e3o dos compromissos e constru\u00e7\u00e3o de uma agenda comum pelos regionais.<\/p>\n<p style=\"text-align: justify;\"><strong>15h30 \u00e0s 16h:<\/strong>\u00a0Lanche<\/p>\n<p style=\"text-align: justify;\"><strong>16h \u00e0s 17h:<\/strong>\u00a0Plen\u00e1ria de apresenta\u00e7\u00e3o dos compromissos assumidos pelos regionais e constru\u00e7\u00e3o da agenda da macrorregi\u00e3o<\/p>\n<p style=\"text-align: justify;\"><strong>17h \u00e0s 17h30:<\/strong>\u00a0Celebra\u00e7\u00e3o de envio e gesto concreto<\/p>\n<p style=\"text-align: justify;\"><strong>19h:<\/strong>\u00a0Jantar e encerramento<\/p>\n<p>&nbsp;<\/p>\n<p>&nbsp;<\/p>\n<pre><a href=\"https:\/\/cnbbne3.org.br\/pre-cop-30-reune-representantes-de-quatro-regionais-da-cnbb-em-juazeiro-ba-para-discutir-o-cuidado-com-a-casa-comum\/\" target=\"_blank\" rel=\"noopener\">Com informa\u00e7\u00f5es do regional Nordeste 3\u00a0<\/a><\/pre>\n","protected":false},"excerpt":{"rendered":"<p>Nos dias 11 e 12 de julho, a cidade de Juazeiro, na Bahia, ser\u00e1 palco da Pr\u00e9-COP 30, um encontro que reunir\u00e1 representantes dos regionais Nordeste 1, Nordeste 2, Nordeste 3 e Nordeste 4 da CNBB. O evento \u00e9 parte das mobiliza\u00e7\u00f5es da Igreja Cat\u00f3lica em prepara\u00e7\u00e3o para a 30\u00aa Confer\u00eancia das Partes sobre Mudan\u00e7as Clim\u00e1ticas da ONU (COP 30)<\/p>\n","protected":false},"author":141,"featured_media":985660,"comment_status":"closed","ping_status":"closed","sticky":false,"template":"","format":"standard","meta":{"site-sidebar-layout":"default","site-content-layout":"default","ast-global-header-display":"","ast-banner-title-visibility":"","ast-main-header-display":"","ast-hfb-above-header-display":"","ast-hfb-below-header-display":"","ast-hfb-mobile-header-display":"","site-post-title":"","ast-breadcrumbs-content":"","ast-featured-img":"","footer-sml-layout":"","theme-transparent-header-meta":"default","adv-header-id-meta":"","stick-header-meta":"","header-above-stick-meta":"","header-main-stick-meta":"","header-below-stick-meta":""},"categories":[50,789],"tags":[2138,6062,6061],"acf":[],"_links":{"self":[{"href":"https:\/\/www.cnbb.org.br\/cnbb-app\/wp\/v2\/posts\/985658"}],"collection":[{"href":"https:\/\/www.cnbb.org.br\/cnbb-app\/wp\/v2\/posts"}],"about":[{"href":"https:\/\/www.cnbb.org.br\/cnbb-app\/wp\/v2\/types\/post"}],"author":[{"embeddable":true,"href":"https:\/\/www.cnbb.org.br\/cnbb-app\/wp\/v2\/users\/141"}],"replies":[{"embeddable":true,"href":"https:\/\/www.cnbb.org.br\/cnbb-app\/wp\/v2\/comments?post=985658"}],"version-history":[{"count":9,"href":"https:\/\/www.cnbb.org.br\/cnbb-app\/wp\/v2\/posts\/985658\/revisions"}],"predecessor-version":[{"id":985668,"href":"https:\/\/www.cnbb.org.br\/cnbb-app\/wp\/v2\/posts\/985658\/revisions\/985668"}],"wp:featuredmedia":[{"embeddable":true,"href":"https:\/\/www.cnbb.org.br\/cnbb-app\/wp\/v2\/media\/985660"}],"wp:attachment":[{"href":"https:\/\/www.cnbb.org.br\/cnbb-app\/wp\/v2\/media?parent=985658"}],"wp:term":[{"taxonomy":"category","embeddable":true,"href":"https:\/\/www.cnbb.org.br\/cnbb-app\/wp\/v2\/categories?post=985658"},{"taxonomy":"post_tag","embeddable":true,"href":"https:\/\/www.cnbb.org.br\/cnbb-app\/wp\/v2\/tags?post=985658"}],"curies":[{"name":"wp","href":"https:\/\/api.w.org\/{rel}","templated":true}]}}