{"id":985716,"date":"2025-07-08T11:31:33","date_gmt":"2025-07-08T14:31:33","guid":{"rendered":"https:\/\/www.cnbb.org.br\/?p=985716"},"modified":"2025-07-08T11:52:20","modified_gmt":"2025-07-08T14:52:20","slug":"pistas-para-a-fase-de-implementacao-em-vista-de-alcancar-uma-conversao-sinodal","status":"publish","type":"post","link":"https:\/\/www.cnbb.org.br\/pistas-para-a-fase-de-implementacao-em-vista-de-alcancar-uma-conversao-sinodal\/","title":{"rendered":"S\u00ednodo: Vaticano divulga documento com \u201cpistas\u201d para a fase de implementa\u00e7\u00e3o em vista de alcan\u00e7ar uma \u201cconvers\u00e3o sinodal\u201d"},"content":{"rendered":"<p style=\"text-align: justify;\">Por um lado, oferecer \u00e0s Igrejas locais em todo o mundo uma estrutura compartilhada que facilite o caminhar juntos. Por outro, promover o di\u00e1logo que levar\u00e1 toda a Igreja \u00e0 Assembleia Eclesial de outubro de 2028. Estas s\u00e3o as diretrizes do documento publicado nesta segunda-feira, 7 de julho, pela Secretaria Geral do S\u00ednodo, intitulado <a href=\"https:\/\/www.synod.va\/content\/dam\/synod\/process\/implementation\/pathways\/250102---POR-Pistas-para-a-fase-de-implementacao.pdf\" target=\"_blank\" rel=\"noopener\">&#8220;Pistas para a Fase de Implementa\u00e7\u00e3o do S\u00ednodo&#8221;<\/a>. Cerca de sessenta p\u00e1ginas, quatro cap\u00edtulos, com indica\u00e7\u00f5es e orienta\u00e7\u00f5es para acompanhar a \u00faltima fase do processo sinodal iniciado em 2021 pelo Papa Francisco e agora relan\u00e7ado pelo Papa Le\u00e3o XIV.<\/p>\n<h3 style=\"text-align: justify;\">Grupos de Estudo institu\u00eddos pelo Papa Le\u00e3o XIV<\/h3>\n<p style=\"text-align: justify;\">O texto foi aprovado pelo XVI Conselho Ordin\u00e1rio, reunido em Roma nos \u00faltimos dias. Os membros receberam a visita do Papa Le\u00e3o XIV, em 26 de junho, que os encorajou a continuar no &#8220;estilo&#8221; da sinodalidade, &#8220;uma atitude que nos ajuda a ser Igreja&#8221;. O pr\u00f3prio Le\u00e3o XIV, informa o documento, confirmou os Grupos de Estudo, institu\u00eddos por Francisco no ano passado para aprofundar a reflex\u00e3o sobre determinados temas sob os pontos de vista can\u00f4nico, teol\u00f3gico e pastoral, acrescentando dois novos: um sobre &#8220;A liturgia em perspectiva sinodal&#8221; e outro sobre &#8220;O estatuto das Confer\u00eancias Episcopais, das Assembleias Eclesiais e dos Conc\u00edlios Particulares&#8221;. A Secretaria Geral do S\u00ednodo tem a tarefa de &#8220;garantir que as decis\u00f5es do Papa, amadurecidas tamb\u00e9m a partir dos resultados desses Grupos, sejam harmoniosamente integradas ao caminho sinodal em andamento&#8221;.<\/p>\n<h3 style=\"text-align: justify;\">A introdu\u00e7\u00e3o do cardeal Grech<\/h3>\n<p style=\"text-align: justify;\">As Pistas abrem-se com uma introdu\u00e7\u00e3o do cardeal Mario Grech, secret\u00e1rio-geral do S\u00ednodo, que enfatiza que neste mundo \u201cpreso numa espiral de viol\u00eancia e guerra sem fim, que luta cada vez mais para criar oportunidades de encontro e di\u00e1logo\u201d, h\u00e1 mais do que nunca a necessidade de uma Igreja que saiba ser \u201csinal e instrumento\u201d da \u201cunidade de todo o g\u00eanero humano\u201d.<\/p>\n<p style=\"text-align: justify;\">O cardeal recorda ent\u00e3o que muitas Igrejas locais no mundo est\u00e3o \u201cseguindo com entusiasmo\u201d o caminho sinodal; outras, no entanto, \u201cainda se perguntam como empreender a fase de implementa\u00e7\u00e3o ou est\u00e3o dando os primeiros passos\u201d. O texto pode, portanto, ser \u201cum horizonte ao qual confrontar-se\u201d e um encorajamento a \u201cavan\u00e7ar com coragem\u201d, enfrentando resist\u00eancias e dificuldades. A Secretaria Geral do S\u00ednodo permanece \u00e0 disposi\u00e7\u00e3o de todos, assegura o cardeal, para ouvir, acompanhar, \u201canimar o di\u00e1logo e a troca de dons entre as Igrejas\u201d. Com base nas contribui\u00e7\u00f5es e perguntas recebidas, oferecer\u00e1 \u201cmais est\u00edmulos e instrumentos\u201d.<\/p>\n<h3 style=\"text-align: justify;\">O Jubileu das Equipes Sinodais<\/h3>\n<p style=\"text-align: justify;\">As primeiras p\u00e1ginas do documento especificam as futuras etapas do caminho sinodal e anunciam um evento especial: o Jubileu das Equipes Sinodais e dos Organismos de Participa\u00e7\u00e3o, que se realizar\u00e1 de 24 a 26 de outubro de 2025. \u201cUma oportunidade para construir la\u00e7os, trocar experi\u00eancias e nos sintonizar melhor\u201d.<\/p>\n<p style=\"text-align: justify;\">O primeiro cap\u00edtulo oferece &#8220;uma chave interpretativa da fase de implementa\u00e7\u00e3o do processo sinodal&#8221;, que &#8220;tem como objetivo experimentar pr\u00e1ticas e estruturas renovadas&#8221; para tornar a vida da Igreja &#8220;cada vez mais sinodal&#8221;. Esta fase n\u00e3o \u00e9, portanto, &#8220;uma esp\u00e9cie de exerc\u00edcio&#8221;, &#8220;uma tarefa adicional solicitada por Roma&#8221;, nem um momento para formular &#8220;hip\u00f3teses abstratas&#8221;. Tampouco \u00e9 um &#8220;retorno&#8221; ou &#8220;uma pura repeti\u00e7\u00e3o do que j\u00e1 foi experimentado&#8221;. A fase de implementa\u00e7\u00e3o \u2013 esclarece-se \u2013 &#8220;faz parte da vida ordin\u00e1ria das Igrejas&#8221;, que dever\u00e3o identificar &#8220;caminhos formativos para alcan\u00e7ar uma convers\u00e3o sinodal tang\u00edvel nas diversas realidades eclesiais&#8221;.<\/p>\n<h3 style=\"text-align: justify;\">Uma participa\u00e7\u00e3o mais ampla<\/h3>\n<p style=\"text-align: justify;\">O documento prossegue afirmando que na fase de implementa\u00e7\u00e3o participam homens e mulheres, na variedade de carismas, voca\u00e7\u00f5es e minist\u00e9rios; pequenas comunidades crist\u00e3s ou comunidades eclesiais de base; par\u00f3quias, associa\u00e7\u00f5es, movimentos; pessoas consagradas. Todos, em suma, porque &#8220;n\u00e3o pode ser um caminho limitado a um n\u00facleo de adeptos&#8221;, especifica o texto; ali\u00e1s, \u00e9 importante contribuir para &#8220;ampliar as possibilidades de participa\u00e7\u00e3o e o exerc\u00edcio da corresponsabilidade diferenciada de todos os batizados&#8221;.<\/p>\n<p style=\"text-align: justify;\">Crucial, neste sentido, \u00e9 envolver aqueles que at\u00e9 agora permaneceram \u201c\u00e0 margem\u201d do caminho sinodal, \u201cpessoas e grupos de diferentes identidades culturais e condi\u00e7\u00f5es sociais\u201d, em particular os pobres e exclu\u00eddos. Da mesma forma, \u00e9 necess\u00e1rio um \u201ccuidado especial\u201d para \u201cescutar aqueles que expressaram d\u00favidas e resist\u00eancias\u201d. Nesse sentido, o convite \u00e0s Igrejas \u00e9 para que busquem \u201cinstrumentos de escuta\u201d em diversos contextos e n\u00e3o apenas nas par\u00f3quias, mas, por exemplo, nas universidades, nos centros de escuta e acolhimento, nos hospitais e pris\u00f5es, nos ambientes digitais.<\/p>\n<h3 style=\"text-align: justify;\">A tarefa do bispo e o papel das equipes sinodais<\/h3>\n<p style=\"text-align: justify;\">O texto reitera, ent\u00e3o, que \u201co primeiro respons\u00e1vel\u201d pela fase de implementa\u00e7\u00e3o em cada Igreja local \u00e9 o bispo diocesano ou eparquial, que dever\u00e1 recorrer a outras figuras e organismos, como os diversos Conselhos (presbiteral, pastoral, econ\u00f4mico) e, sobretudo, \u00e0s equipes sinodais diocesanas\/eparquiais, cujo trabalho, na fase de consulta, foi \u201cprecioso\u201d. \u201cSua contribui\u00e7\u00e3o tamb\u00e9m ser\u00e1 fundamental na fase de implementa\u00e7\u00e3o\u201d, afirma o documento. Por isso, as equipes existentes dever\u00e3o ser valorizadas e renovadas, reativadas se suspensas, eventualmente integradas, criadas onde n\u00e3o existirem. As equipes incluem \u201cleigos, leigas, sacerdotes e di\u00e1conos, consagrados e consagradas de diferentes idades e portadores de diferentes culturas e modelos de forma\u00e7\u00e3o\u201d. A oportunidade de convidar representantes de outras comunidades crist\u00e3s ou religi\u00f5es como \u201cobservadores\u201d deve ser avaliada. O bispo, se n\u00e3o fizer parte, ser\u00e1 \u201cregularmente informado\u201d sobre os trabalhos e ter\u00e1 que se reunir com a equipe \u201cquando for oportuno\u201d.<\/p>\n<h3 style=\"text-align: justify;\">A porta sempre &#8220;aberta&#8221;<\/h3>\n<p style=\"text-align: justify;\">O documento se det\u00e9m nas tarefas da Secretaria Geral do S\u00ednodo, que se compromete a permanecer sempre &#8220;com a porta aberta&#8221; para ouvir as necessidades, intui\u00e7\u00f5es e propostas das Igrejas locais, &#8220;facilitar&#8221; o seu trabalho e responder \u00e0s solicita\u00e7\u00f5es de conte\u00fado e metodologias. Nessa perspectiva, ser\u00e3o promovidas confer\u00eancias, semin\u00e1rios de estudo e momentos de reflex\u00e3o compartilhada. Ser\u00e1 acompanhada a organiza\u00e7\u00e3o das assembleias continentais de avalia\u00e7\u00e3o (1\u00ba trimestre de 2028) e da assembleia eclesial de outubro de 2028, como ocasi\u00f5es &#8220;para compartilhar experi\u00eancias de renova\u00e7\u00e3o de pr\u00e1ticas e estruturas em sentido sinodal&#8221;, a fim de submet\u00ea-las ao Papa para &#8220;uma valida\u00e7\u00e3o definitiva&#8221;.<\/p>\n<h3 style=\"text-align: justify;\">Promover o conhecimento do Documento Final<\/h3>\n<p style=\"text-align: justify;\">As Pistas exploram, em seguida, a estrutura e o conte\u00fado do Documento Final da Assembleia de 2024, um texto \u201crico e org\u00e2nico\u201d cujo \u201cconhecimento \u00e9 essencial promover\u201d. Ser\u00e1 \u201coportuno\u201d proporcionar \u201cmomentos e\/ou instrumentos de forma\u00e7\u00e3o, acompanhamento e orienta\u00e7\u00e3o na leitura\u201d, recomenda-se. No Documento se identificam \u201calguns pontos fortes\u201d, como a \u201cperspectiva eclesiol\u00f3gica\u201d enraizada no Conc\u00edlio; o impulso ecum\u00eanico; a vis\u00e3o de um \u201cdi\u00e1logo\u201d com outras tradi\u00e7\u00f5es religiosas e a sociedade.<\/p>\n<p style=\"text-align: justify;\">Considerando a necessidade de \u201ccaminhar juntos como Igreja\u201d, as Pistas reiteram o convite \u00e0s Igrejas locais \u201cpara compartilhar os passos dados em algumas \u00e1reas espec\u00edficas\u201d. Uma delas \u00e9 \u201co acesso efetivo a fun\u00e7\u00f5es de responsabilidade e pap\u00e9is de lideran\u00e7a que n\u00e3o exigem o Sacramento da Ordem por parte de mulheres e homens n\u00e3o ordenados, leigos e leigas, e consagrados e consagradas\u201d.<\/p>\n<h3 style=\"text-align: justify;\">Processos &#8220;de estilo sinodal&#8221;<\/h3>\n<p style=\"text-align: justify;\">Em geral, recomenda-se que o m\u00e9todo sinodal n\u00e3o se reduza &#8220;a uma s\u00e9rie de t\u00e9cnicas de gest\u00e3o de encontros&#8221;, mas seja vivido como uma &#8220;experi\u00eancia espiritual e eclesial que implica o crescimento num novo modo de ser Igreja&#8221;. As indica\u00e7\u00f5es metodol\u00f3gicas ser\u00e3o, portanto, declinadas numa variedade de processos (discernimento, governan\u00e7a, escuta, forma\u00e7\u00e3o, etc.), caracterizados por objetivos diferentes, mas unidos pelo fato de &#8220;realizarem-se num estilo sinodal&#8221;.<\/p>\n<h3 style=\"text-align: justify;\">Olhar para o futuro com confian\u00e7a<\/h3>\n<p style=\"text-align: justify;\">Na parte final, a Igreja \u00e9 convidada a \u201colhar com confian\u00e7a para o percurso\u201d dos pr\u00f3ximos anos, come\u00e7ando pelo Jubileu das Equipes Sinodais: \u201cQue a ocasi\u00e3o de caminhar juntos fisicamente em dire\u00e7\u00e3o \u00e0 Porta Santa se torne uma oportunidade para trocar dons e celebrar aquela esperan\u00e7a que n\u00e3o desilude\u201d.<\/p>\n<p><strong>Acesse o documento na \u00edntegra: (<a href=\"https:\/\/www.synod.va\/content\/dam\/synod\/process\/implementation\/pathways\/250102---POR-Pistas-para-a-fase-de-implementacao.pdf\" target=\"_blank\" rel=\"noopener\">aqui<\/a>)<\/strong><\/p>\n<pre>Com informa\u00e7\u00f5es<a href=\"https:\/\/www.vaticannews.va\/pt\/vaticano\/news\/2025-07\/sinodo-pistas-fase-implementacao-documento-secretaria-geral.html\" target=\"_blank\" rel=\"noopener\"> VaticanNews<\/a><\/pre>\n","protected":false},"excerpt":{"rendered":"<p>Cerca de sessenta p\u00e1ginas, quatro cap\u00edtulos, com indica\u00e7\u00f5es e orienta\u00e7\u00f5es para acompanhar a \u00faltima fase do processo sinodal iniciado em 2021 pelo Papa Francisco e agora relan\u00e7ado pelo Papa Le\u00e3o XIV. No Brasil, o Conselho Permanente aprovou, em sua \u00faltima reuni\u00e3o, a constitui\u00e7\u00e3o de um novo grupo de coordena\u00e7\u00e3o do processo de implementa\u00e7\u00e3o do S\u00ednodo<\/p>\n","protected":false},"author":142,"featured_media":985717,"comment_status":"closed","ping_status":"closed","sticky":false,"template":"","format":"standard","meta":{"site-sidebar-layout":"default","site-content-layout":"default","ast-global-header-display":"","ast-banner-title-visibility":"","ast-main-header-display":"","ast-hfb-above-header-display":"","ast-hfb-below-header-display":"","ast-hfb-mobile-header-display":"","site-post-title":"","ast-breadcrumbs-content":"","ast-featured-img":"","footer-sml-layout":"","theme-transparent-header-meta":"default","adv-header-id-meta":"","stick-header-meta":"","header-above-stick-meta":"","header-main-stick-meta":"","header-below-stick-meta":""},"categories":[50,784],"tags":[2265],"acf":[],"_links":{"self":[{"href":"https:\/\/www.cnbb.org.br\/cnbb-app\/wp\/v2\/posts\/985716"}],"collection":[{"href":"https:\/\/www.cnbb.org.br\/cnbb-app\/wp\/v2\/posts"}],"about":[{"href":"https:\/\/www.cnbb.org.br\/cnbb-app\/wp\/v2\/types\/post"}],"author":[{"embeddable":true,"href":"https:\/\/www.cnbb.org.br\/cnbb-app\/wp\/v2\/users\/142"}],"replies":[{"embeddable":true,"href":"https:\/\/www.cnbb.org.br\/cnbb-app\/wp\/v2\/comments?post=985716"}],"version-history":[{"count":6,"href":"https:\/\/www.cnbb.org.br\/cnbb-app\/wp\/v2\/posts\/985716\/revisions"}],"predecessor-version":[{"id":985723,"href":"https:\/\/www.cnbb.org.br\/cnbb-app\/wp\/v2\/posts\/985716\/revisions\/985723"}],"wp:featuredmedia":[{"embeddable":true,"href":"https:\/\/www.cnbb.org.br\/cnbb-app\/wp\/v2\/media\/985717"}],"wp:attachment":[{"href":"https:\/\/www.cnbb.org.br\/cnbb-app\/wp\/v2\/media?parent=985716"}],"wp:term":[{"taxonomy":"category","embeddable":true,"href":"https:\/\/www.cnbb.org.br\/cnbb-app\/wp\/v2\/categories?post=985716"},{"taxonomy":"post_tag","embeddable":true,"href":"https:\/\/www.cnbb.org.br\/cnbb-app\/wp\/v2\/tags?post=985716"}],"curies":[{"name":"wp","href":"https:\/\/api.w.org\/{rel}","templated":true}]}}