{"id":985767,"date":"2025-07-09T10:06:23","date_gmt":"2025-07-09T13:06:23","guid":{"rendered":"https:\/\/www.cnbb.org.br\/?p=985767"},"modified":"2025-07-09T10:08:06","modified_gmt":"2025-07-09T13:08:06","slug":"hospital-santuario-da-vida-da-acessibilidade-e-construcao-universal-da-saude-integral","status":"publish","type":"post","link":"https:\/\/www.cnbb.org.br\/hospital-santuario-da-vida-da-acessibilidade-e-construcao-universal-da-saude-integral\/","title":{"rendered":"Hospital: Santu\u00e1rio da vida, da acessibilidade e constru\u00e7\u00e3o universal da sa\u00fade integral"},"content":{"rendered":"<p style=\"text-align: right;\"><strong>Dom Roberto Francisco Ferreria Paz<\/strong><br \/>\n<strong>Bispo de Campos (RJ)<\/strong><\/p>\n<p style=\"text-align: justify;\">\n<p style=\"text-align: justify;\">O Dia mundial do hospital \u00e9 celebrado no dia 14 de julho, data criada pela OMS para homenagear aos profissionais da sa\u00fade, e lembrar os objetivos fundamentais de tal institui\u00e7\u00e3o qual sejam : cura e recupera\u00e7\u00e3o da sa\u00fade dos pacientes, apoiar a preven\u00e7\u00e3o de doen\u00e7as, educa\u00e7\u00e3o dos profissionais da sa\u00fade e a pesquisa cient\u00edfica na \u00e1rea da sa\u00fade.<\/p>\n<p style=\"text-align: justify;\">Poder\u00edamos acrescentar a humaniza\u00e7\u00e3o e o resgate da inteireza e integralidade da pessoa humana, como homo curans, sa\u00fadavel e equilibrado em suas quatro dimens\u00f5es : corporal, mental, espiritual e ambiental. No Brasil se comemora 02 de julho data da inaugura\u00e7\u00e3o da Santa Casa de Miseric\u00f3rdia, efem\u00e9ride criada pelo ent\u00e3o presidente Get\u00falio Vargas.<\/p>\n<p style=\"text-align: justify;\">O nome de hospital faz refer\u00eancia a hospitalidade (do latim hospitalis) virtude crist\u00e3 e humana de ser acolhedor, bom anfitri\u00e3o. Suas origens se remontam ao Ceil\u00e3o em 431 a.C. como lugar de atendimento e recupera\u00e7\u00e3o dos enfermos no atual Sri Lanka, mais adiante os romanos criaram os chamados \u201cvaletudinarium\u201d pelo ano100 a.C destinados ao feridos na guerra.<\/p>\n<p style=\"text-align: justify;\">Mas ser\u00e1 no s\u00e9culo IV da nossa era que surge em torno aos mosteiros ou mesmo dentro, o mais semelhante com a institui\u00e7\u00e3o moderna, servindo de abrigo, amparo, lugar de cura e cuidado para viajantes, peregrinos, pobres e estrangeiros.<\/p>\n<p style=\"text-align: justify;\">No Brasil os primeiros hospitais na forma hist\u00f3rica de Santas Casas de Miseric\u00f3rdia foram os de Pernambuco 1540 que n\u00e3o vigorou, Santos 1548 fundado por Braz Cubas, e Rio de Janeiro 1582, na falta inicial de m\u00e9dicos, foram atendidos por religiosos especialmente os jesu\u00edtas que tinham bom conhecimento medicinal e farmac\u00eautico.<\/p>\n<p style=\"text-align: justify;\">Os hospitais hoje ainda em grande parte no nosso pa\u00eds pertencentes a rede particular, apresentam grandes desafios e tamb\u00e9m pontos de estrangulamento, superlota\u00e7\u00e3o e escassez de leitos, dificuldades na aquisi\u00e7\u00e3o de equipamentos e tecnologia de ponta, acompanhamento dos pacientes, concentra\u00e7\u00e3o regional, nas cidades litor\u00e2neas e no sudeste,finalmente a humaniza\u00e7\u00e3o e integralidade do atendimento fica as vezes a dever.<\/p>\n<p style=\"text-align: justify;\">Junto a este quadro de certas car\u00eancias notamos hospitais de excel\u00eancia, m\u00e9dicos e profissionais da sa\u00fade bem formados e atualizados, e uma consci\u00eancia cada vez mais apurada da popula\u00e7\u00e3o em torno como diz a ONU a accebilidade e integralidade da sa\u00fade, o que constitui um sinal de esperan\u00e7a e renova\u00e7\u00e3o.<\/p>\n<p style=\"text-align: justify;\">A Pastoral da Sa\u00fade homenageia a todos os servidores e profissionais da sa\u00fade e tratar\u00e1 sempre de ser nestas institui\u00e7\u00f5es essenciais para vida uma presen\u00e7a humanizadora e samaritana. Deus seja louvado!<\/p>\n<p>&nbsp;<\/p>\n","protected":false},"excerpt":{"rendered":"<p>Dom Roberto Francisco Ferreria Paz Bispo de Campos (RJ) O Dia mundial do hospital \u00e9 celebrado no dia 14 de julho, data criada pela OMS para homenagear aos profissionais da sa\u00fade, e lembrar os objetivos fundamentais de tal institui\u00e7\u00e3o qual sejam : cura e recupera\u00e7\u00e3o da sa\u00fade dos pacientes, apoiar a preven\u00e7\u00e3o de doen\u00e7as, educa\u00e7\u00e3o &hellip;<\/p>\n<p class=\"read-more\"> <a class=\"\" href=\"https:\/\/www.cnbb.org.br\/hospital-santuario-da-vida-da-acessibilidade-e-construcao-universal-da-saude-integral\/\"> <span class=\"screen-reader-text\">Hospital: Santu\u00e1rio da vida, da acessibilidade e constru\u00e7\u00e3o universal da sa\u00fade integral<\/span> Leia mais &raquo;<\/a><\/p>\n","protected":false},"author":23,"featured_media":0,"comment_status":"closed","ping_status":"closed","sticky":false,"template":"","format":"standard","meta":{"site-sidebar-layout":"default","site-content-layout":"default","ast-global-header-display":"","ast-banner-title-visibility":"","ast-main-header-display":"","ast-hfb-above-header-display":"","ast-hfb-below-header-display":"","ast-hfb-mobile-header-display":"","site-post-title":"","ast-breadcrumbs-content":"","ast-featured-img":"","footer-sml-layout":"","theme-transparent-header-meta":"default","adv-header-id-meta":"","stick-header-meta":"","header-above-stick-meta":"","header-main-stick-meta":"","header-below-stick-meta":""},"categories":[758],"tags":[],"acf":[],"_links":{"self":[{"href":"https:\/\/www.cnbb.org.br\/cnbb-app\/wp\/v2\/posts\/985767"}],"collection":[{"href":"https:\/\/www.cnbb.org.br\/cnbb-app\/wp\/v2\/posts"}],"about":[{"href":"https:\/\/www.cnbb.org.br\/cnbb-app\/wp\/v2\/types\/post"}],"author":[{"embeddable":true,"href":"https:\/\/www.cnbb.org.br\/cnbb-app\/wp\/v2\/users\/23"}],"replies":[{"embeddable":true,"href":"https:\/\/www.cnbb.org.br\/cnbb-app\/wp\/v2\/comments?post=985767"}],"version-history":[{"count":2,"href":"https:\/\/www.cnbb.org.br\/cnbb-app\/wp\/v2\/posts\/985767\/revisions"}],"predecessor-version":[{"id":985769,"href":"https:\/\/www.cnbb.org.br\/cnbb-app\/wp\/v2\/posts\/985767\/revisions\/985769"}],"wp:attachment":[{"href":"https:\/\/www.cnbb.org.br\/cnbb-app\/wp\/v2\/media?parent=985767"}],"wp:term":[{"taxonomy":"category","embeddable":true,"href":"https:\/\/www.cnbb.org.br\/cnbb-app\/wp\/v2\/categories?post=985767"},{"taxonomy":"post_tag","embeddable":true,"href":"https:\/\/www.cnbb.org.br\/cnbb-app\/wp\/v2\/tags?post=985767"}],"curies":[{"name":"wp","href":"https:\/\/api.w.org\/{rel}","templated":true}]}}