{"id":985836,"date":"2025-07-10T13:39:18","date_gmt":"2025-07-10T16:39:18","guid":{"rendered":"https:\/\/www.cnbb.org.br\/?p=985836"},"modified":"2025-07-23T14:47:55","modified_gmt":"2025-07-23T17:47:55","slug":"contagem-regressiva-falta-um-mes-para-a-semana-nacional-da-familia-2025-promovida-pela-comissao-para-a-vida-e-a-familia-da-cnbb","status":"publish","type":"post","link":"https:\/\/www.cnbb.org.br\/contagem-regressiva-falta-um-mes-para-a-semana-nacional-da-familia-2025-promovida-pela-comissao-para-a-vida-e-a-familia-da-cnbb\/","title":{"rendered":"Contagem regressiva: falta um m\u00eas para a Semana Nacional da Fam\u00edlia, promovida pela Comiss\u00e3o para a Vida e a Fam\u00edlia da CNBB"},"content":{"rendered":"<p style=\"text-align: justify;\">Falta exatamente um m\u00eas para a Semana Nacional da Fam\u00edlia, que neste ano ser\u00e1 celebrada de 10 a 16 de agosto, iniciando no Dia dos Pais. A edi\u00e7\u00e3o de 2025 est\u00e1 em sintonia com o Ano Jubilar e traz como tema \u201c\u00c9 tempo de J\u00fabilo em nossa vida\u201d, iluminado pelo lema b\u00edblico: \u201cOra, a esperan\u00e7a n\u00e3o decepciona, porque o amor de Deus foi derramado em nossos cora\u00e7\u00f5es pelo Esp\u00edrito Santo que nos foi dado\u201d (Rm 5,5).<\/p>\n<p style=\"text-align: justify;\">A Semana \u00e9 promovida pela Comiss\u00e3o Nacional da Pastoral Familiar (CNPF), da Confer\u00eancia Nacional dos Bispos do Brasil (CNBB), e \u00e9 considerada um dos momentos mais importantes do calend\u00e1rio pastoral das par\u00f3quias em todo o pa\u00eds. O evento prop\u00f5e encontros de ora\u00e7\u00e3o, forma\u00e7\u00e3o e evangeliza\u00e7\u00e3o em torno da valoriza\u00e7\u00e3o da fam\u00edlia, buscando envolver todas as gera\u00e7\u00f5es e voca\u00e7\u00f5es.<\/p>\n<p style=\"text-align: justify;\">Para orientar as atividades, a CNPF disponibilizou o <a href=\"https:\/\/www.lojacnpf.org.br\/hora-da-familia-e-hora-da-vida-2025-pr-625-337337.htm\" target=\"_blank\" rel=\"noopener\">subs\u00eddio <em>Hora da Fam\u00edlia 2025<\/em><\/a>, que j\u00e1 pode ser adquirido pela loja da Pastoral Familiar ou pelo WhatsApp (61) 3443-2900. O material tamb\u00e9m contempla as celebra\u00e7\u00f5es da Semana Nacional da Vida, que ocorre em outubro.<\/p>\n<p style=\"text-align: justify;\">Segundo dom Bruno Elizeu Versari, bispo de Ponta Grossa e presidente da Comiss\u00e3o Episcopal para a Vida e a Fam\u00edlia, a proposta deste ano \u00e9 ser presen\u00e7a concreta de esperan\u00e7a: \u201cSomos chamados a ser sinais palp\u00e1veis de esperan\u00e7a para muitos irm\u00e3os e irm\u00e3s que vivem em condi\u00e7\u00f5es de dificuldades. A fam\u00edlia vive momentos de grande turbul\u00eancia\u201d.<\/p>\n<h3 style=\"text-align: justify;\">Um tempo de comunh\u00e3o e testemunho<\/h3>\n<p style=\"text-align: justify;\">De acordo com o subs\u00eddio oficial da Semana, a proposta vai al\u00e9m dos encontros religiosos. As comunidades s\u00e3o incentivadas a promover a\u00e7\u00f5es mission\u00e1rias, sociais e culturais que aproximem ainda mais a Igreja das fam\u00edlias. A ideia \u00e9 que a viv\u00eancia da f\u00e9 aconte\u00e7a dentro e fora dos templos, nas casas, ruas, escolas, hospitais, pres\u00eddios, asilos, abrigos e periferias.<\/p>\n<p style=\"text-align: justify;\">Dentre as sugest\u00f5es de atividades est\u00e3o missas de abertura e encerramento com b\u00ean\u00e7\u00e3os especiais, ter\u00e7os nas ruas, visitas domiciliares, encontros nas escolas e catequeses, al\u00e9m de caminhadas, carreatas, lanches partilhados e eventos com a juventude, como luais e acampamentos.<\/p>\n<p style=\"text-align: justify;\">Um dos destaques \u00e9 a recomenda\u00e7\u00e3o para que cada par\u00f3quia articule sua programa\u00e7\u00e3o envolvendo todas as pastorais, movimentos e servi\u00e7os, promovendo a Semana em esp\u00edrito sinodal e com aten\u00e7\u00e3o a todos os perfis familiares: casais, solteiros, vi\u00favos, idosos, crian\u00e7as, jovens e novas formas de uni\u00e3o.<\/p>\n<h3 style=\"text-align: justify;\">Evangeliza\u00e7\u00e3o criativa<\/h3>\n<p style=\"text-align: justify;\">A Semana Nacional da Fam\u00edlia tamb\u00e9m \u00e9 vista como oportunidade de evangeliza\u00e7\u00e3o criativa. A proposta inclui din\u00e2micas em escolas, sess\u00f5es de cinema com tem\u00e1tica familiar, a\u00e7\u00f5es nas redes sociais, gincanas, piqueniques e campanhas de solidariedade em favor de fam\u00edlias carentes. Todas essas iniciativas visam destacar a centralidade da fam\u00edlia na miss\u00e3o da Igreja e no bem-estar social.<\/p>\n<p style=\"text-align: justify;\">Al\u00e9m disso, a CNPF orienta que sejam realizadas peregrina\u00e7\u00f5es familiares a santu\u00e1rios e espa\u00e7os religiosos regionais, refor\u00e7ando a dimens\u00e3o espiritual e comunit\u00e1ria do evento.<\/p>\n<h3 style=\"text-align: justify;\">Como se preparar?<\/h3>\n<p style=\"text-align: justify;\">As comunidades s\u00e3o convidadas a se reunir com anteced\u00eancia para organizar os encontros, definir hor\u00e1rios e temas, e criar uma programa\u00e7\u00e3o adaptada \u00e0 realidade local. A meta \u00e9 que o Esp\u00edrito de comunh\u00e3o e j\u00fabilo inspire toda a Igreja no Brasil a reafirmar a import\u00e2ncia da fam\u00edlia como lugar privilegiado da f\u00e9 e do amor.<\/p>\n<p style=\"text-align: justify;\">Por fim, a Pastoral Familiar convida todos a partilhar fotos, v\u00eddeos e testemunhos nas redes sociais usando as hashtags <strong>#SemanaNacionaldaFamilia<\/strong> ou <strong>#SNF<\/strong>, marcando o perfil <strong>@pastoralfamiliarcnbb<\/strong>. Mais informa\u00e7\u00f5es e <a href=\"https:\/\/vidaefamilia.org.br\/contagem-regressiva-falta-um-mes-para-a-semana-nacional-da-familia\/\" target=\"_blank\" rel=\"noopener\">materiais est\u00e3o dispon\u00edveis no site<\/a> e nas redes sociais da Pastoral Familiar.<\/p>\n<p>&nbsp;<\/p>\n<p>&nbsp;<\/p>\n<pre>Com informa\u00e7\u00f5es da CNPF<\/pre>\n","protected":false},"excerpt":{"rendered":"<p>A Semana \u00e9 considerada um dos momentos mais importantes do calend\u00e1rio pastoral das par\u00f3quias em todo o pa\u00eds. O evento prop\u00f5e encontros de ora\u00e7\u00e3o, forma\u00e7\u00e3o e evangeliza\u00e7\u00e3o em torno da valoriza\u00e7\u00e3o da fam\u00edlia, buscando envolver todas as gera\u00e7\u00f5es e voca\u00e7\u00f5es. Para orientar as atividades, a CNPF disponibilizou o subs\u00eddio Hora da Fam\u00edlia 2025<\/p>\n","protected":false},"author":141,"featured_media":985845,"comment_status":"closed","ping_status":"closed","sticky":false,"template":"","format":"standard","meta":{"site-sidebar-layout":"default","site-content-layout":"default","ast-global-header-display":"","ast-banner-title-visibility":"","ast-main-header-display":"","ast-hfb-above-header-display":"","ast-hfb-below-header-display":"","ast-hfb-mobile-header-display":"","site-post-title":"","ast-breadcrumbs-content":"","ast-featured-img":"","footer-sml-layout":"","theme-transparent-header-meta":"default","adv-header-id-meta":"","stick-header-meta":"","header-above-stick-meta":"","header-main-stick-meta":"","header-below-stick-meta":""},"categories":[50,806,777],"tags":[6070],"acf":[],"_links":{"self":[{"href":"https:\/\/www.cnbb.org.br\/cnbb-app\/wp\/v2\/posts\/985836"}],"collection":[{"href":"https:\/\/www.cnbb.org.br\/cnbb-app\/wp\/v2\/posts"}],"about":[{"href":"https:\/\/www.cnbb.org.br\/cnbb-app\/wp\/v2\/types\/post"}],"author":[{"embeddable":true,"href":"https:\/\/www.cnbb.org.br\/cnbb-app\/wp\/v2\/users\/141"}],"replies":[{"embeddable":true,"href":"https:\/\/www.cnbb.org.br\/cnbb-app\/wp\/v2\/comments?post=985836"}],"version-history":[{"count":12,"href":"https:\/\/www.cnbb.org.br\/cnbb-app\/wp\/v2\/posts\/985836\/revisions"}],"predecessor-version":[{"id":985860,"href":"https:\/\/www.cnbb.org.br\/cnbb-app\/wp\/v2\/posts\/985836\/revisions\/985860"}],"wp:featuredmedia":[{"embeddable":true,"href":"https:\/\/www.cnbb.org.br\/cnbb-app\/wp\/v2\/media\/985845"}],"wp:attachment":[{"href":"https:\/\/www.cnbb.org.br\/cnbb-app\/wp\/v2\/media?parent=985836"}],"wp:term":[{"taxonomy":"category","embeddable":true,"href":"https:\/\/www.cnbb.org.br\/cnbb-app\/wp\/v2\/categories?post=985836"},{"taxonomy":"post_tag","embeddable":true,"href":"https:\/\/www.cnbb.org.br\/cnbb-app\/wp\/v2\/tags?post=985836"}],"curies":[{"name":"wp","href":"https:\/\/api.w.org\/{rel}","templated":true}]}}