{"id":985880,"date":"2025-07-11T09:53:54","date_gmt":"2025-07-11T12:53:54","guid":{"rendered":"https:\/\/www.cnbb.org.br\/?p=985880"},"modified":"2025-07-11T09:55:48","modified_gmt":"2025-07-11T12:55:48","slug":"o-sentido-da-vida-e-a-busca-espiritual","status":"publish","type":"post","link":"https:\/\/www.cnbb.org.br\/o-sentido-da-vida-e-a-busca-espiritual\/","title":{"rendered":"O sentido da vida e a busca espiritual\u00a0"},"content":{"rendered":"<p style=\"text-align: right;\"><strong>Dom Jo\u00e3o Santos Cardoso<br \/>\nArcebispo de Natal (RN)<\/strong><\/p>\n<p>&nbsp;<\/p>\n<p>&nbsp;<\/p>\n<p>&nbsp;<\/p>\n<p style=\"text-align: justify;\"><span data-contrast=\"auto\">No cora\u00e7\u00e3o humano sempre desponta uma pergunta central que o inquieta: <\/span><i><span data-contrast=\"auto\">qual o sentido da vida?<\/span><\/i><span data-contrast=\"auto\"> O fil\u00f3sofo e cientista franc\u00eas Blaise Pascal nos oferece uma chave: \u201cO cora\u00e7\u00e3o tem raz\u00f5es que a pr\u00f3pria raz\u00e3o desconhece\u201d (<\/span><i><span data-contrast=\"auto\">Pens\u00e9es<\/span><\/i><span data-contrast=\"auto\">, 277).\u00a0 Essa express\u00e3o sintetiza o desafio de buscar o sentido da vida numa sociedade dominada pela t\u00e9cnica, pelo c\u00e1lculo e pela produtividade. Embora esse modelo racionalista tenha proporcionado avan\u00e7os, ele \u00e9 insuficiente para responder \u00e0s grandes quest\u00f5es existenciais: <\/span><i><span data-contrast=\"auto\">Por que existo? Que devo fazer para ser feliz? H\u00e1 algo depois da morte?<\/span><\/i><span data-contrast=\"auto\">\u00a0<\/span><span data-ccp-props=\"{&quot;201341983&quot;:0,&quot;335551550&quot;:6,&quot;335551620&quot;:6,&quot;335559731&quot;:567,&quot;335559739&quot;:0,&quot;335559740&quot;:240}\">\u00a0<\/span><\/p>\n<p style=\"text-align: justify;\"><span data-contrast=\"auto\">Diante dessas perguntas, percebemos que a raz\u00e3o por si s\u00f3 n\u00e3o basta. H\u00e1 dentro de cada pessoa uma sede de plenitude que o conforto material, o \u00eaxito profissional ou o reconhecimento social n\u00e3o s\u00e3o capazes de saciar. Como dizia Santo Agostinho: \u201cFizeste-nos para ti, Senhor, e o nosso cora\u00e7\u00e3o est\u00e1 inquieto enquanto n\u00e3o repousa em ti\u201d (<\/span><i><span data-contrast=\"auto\">Confiss\u00f5es<\/span><\/i><span data-contrast=\"auto\">). Essa inquieta\u00e7\u00e3o aponta para um desejo que transcende o imediato, uma esp\u00e9cie de saudade do infinito inscrita no \u00edntimo do cora\u00e7\u00e3o humano.<\/span><span data-ccp-props=\"{&quot;201341983&quot;:0,&quot;335551550&quot;:6,&quot;335551620&quot;:6,&quot;335559731&quot;:567,&quot;335559739&quot;:0,&quot;335559740&quot;:240}\">\u00a0<\/span><\/p>\n<p style=\"text-align: justify;\"><span data-contrast=\"auto\">Muitos tentam silenciar essa sede por meio de distra\u00e7\u00f5es, consumismo ou ativismo. Mas, cedo ou tarde, a inquieta\u00e7\u00e3o ressurge: em noites solit\u00e1rias, em perdas repentinas, ou mesmo na contempla\u00e7\u00e3o silenciosa de um p\u00f4r do sol. Trata-se de um chamado profundo, que nos convida a olhar para al\u00e9m do vis\u00edvel e a considerar o mist\u00e9rio que nos habita.<\/span><span data-ccp-props=\"{&quot;201341983&quot;:0,&quot;335551550&quot;:6,&quot;335551620&quot;:6,&quot;335559731&quot;:567,&quot;335559739&quot;:0,&quot;335559740&quot;:240}\">\u00a0<\/span><\/p>\n<p style=\"text-align: justify;\"><span data-contrast=\"auto\">Pascal descrevia o ser humano como um \u201cparadoxo misterioso\u201d, capaz de grandezas sublimes, mas tamb\u00e9m inclinado \u00e0 mis\u00e9ria. Temos sede de eternidade, verdade, justi\u00e7a e amor, mas somos limitados e contradit\u00f3rios. Essa tens\u00e3o revela que n\u00e3o somos autossuficientes, e que nossa origem e destino remetem a algo, ou melhor, a Algu\u00e9m maior que n\u00f3s. Por isso, buscar o sentido da vida \u00e9, em \u00faltima inst\u00e2ncia, buscar por Deus.<\/span><span data-ccp-props=\"{&quot;201341983&quot;:0,&quot;335551550&quot;:6,&quot;335551620&quot;:6,&quot;335559731&quot;:567,&quot;335559739&quot;:0,&quot;335559740&quot;:240}\">\u00a0<\/span><\/p>\n<p style=\"text-align: justify;\"><span data-contrast=\"auto\">Pascal identificou dois modos fundamentais de conhecer: o \u201cesprit de g\u00e9om\u00e9trie\u201d (esp\u00edrito de geometria) e o \u201cesprit de finesse\u201d (esp\u00edrito de fineza). O primeiro refere-se \u00e0 raz\u00e3o l\u00f3gica e anal\u00edtica, que mede, deduz e organiza o conhecimento do mundo externo. J\u00e1 o segundo \u00e9 a intelig\u00eancia do cora\u00e7\u00e3o, capaz de perceber, amar e intuir. \u00c9 nesse esp\u00edrito de fineza que se insere a vida espiritual. A f\u00e9, nesse contexto, n\u00e3o \u00e9 irracional, mas uma forma de conhecimento mais profunda, que reconhece os limites da l\u00f3gica e se abre \u00e0 totalidade do real. Trata-se de uma confian\u00e7a l\u00facida, n\u00e3o de uma cren\u00e7a cega, \u00e9 a certeza de que existe um Amor Maior, que nos sustenta e nos espera.<\/span><span data-ccp-props=\"{&quot;201341983&quot;:0,&quot;335551550&quot;:6,&quot;335551620&quot;:6,&quot;335559731&quot;:567,&quot;335559739&quot;:0,&quot;335559740&quot;:240}\">\u00a0<\/span><\/p>\n<p style=\"text-align: justify;\"><span data-contrast=\"auto\">Redescobrir a dimens\u00e3o espiritual \u00e9, hoje, um caminho necess\u00e1rio para reconectar com o centro da vida. N\u00e3o se trata apenas de seguir tradi\u00e7\u00f5es ou praticar rituais, mas de cultivar o sil\u00eancio, a escuta interior, a abertura a Deus. A espiritualidade verdadeira \u00e9 encontro com um Deus vivo, que nos conhece por dentro e nos chama pelo nome.<\/span><span data-ccp-props=\"{&quot;201341983&quot;:0,&quot;335551550&quot;:6,&quot;335551620&quot;:6,&quot;335559731&quot;:567,&quot;335559739&quot;:0,&quot;335559740&quot;:240}\">\u00a0<\/span><\/p>\n<p style=\"text-align: justify;\"><span data-contrast=\"auto\">A busca pelo sentido da vida n\u00e3o \u00e9 tarefa exclusiva dos fil\u00f3sofos, mas de todo ser humano. Ela d\u00e1 unidade \u00e0 nossa exist\u00eancia, ilumina nossas decis\u00f5es, fortalece-nos nas dores e oferece esperan\u00e7a diante da morte. \u00c9 o que nos transforma de meros sobreviventes em \u201cperegrinos da esperan\u00e7a\u201d, que caminham com dire\u00e7\u00e3o, guiados por uma luz interior que vem de Deus.<\/span><span data-ccp-props=\"{&quot;201341983&quot;:0,&quot;335551550&quot;:6,&quot;335551620&quot;:6,&quot;335559731&quot;:567,&quot;335559739&quot;:0,&quot;335559740&quot;:240}\">\u00a0<\/span><\/p>\n<p style=\"text-align: justify;\"><span data-contrast=\"auto\">No mais profundo, todos queremos amar e ser amados, viver com verdade, deixar uma marca de bem. \u00c9 na vida espiritual, vivida com autenticidade, que esses anseios se encontram e se realizam. Como escreveu Pascal: \u201cO ser humano ultrapassa infinitamente o ser humano.\u201d Somos feitos para mais: para o amor que vem de Deus, para a vida plena que s\u00f3 Ele pode dar. Em tempos saturados de informa\u00e7\u00f5es, mas famintos de sentido, o convite \u00e9 claro: abrir o cora\u00e7\u00e3o, escutar o mist\u00e9rio e reencontrar a fonte que realmente sacia.<\/span><span data-ccp-props=\"{&quot;201341983&quot;:0,&quot;335551550&quot;:6,&quot;335551620&quot;:6,&quot;335559731&quot;:567,&quot;335559739&quot;:0,&quot;335559740&quot;:240}\">\u00a0<\/span><\/p>\n","protected":false},"excerpt":{"rendered":"<p>Dom Jo\u00e3o Santos Cardoso Arcebispo de Natal (RN) &nbsp; &nbsp; &nbsp; No cora\u00e7\u00e3o humano sempre desponta uma pergunta central que o inquieta: qual o sentido da vida? O fil\u00f3sofo e cientista franc\u00eas Blaise Pascal nos oferece uma chave: \u201cO cora\u00e7\u00e3o tem raz\u00f5es que a pr\u00f3pria raz\u00e3o desconhece\u201d (Pens\u00e9es, 277).\u00a0 Essa express\u00e3o sintetiza o desafio de &hellip;<\/p>\n<p class=\"read-more\"> <a class=\"\" href=\"https:\/\/www.cnbb.org.br\/o-sentido-da-vida-e-a-busca-espiritual\/\"> <span class=\"screen-reader-text\">O sentido da vida e a busca espiritual\u00a0<\/span> Leia mais &raquo;<\/a><\/p>\n","protected":false},"author":105,"featured_media":0,"comment_status":"closed","ping_status":"closed","sticky":false,"template":"","format":"standard","meta":{"site-sidebar-layout":"default","site-content-layout":"default","ast-global-header-display":"","ast-banner-title-visibility":"","ast-main-header-display":"","ast-hfb-above-header-display":"","ast-hfb-below-header-display":"","ast-hfb-mobile-header-display":"","site-post-title":"","ast-breadcrumbs-content":"","ast-featured-img":"","footer-sml-layout":"","theme-transparent-header-meta":"default","adv-header-id-meta":"","stick-header-meta":"","header-above-stick-meta":"","header-main-stick-meta":"","header-below-stick-meta":""},"categories":[758],"tags":[],"acf":[],"_links":{"self":[{"href":"https:\/\/www.cnbb.org.br\/cnbb-app\/wp\/v2\/posts\/985880"}],"collection":[{"href":"https:\/\/www.cnbb.org.br\/cnbb-app\/wp\/v2\/posts"}],"about":[{"href":"https:\/\/www.cnbb.org.br\/cnbb-app\/wp\/v2\/types\/post"}],"author":[{"embeddable":true,"href":"https:\/\/www.cnbb.org.br\/cnbb-app\/wp\/v2\/users\/105"}],"replies":[{"embeddable":true,"href":"https:\/\/www.cnbb.org.br\/cnbb-app\/wp\/v2\/comments?post=985880"}],"version-history":[{"count":3,"href":"https:\/\/www.cnbb.org.br\/cnbb-app\/wp\/v2\/posts\/985880\/revisions"}],"predecessor-version":[{"id":985883,"href":"https:\/\/www.cnbb.org.br\/cnbb-app\/wp\/v2\/posts\/985880\/revisions\/985883"}],"wp:attachment":[{"href":"https:\/\/www.cnbb.org.br\/cnbb-app\/wp\/v2\/media?parent=985880"}],"wp:term":[{"taxonomy":"category","embeddable":true,"href":"https:\/\/www.cnbb.org.br\/cnbb-app\/wp\/v2\/categories?post=985880"},{"taxonomy":"post_tag","embeddable":true,"href":"https:\/\/www.cnbb.org.br\/cnbb-app\/wp\/v2\/tags?post=985880"}],"curies":[{"name":"wp","href":"https:\/\/api.w.org\/{rel}","templated":true}]}}