{"id":985937,"date":"2025-07-14T09:26:25","date_gmt":"2025-07-14T12:26:25","guid":{"rendered":"https:\/\/www.cnbb.org.br\/?p=985937"},"modified":"2025-07-14T09:40:27","modified_gmt":"2025-07-14T12:40:27","slug":"pre-cop-30-nordeste-reune-igreja-sociedade-civil-e-comunidades-tradicionais-em-defesa-da-justica-socioambiental","status":"publish","type":"post","link":"https:\/\/www.cnbb.org.br\/pre-cop-30-nordeste-reune-igreja-sociedade-civil-e-comunidades-tradicionais-em-defesa-da-justica-socioambiental\/","title":{"rendered":"Pr\u00e9-COP 30 Nordeste re\u00fane Igreja, sociedade civil e comunidades tradicionais em defesa da justi\u00e7a socioambiental"},"content":{"rendered":"<p style=\"text-align: justify;\">Nos dias 11 e 12 de julho, a cidade de Juazeiro, na Bahia, recebeu a Pr\u00e9-COP 30 Nordeste, evento que reuniu lideran\u00e7as religiosas, representantes de comunidades tradicionais, organiza\u00e7\u00f5es da sociedade civil e especialistas para discutir os desafios e caminhos rumo a uma agenda clim\u00e1tica justa, popular e inclusiva. A atividade integra o processo de mobiliza\u00e7\u00e3o e prepara\u00e7\u00e3o da macrorregi\u00e3o para a 30\u00aa Confer\u00eancia das Partes da ONU sobre Mudan\u00e7as Clim\u00e1ticas (COP 30), que acontecer\u00e1 em novembro deste ano, em Bel\u00e9m (PA).<\/p>\n<p style=\"text-align: justify;\">Ao longo dos dois dias, os participantes refletiram sobre o papel da Igreja diante da crise socioambiental, a urg\u00eancia da convers\u00e3o ecol\u00f3gica e a import\u00e2ncia da escuta dos territ\u00f3rios e saberes tradicionais. A programa\u00e7\u00e3o contou com mesas, pain\u00e9is, grupos de trabalho e momentos de espiritualidade, fortalecendo o compromisso coletivo com a Casa Comum e a promo\u00e7\u00e3o da justi\u00e7a socioambiental.<\/p>\n<div id='gallery-1' class='gallery galleryid-985937 gallery-columns-2 gallery-size-large'><figure class='gallery-item'>\n\t\t\t<div class='gallery-icon landscape'>\n\t\t\t\t<a href='https:\/\/www.cnbb.org.br\/wp-content\/uploads\/2025\/07\/Pre-COP-30-Nordeste-Fotos-Sara-Gomes-37.jpg' title=\"\" data-rl_title=\"\" class=\"rl-gallery-link\" data-rl_caption=\"\" data-rel=\"lightbox-gallery-1\"><img width=\"1000\" height=\"667\" src=\"https:\/\/www.cnbb.org.br\/wp-content\/uploads\/2025\/07\/Pre-COP-30-Nordeste-Fotos-Sara-Gomes-37.jpg\" class=\"attachment-large size-large\" alt=\"\" decoding=\"async\" loading=\"lazy\" srcset=\"https:\/\/www.cnbb.org.br\/wp-content\/uploads\/2025\/07\/Pre-COP-30-Nordeste-Fotos-Sara-Gomes-37.jpg 1000w, https:\/\/www.cnbb.org.br\/wp-content\/uploads\/2025\/07\/Pre-COP-30-Nordeste-Fotos-Sara-Gomes-37-300x200.jpg 300w, https:\/\/www.cnbb.org.br\/wp-content\/uploads\/2025\/07\/Pre-COP-30-Nordeste-Fotos-Sara-Gomes-37-768x512.jpg 768w, https:\/\/www.cnbb.org.br\/wp-content\/uploads\/2025\/07\/Pre-COP-30-Nordeste-Fotos-Sara-Gomes-37-500x334.jpg 500w\" sizes=\"(max-width: 1000px) 100vw, 1000px\" \/><\/a>\n\t\t\t<\/div><\/figure><figure class='gallery-item'>\n\t\t\t<div class='gallery-icon landscape'>\n\t\t\t\t<a href='https:\/\/www.cnbb.org.br\/wp-content\/uploads\/2025\/07\/Pre-COP-30-Nordeste-Fotos-Sara-Gomes-36.jpg' title=\"\" data-rl_title=\"\" class=\"rl-gallery-link\" data-rl_caption=\"\" data-rel=\"lightbox-gallery-1\"><img width=\"1000\" height=\"667\" src=\"https:\/\/www.cnbb.org.br\/wp-content\/uploads\/2025\/07\/Pre-COP-30-Nordeste-Fotos-Sara-Gomes-36.jpg\" class=\"attachment-large size-large\" alt=\"\" decoding=\"async\" loading=\"lazy\" srcset=\"https:\/\/www.cnbb.org.br\/wp-content\/uploads\/2025\/07\/Pre-COP-30-Nordeste-Fotos-Sara-Gomes-36.jpg 1000w, https:\/\/www.cnbb.org.br\/wp-content\/uploads\/2025\/07\/Pre-COP-30-Nordeste-Fotos-Sara-Gomes-36-300x200.jpg 300w, https:\/\/www.cnbb.org.br\/wp-content\/uploads\/2025\/07\/Pre-COP-30-Nordeste-Fotos-Sara-Gomes-36-768x512.jpg 768w, https:\/\/www.cnbb.org.br\/wp-content\/uploads\/2025\/07\/Pre-COP-30-Nordeste-Fotos-Sara-Gomes-36-500x334.jpg 500w\" sizes=\"(max-width: 1000px) 100vw, 1000px\" \/><\/a>\n\t\t\t<\/div><\/figure>\n\t\t<\/div>\n\n<h3 style=\"text-align: justify;\">Justi\u00e7a socioambiental e escuta dos territ\u00f3rios<\/h3>\n<p style=\"text-align: justify;\"><img decoding=\"async\" loading=\"lazy\" class=\"size-medium wp-image-985942 alignleft\" src=\"https:\/\/www.cnbb.org.br\/wp-content\/uploads\/2025\/07\/D.Vicente-300x200.jpg\" alt=\"\" width=\"300\" height=\"200\" srcset=\"https:\/\/www.cnbb.org.br\/wp-content\/uploads\/2025\/07\/D.Vicente-300x200.jpg 300w, https:\/\/www.cnbb.org.br\/wp-content\/uploads\/2025\/07\/D.Vicente-768x512.jpg 768w, https:\/\/www.cnbb.org.br\/wp-content\/uploads\/2025\/07\/D.Vicente-500x334.jpg 500w, https:\/\/www.cnbb.org.br\/wp-content\/uploads\/2025\/07\/D.Vicente.jpg 1000w\" sizes=\"(max-width: 300px) 100vw, 300px\" \/>Na manh\u00e3 do primeiro dia, 11 de julho, uma mesa redonda sobre justi\u00e7a socioambiental abriu os trabalhos. Com media\u00e7\u00e3o do padre Osvaldino Alves Barbosa, a atividade reuniu representantes da Igreja Cat\u00f3lica e de entidades acad\u00eamicas e populares.<\/p>\n<p style=\"text-align: justify;\">Entre os participantes, estiveram dom Vicente de Paula Ferreira, bispo de Livramento de Nossa Senhora (BA) e presidente da Comiss\u00e3o Especial para a Ecologia Integral e Minera\u00e7\u00e3o da CNBB; dom Pl\u00ednio Jos\u00e9 Luz da Silva, bispo de Picos (PI); dom Gabriel Marchesi, bispo de Floresta (PE); al\u00e9m de representantes da CNBB nos regionais Nordeste 1 e Nordeste 3, das Comunidades Tradicionais Fundo de Pasto e da Universidade Estadual da Bahia.<\/p>\n<p style=\"text-align: justify;\"><img decoding=\"async\" loading=\"lazy\" class=\"size-medium wp-image-985943 alignright\" src=\"https:\/\/www.cnbb.org.br\/wp-content\/uploads\/2025\/07\/Pre-COP-30-Nordeste-Fotos-Sara-Gomes-31-300x200.jpg\" alt=\"\" width=\"300\" height=\"200\" srcset=\"https:\/\/www.cnbb.org.br\/wp-content\/uploads\/2025\/07\/Pre-COP-30-Nordeste-Fotos-Sara-Gomes-31-300x200.jpg 300w, https:\/\/www.cnbb.org.br\/wp-content\/uploads\/2025\/07\/Pre-COP-30-Nordeste-Fotos-Sara-Gomes-31-768x512.jpg 768w, https:\/\/www.cnbb.org.br\/wp-content\/uploads\/2025\/07\/Pre-COP-30-Nordeste-Fotos-Sara-Gomes-31-500x334.jpg 500w, https:\/\/www.cnbb.org.br\/wp-content\/uploads\/2025\/07\/Pre-COP-30-Nordeste-Fotos-Sara-Gomes-31.jpg 1000w\" sizes=\"(max-width: 300px) 100vw, 300px\" \/><\/p>\n<p style=\"text-align: justify;\">As falas destacaram a urg\u00eancia da crise clim\u00e1tica no Nordeste, a import\u00e2ncia da escuta dos povos do territ\u00f3rio e o papel prof\u00e9tico da Igreja. Frases como \u201cO futuro do planeta come\u00e7a agora\u201d (Dom Pl\u00ednio), \u201cMartirizada \u00e9 a nossa Casa Comum\u201d (Dom Gabriel) e \u201cO capitalismo n\u00e3o mata o afeto\u201d (Dom Vicente) marcaram o tom do debate.<\/p>\n<h3 style=\"text-align: justify;\">Compromisso com a convers\u00e3o ecol\u00f3gica<\/h3>\n<p style=\"text-align: justify;\">Ainda na sexta-feira, o Painel 1 discutiu o papel das Confer\u00eancias do Clima diante da emerg\u00eancia ambiental global. Roberto Malvezzi (CPT), Let\u00edcia Vardiero (Diocese de Cama\u00e7ari) e Hildebrando Pires (C\u00e1ritas NE4) abordaram a evolu\u00e7\u00e3o hist\u00f3rica das COPs, os acordos firmados e os entraves para sua implementa\u00e7\u00e3o. Os painelistas refor\u00e7aram a necessidade de a\u00e7\u00f5es efetivas por parte dos governos e da sociedade e destacaram o papel das organiza\u00e7\u00f5es eclesiais na promo\u00e7\u00e3o de uma nova consci\u00eancia ecol\u00f3gica.<\/p>\n<div id='gallery-2' class='gallery galleryid-985937 gallery-columns-3 gallery-size-large'><figure class='gallery-item'>\n\t\t\t<div class='gallery-icon landscape'>\n\t\t\t\t<a href='https:\/\/www.cnbb.org.br\/wp-content\/uploads\/2025\/07\/Pre-COP-30-Nordeste-Fotos-Sara-Gomes-51.jpg' title=\"\" data-rl_title=\"\" class=\"rl-gallery-link\" data-rl_caption=\"\" data-rel=\"lightbox-gallery-2\"><img width=\"1000\" height=\"667\" src=\"https:\/\/www.cnbb.org.br\/wp-content\/uploads\/2025\/07\/Pre-COP-30-Nordeste-Fotos-Sara-Gomes-51.jpg\" class=\"attachment-large size-large\" alt=\"\" decoding=\"async\" loading=\"lazy\" srcset=\"https:\/\/www.cnbb.org.br\/wp-content\/uploads\/2025\/07\/Pre-COP-30-Nordeste-Fotos-Sara-Gomes-51.jpg 1000w, https:\/\/www.cnbb.org.br\/wp-content\/uploads\/2025\/07\/Pre-COP-30-Nordeste-Fotos-Sara-Gomes-51-300x200.jpg 300w, https:\/\/www.cnbb.org.br\/wp-content\/uploads\/2025\/07\/Pre-COP-30-Nordeste-Fotos-Sara-Gomes-51-768x512.jpg 768w, https:\/\/www.cnbb.org.br\/wp-content\/uploads\/2025\/07\/Pre-COP-30-Nordeste-Fotos-Sara-Gomes-51-500x334.jpg 500w\" sizes=\"(max-width: 1000px) 100vw, 1000px\" \/><\/a>\n\t\t\t<\/div><\/figure><figure class='gallery-item'>\n\t\t\t<div class='gallery-icon landscape'>\n\t\t\t\t<a href='https:\/\/www.cnbb.org.br\/wp-content\/uploads\/2025\/07\/Pre-COP-30-Nordeste-Fotos-Sara-Gomes-57.jpg' title=\"\" data-rl_title=\"\" class=\"rl-gallery-link\" data-rl_caption=\"\" data-rel=\"lightbox-gallery-2\"><img width=\"1000\" height=\"667\" src=\"https:\/\/www.cnbb.org.br\/wp-content\/uploads\/2025\/07\/Pre-COP-30-Nordeste-Fotos-Sara-Gomes-57.jpg\" class=\"attachment-large size-large\" alt=\"\" decoding=\"async\" loading=\"lazy\" srcset=\"https:\/\/www.cnbb.org.br\/wp-content\/uploads\/2025\/07\/Pre-COP-30-Nordeste-Fotos-Sara-Gomes-57.jpg 1000w, https:\/\/www.cnbb.org.br\/wp-content\/uploads\/2025\/07\/Pre-COP-30-Nordeste-Fotos-Sara-Gomes-57-300x200.jpg 300w, https:\/\/www.cnbb.org.br\/wp-content\/uploads\/2025\/07\/Pre-COP-30-Nordeste-Fotos-Sara-Gomes-57-768x512.jpg 768w, https:\/\/www.cnbb.org.br\/wp-content\/uploads\/2025\/07\/Pre-COP-30-Nordeste-Fotos-Sara-Gomes-57-500x334.jpg 500w\" sizes=\"(max-width: 1000px) 100vw, 1000px\" \/><\/a>\n\t\t\t<\/div><\/figure><figure class='gallery-item'>\n\t\t\t<div class='gallery-icon landscape'>\n\t\t\t\t<a href='https:\/\/www.cnbb.org.br\/wp-content\/uploads\/2025\/07\/Pre-COP-30-Nordeste-Fotos-Sara-Gomes-53.jpg' title=\"\" data-rl_title=\"\" class=\"rl-gallery-link\" data-rl_caption=\"\" data-rel=\"lightbox-gallery-2\"><img width=\"1000\" height=\"667\" src=\"https:\/\/www.cnbb.org.br\/wp-content\/uploads\/2025\/07\/Pre-COP-30-Nordeste-Fotos-Sara-Gomes-53.jpg\" class=\"attachment-large size-large\" alt=\"\" decoding=\"async\" loading=\"lazy\" srcset=\"https:\/\/www.cnbb.org.br\/wp-content\/uploads\/2025\/07\/Pre-COP-30-Nordeste-Fotos-Sara-Gomes-53.jpg 1000w, https:\/\/www.cnbb.org.br\/wp-content\/uploads\/2025\/07\/Pre-COP-30-Nordeste-Fotos-Sara-Gomes-53-300x200.jpg 300w, https:\/\/www.cnbb.org.br\/wp-content\/uploads\/2025\/07\/Pre-COP-30-Nordeste-Fotos-Sara-Gomes-53-768x512.jpg 768w, https:\/\/www.cnbb.org.br\/wp-content\/uploads\/2025\/07\/Pre-COP-30-Nordeste-Fotos-Sara-Gomes-53-500x334.jpg 500w\" sizes=\"(max-width: 1000px) 100vw, 1000px\" \/><\/a>\n\t\t\t<\/div><\/figure>\n\t\t<\/div>\n\n<p style=\"text-align: justify;\">Na parte da tarde, o Painel 2 aprofundou o olhar sobre o profetismo da Igreja no enfrentamento \u00e0 crise socioambiental. O debate contou com a participa\u00e7\u00e3o de dom Vicente Ferreira, da engenheira sanitarista Amanda Silva (C\u00e1ritas NE3) e de Maria Jos\u00e9 Pacheco (CPP Bahia e Sergipe). Foram discutidos os impactos das mudan\u00e7as clim\u00e1ticas em biomas como a Caatinga e o Cerrado, com destaque para a escassez h\u00eddrica, inseguran\u00e7a alimentar e migra\u00e7\u00e3o for\u00e7ada. O painel reafirmou o papel da Igreja como promotora da convers\u00e3o ecol\u00f3gica e inspirada pelos documentos <a href=\"https:\/\/www.vatican.va\/content\/francesco\/pt\/encyclicals\/documents\/papa-francesco_20150524_enciclica-laudato-si.html\" target=\"_blank\" rel=\"noopener\"><em>Laudato Si\u2019<\/em><\/a>, <a href=\"https:\/\/www.vatican.va\/content\/francesco\/pt\/apost_exhortations\/documents\/papa-francesco_esortazione-ap_20200202_querida-amazonia.html\" target=\"_blank\" rel=\"noopener\"><em>Querida Amaz\u00f4nia<\/em><\/a> e <a href=\"https:\/\/www.vatican.va\/content\/francesco\/pt\/apost_exhortations\/documents\/20231004-laudate-deum.html\" target=\"_blank\" rel=\"noopener\"><em>Laudate Deum<\/em><\/a>, do Papa Francisco.<\/p>\n<p style=\"text-align: justify;\">Encerrando o primeiro dia, os participantes se reuniram em grupos para refletir sobre o texto \u201cPrepara\u00e7\u00e3o para a COP 30: Um chamado \u00e0 convers\u00e3o ecol\u00f3gica, transforma\u00e7\u00e3o e resist\u00eancia \u00e0s falsas solu\u00e7\u00f5es clim\u00e1ticas\u201d. O momento coletivo foi marcado por escuta ativa, di\u00e1logo e partilha de experi\u00eancias locais. As s\u00ednteses apresentadas em plen\u00e1ria evidenciaram a diversidade dos territ\u00f3rios, o desejo comum de justi\u00e7a e a valoriza\u00e7\u00e3o dos saberes ancestrais como pilares da resist\u00eancia \u00e0s falsas solu\u00e7\u00f5es do mercado frente \u00e0 crise clim\u00e1tica.<\/p>\n<h3 style=\"text-align: justify;\">Celebra\u00e7\u00e3o, mobiliza\u00e7\u00e3o e propostas para a COP 30<\/h3>\n<p>&nbsp;<\/p>\n<div id='gallery-3' class='gallery galleryid-985937 gallery-columns-2 gallery-size-medium'><figure class='gallery-item'>\n\t\t\t<div class='gallery-icon landscape'>\n\t\t\t\t<a href=\"https:\/\/www.cnbb.org.br\/wp-content\/uploads\/2025\/07\/Pre-COP-30-Nordeste-Fotos-Sara-Gomes-100.jpg\" title=\"\" data-rl_title=\"\" class=\"rl-gallery-link\" data-rl_caption=\"\" data-rel=\"lightbox-gallery-3\" data-rl_><img width=\"300\" height=\"200\" src=\"https:\/\/www.cnbb.org.br\/wp-content\/uploads\/2025\/07\/Pre-COP-30-Nordeste-Fotos-Sara-Gomes-100-300x200.jpg\" class=\"attachment-medium size-medium\" alt=\"\" decoding=\"async\" loading=\"lazy\" srcset=\"https:\/\/www.cnbb.org.br\/wp-content\/uploads\/2025\/07\/Pre-COP-30-Nordeste-Fotos-Sara-Gomes-100-300x200.jpg 300w, https:\/\/www.cnbb.org.br\/wp-content\/uploads\/2025\/07\/Pre-COP-30-Nordeste-Fotos-Sara-Gomes-100-768x512.jpg 768w, https:\/\/www.cnbb.org.br\/wp-content\/uploads\/2025\/07\/Pre-COP-30-Nordeste-Fotos-Sara-Gomes-100-500x334.jpg 500w, https:\/\/www.cnbb.org.br\/wp-content\/uploads\/2025\/07\/Pre-COP-30-Nordeste-Fotos-Sara-Gomes-100.jpg 1000w\" sizes=\"(max-width: 300px) 100vw, 300px\" \/><\/a>\n\t\t\t<\/div><\/figure><figure class='gallery-item'>\n\t\t\t<div class='gallery-icon landscape'>\n\t\t\t\t<a href=\"https:\/\/www.cnbb.org.br\/wp-content\/uploads\/2025\/07\/Pre-COP-30-Nordeste-Fotos-Sara-Gomes-90.jpg\" title=\"\" data-rl_title=\"\" class=\"rl-gallery-link\" data-rl_caption=\"\" data-rel=\"lightbox-gallery-3\" data-rl_><img width=\"300\" height=\"200\" src=\"https:\/\/www.cnbb.org.br\/wp-content\/uploads\/2025\/07\/Pre-COP-30-Nordeste-Fotos-Sara-Gomes-90-300x200.jpg\" class=\"attachment-medium size-medium\" alt=\"\" decoding=\"async\" loading=\"lazy\" srcset=\"https:\/\/www.cnbb.org.br\/wp-content\/uploads\/2025\/07\/Pre-COP-30-Nordeste-Fotos-Sara-Gomes-90-300x200.jpg 300w, https:\/\/www.cnbb.org.br\/wp-content\/uploads\/2025\/07\/Pre-COP-30-Nordeste-Fotos-Sara-Gomes-90-768x512.jpg 768w, https:\/\/www.cnbb.org.br\/wp-content\/uploads\/2025\/07\/Pre-COP-30-Nordeste-Fotos-Sara-Gomes-90-500x334.jpg 500w, https:\/\/www.cnbb.org.br\/wp-content\/uploads\/2025\/07\/Pre-COP-30-Nordeste-Fotos-Sara-Gomes-90.jpg 1000w\" sizes=\"(max-width: 300px) 100vw, 300px\" \/><\/a>\n\t\t\t<\/div><\/figure>\n\t\t<\/div>\n\n<p style=\"text-align: justify;\">O s\u00e1bado, 12 de julho, foi dedicado \u00e0 consolida\u00e7\u00e3o das propostas debatidas ao longo do encontro. Ap\u00f3s um momento celebrativo, os participantes se reuniram em pain\u00e9is e plen\u00e1rias para fortalecer a constru\u00e7\u00e3o de uma agenda clim\u00e1tica popular, enraizada nos territ\u00f3rios e aberta ao di\u00e1logo entre f\u00e9, ci\u00eancia e a\u00e7\u00e3o social.<\/p>\n<p style=\"text-align: justify;\"><img decoding=\"async\" loading=\"lazy\" class=\"size-medium wp-image-985960 alignleft\" src=\"https:\/\/www.cnbb.org.br\/wp-content\/uploads\/2025\/07\/WhatsApp-Image-2025-07-14-at-09.38.56-225x300.jpeg\" alt=\"\" width=\"225\" height=\"300\" srcset=\"https:\/\/www.cnbb.org.br\/wp-content\/uploads\/2025\/07\/WhatsApp-Image-2025-07-14-at-09.38.56-225x300.jpeg 225w, https:\/\/www.cnbb.org.br\/wp-content\/uploads\/2025\/07\/WhatsApp-Image-2025-07-14-at-09.38.56-767x1024.jpeg 767w, https:\/\/www.cnbb.org.br\/wp-content\/uploads\/2025\/07\/WhatsApp-Image-2025-07-14-at-09.38.56-768x1025.jpeg 768w, https:\/\/www.cnbb.org.br\/wp-content\/uploads\/2025\/07\/WhatsApp-Image-2025-07-14-at-09.38.56-500x667.jpeg 500w, https:\/\/www.cnbb.org.br\/wp-content\/uploads\/2025\/07\/WhatsApp-Image-2025-07-14-at-09.38.56.jpeg 959w\" sizes=\"(max-width: 225px) 100vw, 225px\" \/>Com um gesto simb\u00f3lico e cheio de significado, a Pr\u00e9-COP 30 Nordeste foi encerrada no fim da tarde do s\u00e1bado, 12 de julho, com o plantio de tr\u00eas mudas no Centro de Treinamento de L\u00edderes (CTL), em Carna\u00edba do Sert\u00e3o, Juazeiro (BA). Foram escolhidas esp\u00e9cies que representam a identidade e a resist\u00eancia do territ\u00f3rio: Pau-Brasil, umbuzeiro e catingueiro.<\/p>\n<p style=\"text-align: justify;\">O ato concluiu os dias de escuta, partilha e articula\u00e7\u00e3o das Igrejas do Nordeste em prepara\u00e7\u00e3o para a COP 30, reafirmando o compromisso com o cuidado da Casa Comum e a esperan\u00e7a plantada na terra semi\u00e1rida. A Pr\u00e9-COP 30 Nordeste refor\u00e7a, assim, o compromisso da Igreja e de seus parceiros com uma atua\u00e7\u00e3o prof\u00e9tica, cr\u00edtica e transformadora rumo \u00e0 COP 30.<\/p>\n<p>&nbsp;<\/p>\n<p>&nbsp;<\/p>\n<pre>Com informa\u00e7\u00f5es e fotos de Sara Gomes | assessora de comunica\u00e7\u00e3o do Regional NE 3<\/pre>\n","protected":false},"excerpt":{"rendered":"<p>Nos dias 11 e 12 de julho, a cidade de Juazeiro, na Bahia, recebeu a Pr\u00e9-COP 30 Nordeste, evento que reuniu lideran\u00e7as religiosas, representantes de comunidades tradicionais, organiza\u00e7\u00f5es da sociedade civil e especialistas para discutir os desafios e caminhos rumo a uma agenda clim\u00e1tica justa, popular e inclusiva<\/p>\n","protected":false},"author":141,"featured_media":985941,"comment_status":"closed","ping_status":"closed","sticky":false,"template":"","format":"standard","meta":{"site-sidebar-layout":"default","site-content-layout":"default","ast-global-header-display":"","ast-banner-title-visibility":"","ast-main-header-display":"","ast-hfb-above-header-display":"","ast-hfb-below-header-display":"","ast-hfb-mobile-header-display":"","site-post-title":"","ast-breadcrumbs-content":"","ast-featured-img":"","footer-sml-layout":"","theme-transparent-header-meta":"default","adv-header-id-meta":"","stick-header-meta":"","header-above-stick-meta":"","header-main-stick-meta":"","header-below-stick-meta":""},"categories":[1840,1851,867,770,789,817,821],"tags":[5319,6076],"acf":[],"_links":{"self":[{"href":"https:\/\/www.cnbb.org.br\/cnbb-app\/wp\/v2\/posts\/985937"}],"collection":[{"href":"https:\/\/www.cnbb.org.br\/cnbb-app\/wp\/v2\/posts"}],"about":[{"href":"https:\/\/www.cnbb.org.br\/cnbb-app\/wp\/v2\/types\/post"}],"author":[{"embeddable":true,"href":"https:\/\/www.cnbb.org.br\/cnbb-app\/wp\/v2\/users\/141"}],"replies":[{"embeddable":true,"href":"https:\/\/www.cnbb.org.br\/cnbb-app\/wp\/v2\/comments?post=985937"}],"version-history":[{"count":13,"href":"https:\/\/www.cnbb.org.br\/cnbb-app\/wp\/v2\/posts\/985937\/revisions"}],"predecessor-version":[{"id":985961,"href":"https:\/\/www.cnbb.org.br\/cnbb-app\/wp\/v2\/posts\/985937\/revisions\/985961"}],"wp:featuredmedia":[{"embeddable":true,"href":"https:\/\/www.cnbb.org.br\/cnbb-app\/wp\/v2\/media\/985941"}],"wp:attachment":[{"href":"https:\/\/www.cnbb.org.br\/cnbb-app\/wp\/v2\/media?parent=985937"}],"wp:term":[{"taxonomy":"category","embeddable":true,"href":"https:\/\/www.cnbb.org.br\/cnbb-app\/wp\/v2\/categories?post=985937"},{"taxonomy":"post_tag","embeddable":true,"href":"https:\/\/www.cnbb.org.br\/cnbb-app\/wp\/v2\/tags?post=985937"}],"curies":[{"name":"wp","href":"https:\/\/api.w.org\/{rel}","templated":true}]}}