{"id":985984,"date":"2025-07-14T13:29:57","date_gmt":"2025-07-14T16:29:57","guid":{"rendered":"https:\/\/www.cnbb.org.br\/?p=985984"},"modified":"2025-07-14T13:29:57","modified_gmt":"2025-07-14T16:29:57","slug":"igreja-catolica-do-sul-do-brasil-promove-pre-cop-em-sc-e-reforca-compromisso-com-justica-climatica","status":"publish","type":"post","link":"https:\/\/www.cnbb.org.br\/igreja-catolica-do-sul-do-brasil-promove-pre-cop-em-sc-e-reforca-compromisso-com-justica-climatica\/","title":{"rendered":"Igreja Cat\u00f3lica do Sul do Brasil promove Pr\u00e9-COP em SC e refor\u00e7a compromisso com justi\u00e7a clim\u00e1tica"},"content":{"rendered":"<div class=\"elementor-element elementor-element-95b1e7d elementor-widget elementor-widget-heading\" data-id=\"95b1e7d\" data-element_type=\"widget\" data-widget_type=\"heading.default\">\n<p style=\"text-align: justify;\">Em prepara\u00e7\u00e3o para a 30\u00aa Confer\u00eancia das Na\u00e7\u00f5es Unidas sobre Mudan\u00e7as Clim\u00e1ticas (COP30), representantes da Igreja Cat\u00f3lica dos estados do Paran\u00e1, Santa Catarina e Rio Grande do Sul se reunir\u00e3o em Governador Celso Ramos (SC), entre os dias 17 e 20 de julho, para a Pr\u00e9-COP Sul. O evento, promovido pelos regionais Sul 2, Sul 3 e Sul 4 da Confer\u00eancia Nacional dos Bispos do Brasil (CNBB), visa ampliar o di\u00e1logo sobre a emerg\u00eancia clim\u00e1tica e articular a\u00e7\u00f5es concretas frente aos desafios socioambientais da atualidade.<\/p>\n<p style=\"text-align: justify;\">Com o tema \u201cIgreja rumo \u00e0 COP30\u201d, a iniciativa reunir\u00e1 lideran\u00e7as eclesiais, pastorais, organismos e movimentos sociais no Centro de Eventos e Forma\u00e7\u00e3o da CNBB Sul 4 (CEAR). A proposta \u00e9 aprofundar o papel da f\u00e9 diante da crise clim\u00e1tica, promover a convers\u00e3o ecol\u00f3gica e fortalecer a incid\u00eancia da Igreja no debate clim\u00e1tico em n\u00edvel local e global.<\/p>\n<p style=\"text-align: justify;\">A programa\u00e7\u00e3o inclui pain\u00e9is tem\u00e1ticos, momentos de espiritualidade, oficinas em grupos e a constru\u00e7\u00e3o coletiva de uma Carta-Compromisso da macrorregi\u00e3o Sul com foco na mobiliza\u00e7\u00e3o para a COP30, que ser\u00e1 realizada em novembro, em Bel\u00e9m do Par\u00e1. Entre os destaques, est\u00e3o os pain\u00e9is sobre a urg\u00eancia clim\u00e1tica no atual contexto hist\u00f3rico e sobre o profetismo da Igreja diante da crise socioambiental. Haver\u00e1 ainda espa\u00e7os para apresenta\u00e7\u00e3o de iniciativas locais, rodas de conversa por regionais e uma noite cultural.<\/p>\n<p style=\"text-align: justify;\">O evento se inicia oficialmente na tarde da quinta-feira, 17 de julho, com a chegada dos participantes e um jantar de acolhida. A programa\u00e7\u00e3o se estende at\u00e9 domingo, 20, quando ser\u00e1 realizada uma plen\u00e1ria com os compromissos assumidos, a leitura da Carta-Compromisso e um gesto simb\u00f3lico de envio.<\/p>\n<p style=\"text-align: justify;\">A Pr\u00e9-COP Sul integra uma s\u00e9rie de encontros preparat\u00f3rios realizados pelas regionais da CNBB em diferentes partes do pa\u00eds, como parte do esfor\u00e7o da Igreja Cat\u00f3lica brasileira para contribuir de forma ativa e prof\u00e9tica nos debates da COP30, refor\u00e7ando a escuta dos territ\u00f3rios e a urg\u00eancia de justi\u00e7a clim\u00e1tica e socioambiental.<\/p>\n<\/div>\n<section class=\"elementor-section elementor-inner-section elementor-element elementor-element-2595d2dd elementor-section-boxed elementor-section-height-default elementor-section-height-default jet-parallax-section\" data-id=\"2595d2dd\" data-element_type=\"section\" data-settings=\"{&quot;jet_parallax_layout_list&quot;:[{&quot;_id&quot;:&quot;5cc84e1&quot;,&quot;jet_parallax_layout_image&quot;:{&quot;url&quot;:&quot;&quot;,&quot;id&quot;:&quot;&quot;,&quot;size&quot;:&quot;&quot;},&quot;jet_parallax_layout_image_tablet&quot;:{&quot;url&quot;:&quot;&quot;,&quot;id&quot;:&quot;&quot;,&quot;size&quot;:&quot;&quot;},&quot;jet_parallax_layout_image_mobile&quot;:{&quot;url&quot;:&quot;&quot;,&quot;id&quot;:&quot;&quot;,&quot;size&quot;:&quot;&quot;},&quot;jet_parallax_layout_speed&quot;:{&quot;unit&quot;:&quot;%&quot;,&quot;size&quot;:50,&quot;sizes&quot;:[]},&quot;jet_parallax_layout_type&quot;:&quot;scroll&quot;,&quot;jet_parallax_layout_direction&quot;:null,&quot;jet_parallax_layout_fx_direction&quot;:null,&quot;jet_parallax_layout_z_index&quot;:&quot;&quot;,&quot;jet_parallax_layout_bg_x&quot;:50,&quot;jet_parallax_layout_bg_x_tablet&quot;:&quot;&quot;,&quot;jet_parallax_layout_bg_x_mobile&quot;:&quot;&quot;,&quot;jet_parallax_layout_bg_y&quot;:50,&quot;jet_parallax_layout_bg_y_tablet&quot;:&quot;&quot;,&quot;jet_parallax_layout_bg_y_mobile&quot;:&quot;&quot;,&quot;jet_parallax_layout_bg_size&quot;:&quot;auto&quot;,&quot;jet_parallax_layout_bg_size_tablet&quot;:&quot;&quot;,&quot;jet_parallax_layout_bg_size_mobile&quot;:&quot;&quot;,&quot;jet_parallax_layout_animation_prop&quot;:&quot;transform&quot;,&quot;jet_parallax_layout_on&quot;:[&quot;desktop&quot;,&quot;tablet&quot;]}]}\">\n<div class=\"elementor-container elementor-column-gap-no\">\n<div class=\"elementor-column elementor-col-100 elementor-inner-column elementor-element elementor-element-4dc42106\" data-id=\"4dc42106\" data-element_type=\"column\" data-settings=\"{&quot;background_background&quot;:&quot;classic&quot;}\">\n<div class=\"elementor-widget-wrap elementor-element-populated\" style=\"text-align: justify;\">\n<div class=\"elementor-element elementor-element-760bcd53 elementor-widget elementor-widget-theme-post-content\" data-id=\"760bcd53\" data-element_type=\"widget\" data-widget_type=\"theme-post-content.default\">\n<div class=\"elementor-widget-container\">\n<p>&nbsp;<\/p>\n<\/div>\n<\/div>\n<\/div>\n<\/div>\n<\/div>\n<h3 style=\"text-align: center;\"><strong>Programa\u00e7\u00e3o<\/strong><\/h3>\n<p>&nbsp;<\/p>\n<p><strong>17 DE JULHO (Quinta-feira)<\/strong><br \/>\nA partir das 14h: Chegada e credenciamento<\/p>\n<p><strong>18 DE JULHO (Sexta-feira)<\/strong><br \/>\n7h30: Caf\u00e9<br \/>\n7h30 \u00e0s 8h30: Credenciamento dos participantes<br \/>\n8h30 \u00e0s 9h: Celebra\u00e7\u00e3o de abertura da Pr\u00e9-COP Sul<br \/>\n9h \u00e0s 9h30: Mesa de Abertura<br \/>\n9h30 \u00e0s 10h: Apresenta\u00e7\u00e3o dos regionais e da programa\u00e7\u00e3o da Pr\u00e9-COP Sul<br \/>\n10h \u00e0s 10h30: Lanche<br \/>\n10h30 \u00e0s 11h40: Painel 1 &#8211; Confer\u00eancias do Clima<br \/>\nem tempos de crise: contexto geral e temas centrais &#8211; exposi\u00e7\u00e3o (40 min) | discuss\u00e3o (30 min)<br \/>\n12h \u00e0s 13h30: Almo\u00e7o e descanso<br \/>\n13h30 \u00e0s 14h: Fila do povo (testemunhos)<br \/>\n14h \u00e0s 15h30: Trabalho em grupo sobre o texto \u201cPrepara\u00e7\u00e3o para a COP 30: Um chamado \u00e0 convers\u00e3o ecol\u00f3gica, transforma\u00e7\u00e3o e resist\u00eancia \u00e0s falsas solu\u00e7\u00f5es clim\u00e1ticas\u201d<br \/>\n15h30 \u00e0s 16h: Lanche<br \/>\n16h \u00e0s 17h: Partilha e sistematiza\u00e7\u00e3o da discuss\u00e3o dos grupos<br \/>\n17h \u00e0s 19h: Descanso<br \/>\n19h: Jantar<\/p>\n<p><strong>19 DE JULHO (S\u00e1bado)<\/strong><br \/>\n7h: Caf\u00e9<br \/>\n8h: Celebra\u00e7\u00e3o da Cria\u00e7\u00e3o e Mem\u00f3ria sobre o dia anterior<br \/>\n8h30 \u00e0s 10h50: Painel 2 \u2013 O papel da Igreja na Macrorregi\u00e3o Sul: profetismo diante da crise socioambiental &#8211; exposi\u00e7\u00e3o (50 min) | discuss\u00e3o (40 min)<br \/>\n10h50 \u00e0s 11h15: Intervalo<br \/>\n11h15 \u00e0s 12h: Fila do povo<br \/>\n12h \u00e0s 14h: Almo\u00e7o<br \/>\n14h \u00e0s 15h30: Cartografias da Esperan\u00e7a \u2013 Mesa com apresenta\u00e7\u00e3o de iniciativas locais<br \/>\n15h30 \u00e0s 16h: Lanche<br \/>\n16h \u00e0s 16h30: Apresenta\u00e7\u00e3o da primeira vers\u00e3o da Carta-Compromisso pelos relatores e discuss\u00e3o na plen\u00e1ria<br \/>\n16h30 \u00e0s 17h30: Rodas de Conversas por Regional (Agir) Sistematiza\u00e7\u00e3o dos compromissos e constru\u00e7\u00e3o de uma agenda comum pelos regionais<br \/>\n19h: Jantar<br \/>\n20h: Noite Cultural<br \/>\n22h: Descanso<\/p>\n<p><strong>20 DE JULHO (Domingo)<\/strong><br \/>\n7h: Caf\u00e9<br \/>\n8h: Celebra\u00e7\u00e3o Eucar\u00edstica<br \/>\n9h30: Plen\u00e1ria de apresenta\u00e7\u00e3o dos compromissos assumidos pelos regionais e constru\u00e7\u00e3o da agenda da macrorregi\u00e3o Sul<br \/>\n10h45: Lan\u00e7amento da carta-compromisso<br \/>\n11h: Ora\u00e7\u00e3o do compromisso e Gesto Concreto<br \/>\n12h: Almo\u00e7o<br \/>\n13h: Encerramento<\/p>\n<\/section>\n","protected":false},"excerpt":{"rendered":"<p>Com o tema \u201cIgreja rumo \u00e0 COP30\u201d, a iniciativa reunir\u00e1 lideran\u00e7as eclesiais, pastorais, organismos e movimentos sociais no Centro de Eventos e Forma\u00e7\u00e3o da CNBB Sul 4 (CEAR). A proposta \u00e9 aprofundar o papel da f\u00e9 diante da crise clim\u00e1tica, promover a convers\u00e3o ecol\u00f3gica e fortalecer a incid\u00eancia da Igreja no debate clim\u00e1tico em n\u00edvel local e global<\/p>\n","protected":false},"author":141,"featured_media":985992,"comment_status":"closed","ping_status":"closed","sticky":false,"template":"","format":"standard","meta":{"site-sidebar-layout":"default","site-content-layout":"default","ast-global-header-display":"","ast-banner-title-visibility":"","ast-main-header-display":"","ast-hfb-above-header-display":"","ast-hfb-below-header-display":"","ast-hfb-mobile-header-display":"","site-post-title":"","ast-breadcrumbs-content":"","ast-featured-img":"","footer-sml-layout":"","theme-transparent-header-meta":"default","adv-header-id-meta":"","stick-header-meta":"","header-above-stick-meta":"","header-main-stick-meta":"","header-below-stick-meta":""},"categories":[50,1851],"tags":[6078,6079,6077],"acf":[],"_links":{"self":[{"href":"https:\/\/www.cnbb.org.br\/cnbb-app\/wp\/v2\/posts\/985984"}],"collection":[{"href":"https:\/\/www.cnbb.org.br\/cnbb-app\/wp\/v2\/posts"}],"about":[{"href":"https:\/\/www.cnbb.org.br\/cnbb-app\/wp\/v2\/types\/post"}],"author":[{"embeddable":true,"href":"https:\/\/www.cnbb.org.br\/cnbb-app\/wp\/v2\/users\/141"}],"replies":[{"embeddable":true,"href":"https:\/\/www.cnbb.org.br\/cnbb-app\/wp\/v2\/comments?post=985984"}],"version-history":[{"count":13,"href":"https:\/\/www.cnbb.org.br\/cnbb-app\/wp\/v2\/posts\/985984\/revisions"}],"predecessor-version":[{"id":986003,"href":"https:\/\/www.cnbb.org.br\/cnbb-app\/wp\/v2\/posts\/985984\/revisions\/986003"}],"wp:featuredmedia":[{"embeddable":true,"href":"https:\/\/www.cnbb.org.br\/cnbb-app\/wp\/v2\/media\/985992"}],"wp:attachment":[{"href":"https:\/\/www.cnbb.org.br\/cnbb-app\/wp\/v2\/media?parent=985984"}],"wp:term":[{"taxonomy":"category","embeddable":true,"href":"https:\/\/www.cnbb.org.br\/cnbb-app\/wp\/v2\/categories?post=985984"},{"taxonomy":"post_tag","embeddable":true,"href":"https:\/\/www.cnbb.org.br\/cnbb-app\/wp\/v2\/tags?post=985984"}],"curies":[{"name":"wp","href":"https:\/\/api.w.org\/{rel}","templated":true}]}}