{"id":986004,"date":"2025-07-14T13:28:26","date_gmt":"2025-07-14T16:28:26","guid":{"rendered":"https:\/\/www.cnbb.org.br\/?p=986004"},"modified":"2025-07-14T14:38:43","modified_gmt":"2025-07-14T17:38:43","slug":"11o-sulao-de-catequese-renova-a-vocacao-e-a-missao-de-catequistas-de-5-regionais-da-cnbb","status":"publish","type":"post","link":"https:\/\/www.cnbb.org.br\/11o-sulao-de-catequese-renova-a-vocacao-e-a-missao-de-catequistas-de-5-regionais-da-cnbb\/","title":{"rendered":"11\u00ba Sul\u00e3o de Catequese renova a esperan\u00e7a, a voca\u00e7\u00e3o e a miss\u00e3o de catequistas de 5 regionais da CNBB em Campo Grande (MS)"},"content":{"rendered":"<p style=\"text-align: justify;\">Com o tema \u201cCatequista, mistagogo da ora\u00e7\u00e3o e da esperan\u00e7a\u201d e o lema \u201cAlegres na esperan\u00e7a, perseverantes na ora\u00e7\u00e3o\u201d (Rm 12,12), o 11\u00ba Sul\u00e3o de Catequese foi realizado entre os dias 11 e 13 de julho de 2025, reunindo centenas de catequistas em Campo Grande (MS). O evento contou com a participa\u00e7\u00e3o de cinco Regionais da CNBB: Sul 1 (S\u00e3o Paulo), Sul 2 (Paran\u00e1), Sul 3 (Rio Grande do Sul), Sul 4 (Santa Catarina) e Oeste 1 (Mato Grosso do Sul).<\/p>\n<p style=\"text-align: justify;\">O encontro aconteceu no col\u00e9gio e no teatro Dom Bosco (Salesianos) e foi encerrado no domingo com a missa no Santu\u00e1rio Estadual de Nossa Senhora do Perp\u00e9tuo Socorro, ap\u00f3s a peregrina\u00e7\u00e3o jubilar a partir do C\u00edrculo Militar de Campo Grande. Foram dias intensos de forma\u00e7\u00e3o, espiritualidade, partilha e viv\u00eancia sinodal, destacando a dimens\u00e3o querigm\u00e1tica e mistag\u00f3gica da Inicia\u00e7\u00e3o \u00e0 Vida Crist\u00e3.<\/p>\n<p style=\"text-align: justify;\">A programa\u00e7\u00e3o foi conduzida por nomes de refer\u00eancia na catequese nacional, como irm\u00e3 Leni Monfardini e o padre Jo\u00e3o dos Santos Barbosa Neto, com momentos de ora\u00e7\u00e3o, oficinas mistag\u00f3gicas, catequeses e celebra\u00e7\u00f5es.<\/p>\n<p><strong>Veja como foi o encontro:<\/strong><\/p>\n<div class=\"ast-oembed-container\" style=\"height: 100%;\"><iframe loading=\"lazy\" title=\"XI Sul\u00e3o de Catequese 2025 (AFTER MOVIE) - 11 a 13\/07 de 2025 - CNBB Regional Oeste 1\" width=\"500\" height=\"281\" src=\"https:\/\/www.youtube.com\/embed\/aoEHIqMU39A?feature=oembed\" frameborder=\"0\" allow=\"accelerometer; autoplay; clipboard-write; encrypted-media; gyroscope; picture-in-picture; web-share\" referrerpolicy=\"strict-origin-when-cross-origin\" allowfullscreen><\/iframe><\/div>\n<p>&nbsp;<\/p>\n<h3>Manifesta\u00e7\u00f5es durante o encontro<\/h3>\n<p style=\"text-align: justify;\">O bispo da diocese de Navira\u00ed (MS), referencial da comiss\u00e3o regional para a Liturgia e a Anima\u00e7\u00e3o B\u00edblico-Catequ\u00e9tica e presidente do regional Oeste 1 da CNBB, dom Ettore Dotti, dirigiu sua mensagem aos catequistas participantes:<\/p>\n<blockquote>\n<p style=\"text-align: left;\">\u201cMeu abra\u00e7o, minha sauda\u00e7\u00e3o a todos. Estamos aqui no nosso encontro plen\u00e1rio de todas as dioceses reunidas para viver dias de gra\u00e7a, momentos especiais de forma\u00e7\u00e3o e conviv\u00eancia, para refor\u00e7ar a caminhada important\u00edssima que a catequese tem e deve ter \u2014 especialmente neste tempo de mudan\u00e7a, em que somos convidados a recuperar grandes valores.\u201d<\/p>\n<\/blockquote>\n<p style=\"text-align: justify;\">Tamb\u00e9m estiveram presentes ao longo do evento diversos bispos, entre eles: dom Dimas Lara Barbosa (arcebispo de Campo Grande \u2013 MS), dom Jacinto Bergman (arcebispo de Pelotas \u2013 RS), Dom Otair Nicoletti (Bispo de Coxim \u2013 MS e secret\u00e1rio do regional Oeste 1), dom Luiz Gon\u00e7alves Knup (bispo da diocese de Tr\u00eas Lagoas), dom Carlos Lema Garcia (bispo auxiliar da arquidiocese de S\u00e3o Paulo \u2013 SP) , dom Antonino Migliore (bispo em\u00e9rito da diocese de Coxim, em visita especial ao Brasil por ocasi\u00e3o do Jubileu de Prata de sua Ordena\u00e7\u00e3o Episcopal), al\u00e9m do administrador diocesano da diocese de Jardim, padre Daniel de Oliveira.<\/p>\n<p style=\"text-align: justify;\">A coordenadora da Comiss\u00e3o Regional para a Anima\u00e7\u00e3o B\u00edblico-Catequ\u00e9tica, Ger\u00f4nima Barbosa Marangoni, falou emocionada sobre o encontro:<\/p>\n<blockquote><p>\u201c\u00c9 emocionante ver como todos est\u00e3o encantados com tudo o que est\u00e1 acontecendo \u2014 desde a organiza\u00e7\u00e3o das palestras, oficinas, at\u00e9 os momentos de confraterniza\u00e7\u00e3o. A palavra que resume este momento, para mim, \u00e9 gratid\u00e3o. Gratid\u00e3o por cada catequista que veio com confian\u00e7a, movido pela f\u00e9 em Jesus Cristo.\u201d<\/p><\/blockquote>\n<p style=\"text-align: justify;\">O assessor convidado, padre Jo\u00e3o dos Santos Barbosa Neto, refor\u00e7ou:\u00a0\u201cLembremos sempre da import\u00e2ncia de fazer um encontro pessoal com o Senhor. Esse encontro transforma a vida, nos coloca no caminho do c\u00e9u e d\u00e1 sentido \u00e0 nossa exist\u00eancia.\u201d<\/p>\n<p style=\"text-align: justify;\">No encerramento, o secret\u00e1rio executivo da CNBB Oeste 1 e assessor eclesi\u00e1stico da Comiss\u00e3o Regional para a Anima\u00e7\u00e3o B\u00edblico-Catequ\u00e9tica, padre Andr\u00e9 M\u00e1rcio Nogueira de Souza, tamb\u00e9m deixou uma mensagem comovente:\u00a0\u201cQueremos agradecer a todos os cora\u00e7\u00f5es e m\u00e3os generosas que colaboraram para que este 11\u00ba Sul\u00e3o de Catequese acontecesse aqui em Campo Grande.<\/p>\n<p style=\"text-align: justify;\">Para n\u00f3s, foi uma honra, mesmo com muito trabalho e preocupa\u00e7\u00e3o. Agora, com o cora\u00e7\u00e3o agradecido, pedimos a Deus que acompanhe cada catequista em seu retorno \u00e0s dioceses e comunidades de origem. Que o Senhor renove o cora\u00e7\u00e3o e a miss\u00e3o de todos. Agradecemos profundamente a Deus e \u00e0 Virgem M\u00e3e do Perp\u00e9tuo Socorro por todas as gra\u00e7as vividas neste Sul\u00e3o. Deus aben\u00e7oe a todos!\u201d<\/p>\n<p style=\"text-align: justify;\">Elizabeth, catequista da par\u00f3quia Senhor Bom Jesus, de Campo Grande (MS), tamb\u00e9m compartilhou sua experi\u00eancia:\u00a0\u201cEstou saindo deste Sul\u00e3o repleta de novos conhecimentos, experi\u00eancias e inspira\u00e7\u00f5es para levar \u00e0 minha par\u00f3quia e vivenciar com meus catequizandos. Est\u00e1 sendo uma experi\u00eancia incr\u00edvel! Estamos conhecendo catequistas de diversas regi\u00f5es, trocando saberes e fortalecendo nossa miss\u00e3o.\u201d<\/p>\n<p style=\"text-align: justify;\">O 11\u00ba Sul\u00e3o de Catequese renovou a esperan\u00e7a, a voca\u00e7\u00e3o e a miss\u00e3o dos catequistas, reafirmando a import\u00e2ncia da forma\u00e7\u00e3o continuada, da m\u00edstica da ora\u00e7\u00e3o e do esp\u00edrito de comunh\u00e3o eclesial, na miss\u00e3o evangelizadora da Igreja na regi\u00e3o sul do Brasil.\u00a0A XII edi\u00e7\u00e3o do Sul\u00e3o de Catequese, comemorativa de seus 40 anos de caminhada, ser\u00e1 realizada em Curitiba (PR), Regional CNBB Sul 2, em 2028.<\/p>\n<p><img decoding=\"async\" loading=\"lazy\" class=\"aligncenter wp-image-986005 size-large\" src=\"https:\/\/www.cnbb.org.br\/wp-content\/uploads\/2025\/07\/Sulao-de-Catequistas-Campo-Grande-1024x576.jpg\" alt=\"\" width=\"1024\" height=\"576\" srcset=\"https:\/\/www.cnbb.org.br\/wp-content\/uploads\/2025\/07\/Sulao-de-Catequistas-Campo-Grande-1024x576.jpg 1024w, https:\/\/www.cnbb.org.br\/wp-content\/uploads\/2025\/07\/Sulao-de-Catequistas-Campo-Grande-300x169.jpg 300w, https:\/\/www.cnbb.org.br\/wp-content\/uploads\/2025\/07\/Sulao-de-Catequistas-Campo-Grande-768x432.jpg 768w, https:\/\/www.cnbb.org.br\/wp-content\/uploads\/2025\/07\/Sulao-de-Catequistas-Campo-Grande-1536x864.jpg 1536w, https:\/\/www.cnbb.org.br\/wp-content\/uploads\/2025\/07\/Sulao-de-Catequistas-Campo-Grande-2048x1152.jpg 2048w, https:\/\/www.cnbb.org.br\/wp-content\/uploads\/2025\/07\/Sulao-de-Catequistas-Campo-Grande-500x281.jpg 500w\" sizes=\"(max-width: 1024px) 100vw, 1024px\" \/><\/p>\n<p data-start=\"332\" data-end=\"778\">Confira<a href=\"https:\/\/drive.google.com\/drive\/folders\/1-sUIoW6UY_VLSMTQ2jlEQvDwX-iJifho\" target=\"_blank\" rel=\"noopener\"><strong>\u00a0aqui<\/strong><\/a>\u00a0as fotos oficiais do evento.<\/p>\n<p data-start=\"332\" data-end=\"778\">Por Willian Bonfim com informa\u00e7\u00f5es da assessoria de comunica\u00e7\u00e3o<a href=\"https:\/\/www.instagram.com\/akerigma\" target=\"_blank\" rel=\"noopener\"> Ag\u00eancia Kerigma<\/a><\/p>\n","protected":false},"excerpt":{"rendered":"<p>O encontro aconteceu no col\u00e9gio e no teatro Dom Bosco (Salesianos) e foi encerrado no domingo com a missa no Santu\u00e1rio Estadual de Nossa Senhora do Perp\u00e9tuo Socorro, ap\u00f3s a peregrina\u00e7\u00e3o jubilar. Foram dias intensos de forma\u00e7\u00e3o, espiritualidade, partilha e viv\u00eancia sinodal e a inicia\u00e7\u00e3o \u00e0 vida crist\u00e3 <\/p>\n","protected":false},"author":142,"featured_media":986006,"comment_status":"closed","ping_status":"closed","sticky":false,"template":"","format":"standard","meta":{"site-sidebar-layout":"default","site-content-layout":"default","ast-global-header-display":"","ast-banner-title-visibility":"","ast-main-header-display":"","ast-hfb-above-header-display":"","ast-hfb-below-header-display":"","ast-hfb-mobile-header-display":"","site-post-title":"","ast-breadcrumbs-content":"","ast-featured-img":"","footer-sml-layout":"","theme-transparent-header-meta":"default","adv-header-id-meta":"","stick-header-meta":"","header-above-stick-meta":"","header-main-stick-meta":"","header-below-stick-meta":""},"categories":[800,50,788],"tags":[4098,6080],"acf":[],"_links":{"self":[{"href":"https:\/\/www.cnbb.org.br\/cnbb-app\/wp\/v2\/posts\/986004"}],"collection":[{"href":"https:\/\/www.cnbb.org.br\/cnbb-app\/wp\/v2\/posts"}],"about":[{"href":"https:\/\/www.cnbb.org.br\/cnbb-app\/wp\/v2\/types\/post"}],"author":[{"embeddable":true,"href":"https:\/\/www.cnbb.org.br\/cnbb-app\/wp\/v2\/users\/142"}],"replies":[{"embeddable":true,"href":"https:\/\/www.cnbb.org.br\/cnbb-app\/wp\/v2\/comments?post=986004"}],"version-history":[{"count":5,"href":"https:\/\/www.cnbb.org.br\/cnbb-app\/wp\/v2\/posts\/986004\/revisions"}],"predecessor-version":[{"id":986013,"href":"https:\/\/www.cnbb.org.br\/cnbb-app\/wp\/v2\/posts\/986004\/revisions\/986013"}],"wp:featuredmedia":[{"embeddable":true,"href":"https:\/\/www.cnbb.org.br\/cnbb-app\/wp\/v2\/media\/986006"}],"wp:attachment":[{"href":"https:\/\/www.cnbb.org.br\/cnbb-app\/wp\/v2\/media?parent=986004"}],"wp:term":[{"taxonomy":"category","embeddable":true,"href":"https:\/\/www.cnbb.org.br\/cnbb-app\/wp\/v2\/categories?post=986004"},{"taxonomy":"post_tag","embeddable":true,"href":"https:\/\/www.cnbb.org.br\/cnbb-app\/wp\/v2\/tags?post=986004"}],"curies":[{"name":"wp","href":"https:\/\/api.w.org\/{rel}","templated":true}]}}