{"id":986017,"date":"2025-07-15T14:11:08","date_gmt":"2025-07-15T17:11:08","guid":{"rendered":"https:\/\/www.cnbb.org.br\/?p=986017"},"modified":"2025-07-15T14:40:03","modified_gmt":"2025-07-15T17:40:03","slug":"reflexao-memoria-e-santidade-marcam-o-segundo-dia-do-1o-encontro-nacional-com-postuladores-das-causas-dos-santos","status":"publish","type":"post","link":"https:\/\/www.cnbb.org.br\/reflexao-memoria-e-santidade-marcam-o-segundo-dia-do-1o-encontro-nacional-com-postuladores-das-causas-dos-santos\/","title":{"rendered":"Reflex\u00e3o, mem\u00f3ria e santidade marcam o segundo dia do 1\u00ba Encontro Nacional com Postuladores das Causas dos Santos"},"content":{"rendered":"<p style=\"text-align: justify;\" data-start=\"234\" data-end=\"671\">Nesta ter\u00e7a-feira, 15 de julho, segundo dia do 1\u00ba Encontro Nacional com Postuladores e Vice-Postuladores das Causas dos Santos no Brasil, a programa\u00e7\u00e3o seguiu com momentos de espiritualidade e confer\u00eancias. Realizado na Casa Dom Luciano, em Bras\u00edlia (DF), o evento \u00e9 promovido pela Comiss\u00e3o Especial para a Causa dos Santos da Confer\u00eancia Nacional dos Bispos do Brasil (CNBB) e segue at\u00e9 a pr\u00f3xima quinta-feira, 17.<\/p>\n<figure id=\"attachment_986020\" aria-describedby=\"caption-attachment-986020\" style=\"width: 300px\" class=\"wp-caption alignleft\"><img decoding=\"async\" loading=\"lazy\" class=\"wp-image-986020 size-medium\" src=\"https:\/\/www.cnbb.org.br\/wp-content\/uploads\/2025\/07\/IMG_3872-300x200.jpg\" alt=\"\" width=\"300\" height=\"200\" srcset=\"https:\/\/www.cnbb.org.br\/wp-content\/uploads\/2025\/07\/IMG_3872-300x200.jpg 300w, https:\/\/www.cnbb.org.br\/wp-content\/uploads\/2025\/07\/IMG_3872-1024x683.jpg 1024w, https:\/\/www.cnbb.org.br\/wp-content\/uploads\/2025\/07\/IMG_3872-768x512.jpg 768w, https:\/\/www.cnbb.org.br\/wp-content\/uploads\/2025\/07\/IMG_3872-1536x1024.jpg 1536w, https:\/\/www.cnbb.org.br\/wp-content\/uploads\/2025\/07\/IMG_3872-500x333.jpg 500w, https:\/\/www.cnbb.org.br\/wp-content\/uploads\/2025\/07\/IMG_3872.jpg 2048w\" sizes=\"(max-width: 300px) 100vw, 300px\" \/><figcaption id=\"caption-attachment-986020\" class=\"wp-caption-text\">Dom Anselmo Chagas de Paiva, monge beneditino do Mosteiro de S\u00e3o Bento, no Rio de Janeiro<\/figcaption><\/figure>\n<p style=\"text-align: justify;\" data-start=\"673\" data-end=\"1006\">Na parte da manh\u00e3, os participantes foram convidados a refletir sobre a par\u00e1bola do filho pr\u00f3digo, em medita\u00e7\u00e3o conduzida por dom Anselmo Chagas de Paiva, monge beneditino do Mosteiro de S\u00e3o Bento, no Rio de Janeiro. Para ele, a Par\u00e1bola \u00e9 uma express\u00e3o do caminho de convers\u00e3o cont\u00ednua, essencial \u00e0 vida de quem busca a santidade.<\/p>\n<blockquote>\n<p style=\"text-align: justify;\" data-start=\"1008\" data-end=\"1386\">\u201cTodo santo n\u00e3o nasce santo, mas torna-se santo. Assim como o filho pr\u00f3digo, que viveu uma crise, afastou-se e depois retornou \u00e0 casa do Pai, muitos santos viveram processos semelhantes de reconcilia\u00e7\u00e3o. Santo Agostinho, Zaqueu, o bom ladr\u00e3o \u2014 S\u00e3o Dimas \u2014, todos encontraram um novo caminho, iluminados pela gra\u00e7a. A santidade \u00e9 poss\u00edvel a cada um de n\u00f3s\u201d, destacou.<\/p>\n<\/blockquote>\n<p data-start=\"1008\" data-end=\"1386\"><img decoding=\"async\" loading=\"lazy\" class=\"aligncenter wp-image-986022 \" src=\"https:\/\/www.cnbb.org.br\/wp-content\/uploads\/2025\/07\/IMG_3869-1024x683.jpg\" alt=\"\" width=\"492\" height=\"328\" srcset=\"https:\/\/www.cnbb.org.br\/wp-content\/uploads\/2025\/07\/IMG_3869-1024x683.jpg 1024w, https:\/\/www.cnbb.org.br\/wp-content\/uploads\/2025\/07\/IMG_3869-300x200.jpg 300w, https:\/\/www.cnbb.org.br\/wp-content\/uploads\/2025\/07\/IMG_3869-768x512.jpg 768w, https:\/\/www.cnbb.org.br\/wp-content\/uploads\/2025\/07\/IMG_3869-1536x1024.jpg 1536w, https:\/\/www.cnbb.org.br\/wp-content\/uploads\/2025\/07\/IMG_3869-500x333.jpg 500w, https:\/\/www.cnbb.org.br\/wp-content\/uploads\/2025\/07\/IMG_3869.jpg 2048w\" sizes=\"(max-width: 492px) 100vw, 492px\" \/><\/p>\n<p data-start=\"1388\" data-end=\"1862\">\n<h3 data-start=\"1388\" data-end=\"1862\">Um marco para a Igreja no Brasil<\/h3>\n<p style=\"text-align: justify;\" data-start=\"1388\" data-end=\"1862\">Ao portal da CNBB, dom Magnus Henrique Lopes, bispo de Crato (CE) e membro da Comiss\u00e3o Especial para a Causa dos Santos da CNBB, ressaltou a import\u00e2ncia do encontro. Para ele, o evento representa um marco para a Igreja no Brasil:<\/p>\n<blockquote>\n<p style=\"text-align: justify;\" data-start=\"1388\" data-end=\"1862\">\u201c\u00c9 um momento de louvar a Deus, porque esta terra de Santa Cruz tem exalado o odor da santidade. Temos santos, temos milagres e temos causas abertas em diferentes regi\u00f5es do pa\u00eds. A santidade \u00e9 entrega, mart\u00edrio, \u00e9 configurar-se a Cristo\u201d, afirmou.<\/p>\n<\/blockquote>\n<figure id=\"attachment_986028\" aria-describedby=\"caption-attachment-986028\" style=\"width: 300px\" class=\"wp-caption alignleft\"><img decoding=\"async\" loading=\"lazy\" class=\"wp-image-986028 size-medium\" src=\"https:\/\/www.cnbb.org.br\/wp-content\/uploads\/2025\/07\/Captura-de-tela-2025-07-15-134020-300x158.png\" alt=\"\" width=\"300\" height=\"158\" srcset=\"https:\/\/www.cnbb.org.br\/wp-content\/uploads\/2025\/07\/Captura-de-tela-2025-07-15-134020-300x158.png 300w, https:\/\/www.cnbb.org.br\/wp-content\/uploads\/2025\/07\/Captura-de-tela-2025-07-15-134020-1024x538.png 1024w, https:\/\/www.cnbb.org.br\/wp-content\/uploads\/2025\/07\/Captura-de-tela-2025-07-15-134020-768x403.png 768w, https:\/\/www.cnbb.org.br\/wp-content\/uploads\/2025\/07\/Captura-de-tela-2025-07-15-134020-1536x806.png 1536w, https:\/\/www.cnbb.org.br\/wp-content\/uploads\/2025\/07\/Captura-de-tela-2025-07-15-134020-500x263.png 500w, https:\/\/www.cnbb.org.br\/wp-content\/uploads\/2025\/07\/Captura-de-tela-2025-07-15-134020.png 1836w\" sizes=\"(max-width: 300px) 100vw, 300px\" \/><figcaption id=\"caption-attachment-986028\" class=\"wp-caption-text\">Dom Magnus Henrique Lopes, bispo de Crato (CE) e membro da Comiss\u00e3o Especial para a Causa dos Santos da CNBB<\/figcaption><\/figure>\n<p style=\"text-align: justify;\" data-start=\"1864\" data-end=\"2131\">Dom Magnus mencionou ainda os avan\u00e7os na diocese de Crato, com a causa da bem-aventurada Benigna Cardoso e o encerramento da fase diocesana do processo do padre C\u00edcero. \u201cEntregamos recentemente todo o material \u00e0 Santa S\u00e9, concluindo um trabalho de tr\u00eas anos\u201d, contou.<\/p>\n<p style=\"text-align: justify;\" data-start=\"2133\" data-end=\"2649\">Entre os participantes, est\u00e1 o padre Luiz Laudino, da Par\u00f3quia Imaculada Concei\u00e7\u00e3o, em Londrina (PR), que participou motivado pela causa do padre Afonso Pastore, fundador do Encontro de Casais com Cristo (ECC) e conhecido como o ap\u00f3stolo da fam\u00edlia. Segundo ele, o legado de evangeliza\u00e7\u00e3o deixado por padre Pastore \u2014 com mais de 3,6 milh\u00f5es de fam\u00edlias alcan\u00e7adas no Brasil e at\u00e9 no exterior \u2014 \u00e9 digno de reconhecimento oficial.<\/p>\n<figure id=\"attachment_986033\" aria-describedby=\"caption-attachment-986033\" style=\"width: 300px\" class=\"wp-caption alignright\"><img decoding=\"async\" loading=\"lazy\" class=\"wp-image-986033 size-medium\" src=\"https:\/\/www.cnbb.org.br\/wp-content\/uploads\/2025\/07\/Captura-de-tela-2025-07-15-134912-300x174.png\" alt=\"\" width=\"300\" height=\"174\" srcset=\"https:\/\/www.cnbb.org.br\/wp-content\/uploads\/2025\/07\/Captura-de-tela-2025-07-15-134912-300x174.png 300w, https:\/\/www.cnbb.org.br\/wp-content\/uploads\/2025\/07\/Captura-de-tela-2025-07-15-134912-1024x594.png 1024w, https:\/\/www.cnbb.org.br\/wp-content\/uploads\/2025\/07\/Captura-de-tela-2025-07-15-134912-768x446.png 768w, https:\/\/www.cnbb.org.br\/wp-content\/uploads\/2025\/07\/Captura-de-tela-2025-07-15-134912-1536x891.png 1536w, https:\/\/www.cnbb.org.br\/wp-content\/uploads\/2025\/07\/Captura-de-tela-2025-07-15-134912-500x290.png 500w, https:\/\/www.cnbb.org.br\/wp-content\/uploads\/2025\/07\/Captura-de-tela-2025-07-15-134912.png 1713w\" sizes=\"(max-width: 300px) 100vw, 300px\" \/><figcaption id=\"caption-attachment-986033\" class=\"wp-caption-text\">Padre Luiz Laudino, da Par\u00f3quia Imaculada Concei\u00e7\u00e3o, em Londrina (PR)<\/figcaption><\/figure>\n<blockquote>\n<p style=\"text-align: justify;\" data-start=\"2133\" data-end=\"2649\">\u201cO povo j\u00e1 o tem como santo no cora\u00e7\u00e3o. Estamos aqui para entender melhor os caminhos formais e eclesiais da causa\u201d, explicou.<\/p>\n<\/blockquote>\n<p style=\"text-align: justify;\" data-start=\"2651\" data-end=\"2949\">A programa\u00e7\u00e3o do segundo dia tamb\u00e9m incluiu confer\u00eancias com temas como \u201cA procura de Deus pela vida de ora\u00e7\u00e3o\u201d e \u201cAs bem-aventuran\u00e7as: um caminho para a santidade\u201d. No fim da tarde, os participantes realizam uma peregrina\u00e7\u00e3o ao Santu\u00e1rio Nossa Senhora da Sa\u00fade, em esp\u00edrito de ora\u00e7\u00e3o e comunh\u00e3o.<\/p>\n<p style=\"text-align: justify;\" data-start=\"2951\" data-end=\"3283\">O 1\u00ba Encontro Nacional com Postuladores e Vice-Postuladores segue at\u00e9 a pr\u00f3xima quinta-feira, dia 17, com orienta\u00e7\u00f5es pr\u00e1ticas sobre os processos das Causas dos Santos no Brasil. O evento busca fortalecer a forma\u00e7\u00e3o e articula\u00e7\u00e3o de todos os que atuam nesse campo, valorizando o testemunho dos fi\u00e9is que viveram com hero\u00edsmo a f\u00e9 crist\u00e3.<\/p>\n<pre data-start=\"2951\" data-end=\"3283\">Por Larissa Carvalho | Fotos: Giany Costa<\/pre>\n","protected":false},"excerpt":{"rendered":"<p>Na parte da manh\u00e3, os participantes foram convidados a refletir sobre a par\u00e1bola do filho pr\u00f3digo, em medita\u00e7\u00e3o conduzida por dom Anselmo Chagas de Paiva, monge beneditino do Mosteiro de S\u00e3o Bento, no Rio de Janeiro. Para ele, a Par\u00e1bola \u00e9 uma express\u00e3o do caminho de convers\u00e3o cont\u00ednua, essencial \u00e0 vida de quem busca a santidade<\/p>\n","protected":false},"author":138,"featured_media":986027,"comment_status":"closed","ping_status":"closed","sticky":false,"template":"","format":"standard","meta":{"site-sidebar-layout":"default","site-content-layout":"default","ast-global-header-display":"","ast-banner-title-visibility":"","ast-main-header-display":"","ast-hfb-above-header-display":"","ast-hfb-below-header-display":"","ast-hfb-mobile-header-display":"","site-post-title":"","ast-breadcrumbs-content":"","ast-featured-img":"","footer-sml-layout":"","theme-transparent-header-meta":"default","adv-header-id-meta":"","stick-header-meta":"","header-above-stick-meta":"","header-main-stick-meta":"","header-below-stick-meta":""},"categories":[1831,1841],"tags":[6081,1149],"acf":[],"_links":{"self":[{"href":"https:\/\/www.cnbb.org.br\/cnbb-app\/wp\/v2\/posts\/986017"}],"collection":[{"href":"https:\/\/www.cnbb.org.br\/cnbb-app\/wp\/v2\/posts"}],"about":[{"href":"https:\/\/www.cnbb.org.br\/cnbb-app\/wp\/v2\/types\/post"}],"author":[{"embeddable":true,"href":"https:\/\/www.cnbb.org.br\/cnbb-app\/wp\/v2\/users\/138"}],"replies":[{"embeddable":true,"href":"https:\/\/www.cnbb.org.br\/cnbb-app\/wp\/v2\/comments?post=986017"}],"version-history":[{"count":20,"href":"https:\/\/www.cnbb.org.br\/cnbb-app\/wp\/v2\/posts\/986017\/revisions"}],"predecessor-version":[{"id":986066,"href":"https:\/\/www.cnbb.org.br\/cnbb-app\/wp\/v2\/posts\/986017\/revisions\/986066"}],"wp:featuredmedia":[{"embeddable":true,"href":"https:\/\/www.cnbb.org.br\/cnbb-app\/wp\/v2\/media\/986027"}],"wp:attachment":[{"href":"https:\/\/www.cnbb.org.br\/cnbb-app\/wp\/v2\/media?parent=986017"}],"wp:term":[{"taxonomy":"category","embeddable":true,"href":"https:\/\/www.cnbb.org.br\/cnbb-app\/wp\/v2\/categories?post=986017"},{"taxonomy":"post_tag","embeddable":true,"href":"https:\/\/www.cnbb.org.br\/cnbb-app\/wp\/v2\/tags?post=986017"}],"curies":[{"name":"wp","href":"https:\/\/api.w.org\/{rel}","templated":true}]}}