{"id":986061,"date":"2025-07-15T14:26:35","date_gmt":"2025-07-15T17:26:35","guid":{"rendered":"https:\/\/www.cnbb.org.br\/?p=986061"},"modified":"2025-07-15T14:27:13","modified_gmt":"2025-07-15T17:27:13","slug":"sao-camilo-de-lellis-4","status":"publish","type":"post","link":"https:\/\/www.cnbb.org.br\/sao-camilo-de-lellis-4\/","title":{"rendered":"S\u00e3o Camilo de L\u00e9llis\u00a0"},"content":{"rendered":"<p style=\"text-align: right;\"><b><span data-contrast=\"none\">Cardeal Orani Jo\u00e3o Tempesta<\/span><\/b><span data-ccp-props=\"{&quot;201341983&quot;:0,&quot;335551550&quot;:3,&quot;335551620&quot;:3,&quot;335559739&quot;:0,&quot;335559740&quot;:240}\"><br \/>\n<\/span><b><span data-contrast=\"none\">Arcebispo do Rio de Janeiro (RJ)<\/span><\/b><span data-ccp-props=\"{&quot;201341983&quot;:0,&quot;335551550&quot;:3,&quot;335551620&quot;:3,&quot;335559739&quot;:0,&quot;335559740&quot;:240}\">\u00a0<\/span><\/p>\n<p><b><span data-contrast=\"auto\"><\/p>\n<p><\/span><\/b><\/p>\n<p style=\"text-align: justify;\"><b><span data-contrast=\"auto\">O compromisso crist\u00e3o com as institui\u00e7\u00f5es sociais<\/span><\/b><span data-ccp-props=\"{&quot;134233117&quot;:true,&quot;134233118&quot;:true,&quot;201341983&quot;:0,&quot;335551550&quot;:2,&quot;335551620&quot;:2,&quot;335559739&quot;:160,&quot;335559740&quot;:240}\"><\/p>\n<p><\/span><\/p>\n<p style=\"text-align: justify;\"><span data-contrast=\"auto\">A hist\u00f3ria da Igreja \u00e9 marcada por homens e mulheres que, impulsionados pelo amor de Cristo, dedicaram-se aos que mais sofrem. Entre eles, destaca-se S\u00e3o Camilo de L\u00e9llis (1550\u20131614), cuja vida foi um testemunho radical de compaix\u00e3o e servi\u00e7o aos enfermos. Ele n\u00e3o apenas amou os doentes com ternura evang\u00e9lica, mas tamb\u00e9m fundou um caminho novo de atua\u00e7\u00e3o social e institucional no cuidado com os mais fr\u00e1geis. Sua vida inspira at\u00e9 hoje a miss\u00e3o de muitas institui\u00e7\u00f5es sociais, sobretudo na \u00e1rea da sa\u00fade.<\/span><span data-ccp-props=\"{&quot;134233117&quot;:true,&quot;134233118&quot;:true,&quot;201341983&quot;:0,&quot;335551550&quot;:6,&quot;335551620&quot;:6,&quot;335559731&quot;:708,&quot;335559739&quot;:160,&quot;335559740&quot;:240}\">\u00a0<\/span><\/p>\n<p style=\"text-align: justify;\"><span data-contrast=\"auto\">Filho de um oficial do ex\u00e9rcito e \u00f3rf\u00e3o de m\u00e3e desde muito cedo, Camilo teve uma juventude marcada por v\u00edcios e err\u00e2ncias. Foi na dor de uma enfermidade cr\u00f4nica e na humilha\u00e7\u00e3o da mis\u00e9ria que ele come\u00e7ou a escutar o chamado de Deus. Ap\u00f3s uma profunda convers\u00e3o, passou a dedicar-se inteiramente aos doentes e abandonados, especialmente nos hospitais onde as condi\u00e7\u00f5es eram prec\u00e1rias e o tratamento muitas vezes desumano. Foi ordenado sacerdote e, com outros companheiros, fundou a Ordem dos Ministros dos Enfermos \u2014 conhecidos como Camilianos \u2014 com o carisma espec\u00edfico de \u201cservir os doentes com amor de m\u00e3e\u201d.<\/span><span data-ccp-props=\"{&quot;134233117&quot;:true,&quot;134233118&quot;:true,&quot;201341983&quot;:0,&quot;335551550&quot;:6,&quot;335551620&quot;:6,&quot;335559731&quot;:708,&quot;335559739&quot;:160,&quot;335559740&quot;:240}\">\u00a0<\/span><\/p>\n<p style=\"text-align: justify;\"><span data-contrast=\"auto\">A espiritualidade camiliana n\u00e3o \u00e9 uma piedade abstrata, mas um amor concreto e visceral pelo Cristo presente no corpo sofrido do outro. S\u00e3o Camilo costumava dizer: \u201cMais cora\u00e7\u00e3o nas m\u00e3os!\u201d \u2014 uma exorta\u00e7\u00e3o a exercer a caridade n\u00e3o de forma mec\u00e2nica ou distante, mas com sensibilidade, compaix\u00e3o e calor humano. Por isso, ele \u00e9 hoje o padroeiro dos doentes, dos profissionais da sa\u00fade e dos hospitais.<\/span><span data-ccp-props=\"{&quot;134233117&quot;:true,&quot;134233118&quot;:true,&quot;201341983&quot;:0,&quot;335551550&quot;:6,&quot;335551620&quot;:6,&quot;335559731&quot;:708,&quot;335559739&quot;:160,&quot;335559740&quot;:240}\">\u00a0<\/span><\/p>\n<p style=\"text-align: justify;\"><span data-contrast=\"auto\">Essa heran\u00e7a espiritual gerou ao longo dos s\u00e9culos uma rica rede de obras sociais e institui\u00e7\u00f5es comprometidas com o cuidado integral da pessoa humana. Hospitais, centros de reabilita\u00e7\u00e3o, casas de acolhida, programas de promo\u00e7\u00e3o da sa\u00fade e forma\u00e7\u00e3o de agentes sanit\u00e1rios continuam, em muitos pa\u00edses, a levar adiante o legado de Camilo. A atua\u00e7\u00e3o de v\u00e1rias institui\u00e7\u00f5es que s\u00e3o inspiradas no carisma camiliano vai al\u00e9m do atendimento cl\u00ednico: ela busca humanizar o cuidado, respeitar a dignidade de cada paciente, acolher a dor com escuta e presen\u00e7a.<\/span><span data-ccp-props=\"{&quot;134233117&quot;:true,&quot;134233118&quot;:true,&quot;201341983&quot;:0,&quot;335551550&quot;:6,&quot;335551620&quot;:6,&quot;335559731&quot;:708,&quot;335559739&quot;:160,&quot;335559740&quot;:240}\">\u00a0<\/span><\/p>\n<p style=\"text-align: justify;\"><span data-contrast=\"auto\">Num tempo marcado por desafios \u00e0 sa\u00fade p\u00fablica, por desigualdades sociais e por crises humanit\u00e1rias, o exemplo de S\u00e3o Camilo nos interpela. O mundo n\u00e3o precisa apenas de estruturas t\u00e9cnicas eficientes, mas de institui\u00e7\u00f5es sociais que sejam express\u00e3o viva da miseric\u00f3rdia de Deus. \u00c9 preciso formar cora\u00e7\u00f5es novos, capazes de ver no doente um irm\u00e3o, e n\u00e3o um n\u00famero; no pobre, um pr\u00f3ximo, e n\u00e3o um peso.<\/span><span data-ccp-props=\"{&quot;134233117&quot;:true,&quot;134233118&quot;:true,&quot;201341983&quot;:0,&quot;335551550&quot;:6,&quot;335551620&quot;:6,&quot;335559731&quot;:708,&quot;335559739&quot;:160,&quot;335559740&quot;:240}\">\u00a0<\/span><\/p>\n<p style=\"text-align: justify;\"><span data-contrast=\"auto\">Muitas institui\u00e7\u00f5es \u2013 inspiradas no carisma de S\u00e3o Camilo de L\u00e9lis \u2013 tem feito um edificante trabalho de atendimento de sa\u00fade, seja como entidades beneficentes, mas tamb\u00e9m via o SUS, bem como exitosas parcerias p\u00fablico-privadas para levar sa\u00fade para as pessoas que mais necessitam. Nossa proximidade espiritual e nossas ora\u00e7\u00f5es pelo trabalho abnegado de m\u00e9dicos, administradores hospitalares, enfermeiros e profissionais de v\u00e1rios ramos da sa\u00fade que d\u00e3o assist\u00eancia aos que mais necessitam como bons samaritanos.<\/span><span data-ccp-props=\"{&quot;134233117&quot;:true,&quot;134233118&quot;:true,&quot;201341983&quot;:0,&quot;335551550&quot;:6,&quot;335551620&quot;:6,&quot;335559731&quot;:708,&quot;335559739&quot;:160,&quot;335559740&quot;:240}\">\u00a0<\/span><\/p>\n<p style=\"text-align: justify;\"><span data-contrast=\"auto\">S\u00e3o Camilo nos ensina que cuidar \u00e9 mais do que curar: \u00e9 estar junto, &#8211; sofrer com &#8211; valorizar a vida mesmo em sua fragilidade. Seu legado continua a inspirar profissionais da sa\u00fade, religiosos e leigos comprometidos com a promo\u00e7\u00e3o da vida digna. Que as institui\u00e7\u00f5es sociais, \u00e0 luz de sua espiritualidade, jamais percam o sentido maior de sua exist\u00eancia: fazer do cuidado um ato de amor evang\u00e9lico.<\/span><span data-ccp-props=\"{&quot;134233117&quot;:true,&quot;134233118&quot;:true,&quot;201341983&quot;:0,&quot;335551550&quot;:6,&quot;335551620&quot;:6,&quot;335559731&quot;:708,&quot;335559739&quot;:160,&quot;335559740&quot;:240}\">\u00a0<\/span><\/p>\n<p style=\"text-align: justify;\"><span data-ccp-props=\"{&quot;134233117&quot;:true,&quot;134233118&quot;:true,&quot;201341983&quot;:0,&quot;335551550&quot;:3,&quot;335551620&quot;:3,&quot;335559731&quot;:708,&quot;335559739&quot;:160,&quot;335559740&quot;:240}\">\u00a0<\/span><\/p>\n<p>&nbsp;<\/p>\n<p><span data-ccp-props=\"{&quot;201341983&quot;:0,&quot;335551550&quot;:6,&quot;335551620&quot;:6,&quot;335559739&quot;:160,&quot;335559740&quot;:278}\">\u00a0<\/span><\/p>\n<p><span data-ccp-props=\"{&quot;134233117&quot;:true,&quot;134233118&quot;:true,&quot;201341983&quot;:0,&quot;335559731&quot;:708,&quot;335559739&quot;:160,&quot;335559740&quot;:240}\">\u00a0<\/span><\/p>\n","protected":false},"excerpt":{"rendered":"<p>Cardeal Orani Jo\u00e3o Tempesta Arcebispo do Rio de Janeiro (RJ)\u00a0 O compromisso crist\u00e3o com as institui\u00e7\u00f5es sociais A hist\u00f3ria da Igreja \u00e9 marcada por homens e mulheres que, impulsionados pelo amor de Cristo, dedicaram-se aos que mais sofrem. Entre eles, destaca-se S\u00e3o Camilo de L\u00e9llis (1550\u20131614), cuja vida foi um testemunho radical de compaix\u00e3o e &hellip;<\/p>\n<p class=\"read-more\"> <a class=\"\" href=\"https:\/\/www.cnbb.org.br\/sao-camilo-de-lellis-4\/\"> <span class=\"screen-reader-text\">S\u00e3o Camilo de L\u00e9llis\u00a0<\/span> Leia mais &raquo;<\/a><\/p>\n","protected":false},"author":31,"featured_media":0,"comment_status":"closed","ping_status":"closed","sticky":false,"template":"","format":"standard","meta":{"site-sidebar-layout":"default","site-content-layout":"default","ast-global-header-display":"","ast-banner-title-visibility":"","ast-main-header-display":"","ast-hfb-above-header-display":"","ast-hfb-below-header-display":"","ast-hfb-mobile-header-display":"","site-post-title":"","ast-breadcrumbs-content":"","ast-featured-img":"","footer-sml-layout":"","theme-transparent-header-meta":"default","adv-header-id-meta":"","stick-header-meta":"","header-above-stick-meta":"","header-main-stick-meta":"","header-below-stick-meta":""},"categories":[758],"tags":[],"acf":[],"_links":{"self":[{"href":"https:\/\/www.cnbb.org.br\/cnbb-app\/wp\/v2\/posts\/986061"}],"collection":[{"href":"https:\/\/www.cnbb.org.br\/cnbb-app\/wp\/v2\/posts"}],"about":[{"href":"https:\/\/www.cnbb.org.br\/cnbb-app\/wp\/v2\/types\/post"}],"author":[{"embeddable":true,"href":"https:\/\/www.cnbb.org.br\/cnbb-app\/wp\/v2\/users\/31"}],"replies":[{"embeddable":true,"href":"https:\/\/www.cnbb.org.br\/cnbb-app\/wp\/v2\/comments?post=986061"}],"version-history":[{"count":2,"href":"https:\/\/www.cnbb.org.br\/cnbb-app\/wp\/v2\/posts\/986061\/revisions"}],"predecessor-version":[{"id":986063,"href":"https:\/\/www.cnbb.org.br\/cnbb-app\/wp\/v2\/posts\/986061\/revisions\/986063"}],"wp:attachment":[{"href":"https:\/\/www.cnbb.org.br\/cnbb-app\/wp\/v2\/media?parent=986061"}],"wp:term":[{"taxonomy":"category","embeddable":true,"href":"https:\/\/www.cnbb.org.br\/cnbb-app\/wp\/v2\/categories?post=986061"},{"taxonomy":"post_tag","embeddable":true,"href":"https:\/\/www.cnbb.org.br\/cnbb-app\/wp\/v2\/tags?post=986061"}],"curies":[{"name":"wp","href":"https:\/\/api.w.org\/{rel}","templated":true}]}}