{"id":986162,"date":"2025-07-17T10:41:07","date_gmt":"2025-07-17T13:41:07","guid":{"rendered":"https:\/\/www.cnbb.org.br\/?p=986162"},"modified":"2025-07-17T10:42:17","modified_gmt":"2025-07-17T13:42:17","slug":"a-acolhida-e-o-encontro-com-deus-no-meio-de-nossa-vida-cotidiana","status":"publish","type":"post","link":"https:\/\/www.cnbb.org.br\/a-acolhida-e-o-encontro-com-deus-no-meio-de-nossa-vida-cotidiana\/","title":{"rendered":"A acolhida e o encontro com Deus no meio de nossa vida cotidiana\u00a0"},"content":{"rendered":"<div style=\"text-align: right;\"><strong>Dom Antonio Carlos Rossi Keller<\/strong><\/div>\n<p style=\"text-align: right;\"><strong>Bispo de Frederico Westphalen (RS)<\/strong><\/p>\n<p><span data-ccp-props=\"{&quot;201341983&quot;:0,&quot;335551550&quot;:6,&quot;335551620&quot;:6,&quot;335559740&quot;:360}\">\u00a0<\/span><\/p>\n<p style=\"text-align: justify;\"><span data-contrast=\"auto\">A liturgia deste 16\u00ba Domingo do Tempo Comum nos apresenta uma bela sequ\u00eancia de textos que nos falam sobre a hospitalidade, a presen\u00e7a de Deus entre n\u00f3s e o verdadeiro caminho para a santidade.<\/span><span data-ccp-props=\"{&quot;201341983&quot;:0,&quot;335551550&quot;:6,&quot;335551620&quot;:6,&quot;335559739&quot;:140,&quot;335559740&quot;:360}\">\u00a0<\/span><\/p>\n<p style=\"text-align: justify;\"><span data-contrast=\"auto\">Acolher o Senhor em nossa casa, em nosso cora\u00e7\u00e3o, significa abrir espa\u00e7o para a Sua Palavra, para a Sua vontade e para a Sua gra\u00e7a transformadora. \u00c9 isso que as leituras de hoje nos lembram: Deus se revela \u00e0queles que est\u00e3o dispostos a receb\u00ea-lo com amor, mesmo nas circunst\u00e2ncias mais simples e ordin\u00e1rias da vida.<\/span><span data-ccp-props=\"{&quot;201341983&quot;:0,&quot;335551550&quot;:6,&quot;335551620&quot;:6,&quot;335559739&quot;:0,&quot;335559740&quot;:360}\">\u00a0<\/span><\/p>\n<p style=\"text-align: justify;\"><b><span data-contrast=\"auto\">Primeira Leitura \u2014 Gn. 18,1-10a<\/span><\/b><span data-ccp-props=\"{&quot;201341983&quot;:0,&quot;335551550&quot;:6,&quot;335551620&quot;:6,&quot;335559739&quot;:0,&quot;335559740&quot;:360}\">\u00a0<\/span><\/p>\n<p style=\"text-align: justify;\"><span data-contrast=\"auto\">No livro do G\u00eanesis, vemos Abra\u00e3o acolhendo tr\u00eas viajantes como se fossem h\u00f3spedes quaisquer. Mas logo descobrimos que n\u00e3o eram somente homens, mas manifesta\u00e7\u00f5es de Deus. Este epis\u00f3dio \u00e9 uma das cenas mais conhecidas da B\u00edblia e ilustra perfeitamente o valor da hospitalidade como express\u00e3o de f\u00e9.<\/span><span data-ccp-props=\"{&quot;201341983&quot;:0,&quot;335551550&quot;:6,&quot;335551620&quot;:6,&quot;335559739&quot;:0,&quot;335559740&quot;:360}\">\u00a0<\/span><\/p>\n<p style=\"text-align: justify;\"><span data-contrast=\"auto\">Abra\u00e3o corre ao seu encontro, oferece \u00e1gua, p\u00e3o e carne. Ele n\u00e3o s\u00f3 acolhe os estranhos, mas os trata com respeito, rever\u00eancia e generosidade. E por tr\u00e1s dessa atitude humilde, ele est\u00e1 na presen\u00e7a de Deus. Deus lhe aparece, conversa com ele e lhe faz uma promessa: Sara, sua esposa est\u00e9ril, ter\u00e1 um filho.<\/span><span data-ccp-props=\"{&quot;201341983&quot;:0,&quot;335551550&quot;:6,&quot;335551620&quot;:6,&quot;335559739&quot;:0,&quot;335559740&quot;:360}\">\u00a0<\/span><\/p>\n<p style=\"text-align: justify;\"><span data-contrast=\"auto\">Quando acolhemos o pr\u00f3ximo com amor e generosidade, estamos tamb\u00e9m acolhendo o pr\u00f3prio Deus. Nossa f\u00e9 se manifesta no cuidado com aqueles que cruzam nossas vidas.<\/span><span data-ccp-props=\"{&quot;201341983&quot;:0,&quot;335551550&quot;:6,&quot;335551620&quot;:6,&quot;335559739&quot;:0,&quot;335559740&quot;:360}\">\u00a0<\/span><\/p>\n<p style=\"text-align: justify;\"><b><span data-contrast=\"auto\">Segunda Leitura \u2014 Cl 1,24\u201328.<\/span><\/b><span data-ccp-props=\"{&quot;201341983&quot;:0,&quot;335551550&quot;:6,&quot;335551620&quot;:6,&quot;335559739&quot;:0,&quot;335559740&quot;:360}\">\u00a0<\/span><\/p>\n<p style=\"text-align: justify;\"><span data-contrast=\"auto\">S\u00e3o Paulo nos mostra o sentido redentor do sofrimento crist\u00e3o. Ele diz: \u201c<\/span><i><span data-contrast=\"auto\">Alegro-me nos meus sofrimentos por v\u00f3s\u2026 Completo na minha carne o que falta \u00e0s tribula\u00e7\u00f5es de Cristo.<\/span><\/i><span data-contrast=\"auto\">\u201d<\/span><span data-ccp-props=\"{&quot;201341983&quot;:0,&quot;335551550&quot;:6,&quot;335551620&quot;:6,&quot;335559739&quot;:0,&quot;335559740&quot;:360}\">\u00a0<\/span><\/p>\n<p style=\"text-align: justify;\"><span data-contrast=\"auto\">Paulo n\u00e3o fala de sofrimento in\u00fatil ou passivo, mas de um sofrimento assumido com sentido, unido \u00e0 Paix\u00e3o de Cristo, pelo bem das almas. Seu testemunho \u00e9 desafiador: ele viveu sua miss\u00e3o com entrega total, anunciando Cristo com coragem e ensinando todos com sabedoria, na esperan\u00e7a de formar disc\u00edpulos maduros.<\/span><span data-ccp-props=\"{&quot;201341983&quot;:0,&quot;335551550&quot;:6,&quot;335551620&quot;:6,&quot;335559739&quot;:0,&quot;335559740&quot;:360}\">\u00a0<\/span><\/p>\n<p style=\"text-align: justify;\"><span data-contrast=\"auto\">Somos chamados a participar da miss\u00e3o de Cristo com coragem, amor e servi\u00e7o. Isso pode exigir sacrif\u00edcios, mas tudo tem sentido quando vivido pela edifica\u00e7\u00e3o do Reino e pelo bem do pr\u00f3ximo.<\/span><span data-ccp-props=\"{&quot;201341983&quot;:0,&quot;335551550&quot;:6,&quot;335551620&quot;:6,&quot;335559739&quot;:0,&quot;335559740&quot;:360}\">\u00a0<\/span><\/p>\n<p style=\"text-align: justify;\"><b><span data-contrast=\"auto\">Evangelho \u2014 Lc 10,38-42.<\/span><\/b><span data-ccp-props=\"{&quot;201341983&quot;:0,&quot;335551550&quot;:6,&quot;335551620&quot;:6,&quot;335559739&quot;:0,&quot;335559740&quot;:360}\">\u00a0<\/span><\/p>\n<p style=\"text-align: justify;\"><span data-contrast=\"auto\">Jesus entra na casa de Marta e Maria. Marta se ocupa com muitos afazeres, enquanto Maria escolhe ficar aos p\u00e9s de Jesus, escutando Sua Palavra. Diante da reclama\u00e7\u00e3o de Marta, Jesus responde com delicadeza e firmeza: \u201c<\/span><i><span data-contrast=\"auto\">Marta, Marta, voc\u00ea se preocupa e se agita com muitas coisas; no entanto, uma s\u00f3 coisa \u00e9 necess\u00e1ria. Maria escolheu a melhor parte, e esta n\u00e3o lhe ser\u00e1 tirada<\/span><\/i><span data-contrast=\"auto\">.\u201d<\/span><span data-ccp-props=\"{&quot;201341983&quot;:0,&quot;335551550&quot;:6,&quot;335551620&quot;:6,&quot;335559739&quot;:0,&quot;335559740&quot;:360}\">\u00a0<\/span><\/p>\n<p style=\"text-align: justify;\"><span data-contrast=\"auto\">Este trecho \u00e9 rico em ensinamentos:<\/span><span data-ccp-props=\"{&quot;201341983&quot;:0,&quot;335551550&quot;:6,&quot;335551620&quot;:6,&quot;335559739&quot;:0,&quot;335559740&quot;:360}\">\u00a0<\/span><\/p>\n<p style=\"text-align: justify;\"><span data-contrast=\"auto\">&#8211; Maria representa a contempla\u00e7\u00e3o, a escuta da Palavra, a prioridade de Deus na vida.<\/span><span data-ccp-props=\"{&quot;201341983&quot;:0,&quot;335551550&quot;:6,&quot;335551620&quot;:6,&quot;335559739&quot;:0,&quot;335559740&quot;:360}\">\u00a0<\/span><\/p>\n<p style=\"text-align: justify;\"><span data-contrast=\"auto\">&#8211; Marta simboliza o servi\u00e7o, o zelo pelas obras boas, mas sem perder de vista o essencial.<\/span><span data-ccp-props=\"{&quot;201341983&quot;:0,&quot;335551550&quot;:6,&quot;335551620&quot;:6,&quot;335559739&quot;:0,&quot;335559740&quot;:360}\">\u00a0<\/span><\/p>\n<p style=\"text-align: justify;\"><span data-contrast=\"auto\">Jesus n\u00e3o repreende o servi\u00e7o em si, mas a falta de equil\u00edbrio. O essencial \u00e9 permanecer com Ele, ouvir Sua voz, deixar-se transformar por Sua presen\u00e7a. Tudo o mais deve brotar dessa uni\u00e3o \u00edntima com o Mestre.<\/span><\/p>\n<p style=\"text-align: justify;\"><b style=\"font-style: inherit;\"><span data-contrast=\"auto\">Conclus\u00e3o: Indica\u00e7\u00f5es Pr\u00e1ticas para a Vida Cotidiana:<\/span><\/b><\/p>\n<p style=\"text-align: justify;\"><span data-contrast=\"auto\">Queridos irm\u00e3os,<\/span><span data-ccp-props=\"{&quot;201341983&quot;:0,&quot;335551550&quot;:6,&quot;335551620&quot;:6,&quot;335559739&quot;:0,&quot;335559740&quot;:360}\">\u00a0<\/span><\/p>\n<p style=\"text-align: justify;\"><span data-contrast=\"auto\">Como podemos levar para casa a mensagem deste domingo?<\/span><span data-ccp-props=\"{&quot;201341983&quot;:0,&quot;335551550&quot;:6,&quot;335551620&quot;:6,&quot;335559739&quot;:0,&quot;335559740&quot;:360}\">\u00a0<\/span><\/p>\n<p style=\"text-align: justify;\"><span data-contrast=\"auto\">Vamos, antes de tudo, rezar e pedir ao Esp\u00edrito Santo que nos ajude a viver assim:<\/span><\/p>\n<p style=\"text-align: justify;\"><b style=\"font-style: inherit;\"><span data-contrast=\"auto\">Praticando<\/span><\/b> <b style=\"font-style: inherit;\"><span data-contrast=\"auto\">a hospitalidade com amor e simplicidade.<\/span><\/b><\/p>\n<p style=\"text-align: justify;\"><span data-contrast=\"auto\">Aprendamos a acolher as pessoas com respeito e aten\u00e7\u00e3o, especialmente aquelas que precisam de um pouco de tempo, escuta ou carinho. Certamente nelas est\u00e1 o pr\u00f3prio Senhor querendo se revelar.<\/span><\/p>\n<p style=\"text-align: justify;\"><b style=\"font-style: inherit;\"><span data-contrast=\"auto\">Dando<\/span><\/b> <b style=\"font-style: inherit;\"><span data-contrast=\"auto\">prioridade \u00e0 escuta da Palavra de Deus.<\/span><\/b><\/p>\n<p style=\"text-align: justify;\"><span data-contrast=\"auto\">Reservemos um momento di\u00e1rio para a ora\u00e7\u00e3o pessoal. Mesmo que seja breve, que seja sincero. Que possamos ser como Maria, sentados aos p\u00e9s de Jesus, aprendendo dele a viver o dia a dia.<\/span><\/p>\n<p style=\"text-align: justify;\"><b style=\"font-style: inherit;\"><span data-contrast=\"auto\">N\u00e3o deixar que o ativismo substitua a intimidade com Cristo.\u00a0<\/span><\/b><\/p>\n<p style=\"text-align: justify;\"><span data-contrast=\"auto\">Quantos de n\u00f3s somos \u201cMarta\u201d demais? Temos tantos afazeres que nos distra\u00edmos do essencial. Fa\u00e7amos o poss\u00edvel para equilibrar o servi\u00e7o com a contempla\u00e7\u00e3o. Sem essa base, o servi\u00e7o perde for\u00e7a e sentido.<\/span><\/p>\n<p style=\"text-align: justify;\"><span style=\"font-size: 16px;\">Sejamos aqueles que acolhem Deus no cotidiano.\u00a0<\/span><\/p>\n<p style=\"text-align: justify;\"><span data-contrast=\"auto\">Na fam\u00edlia, no trabalho, na comunidade, busquemos ver a presen\u00e7a de Deus. Nos pequenos gestos, nas rela\u00e7\u00f5es fraternas, na busca pela justi\u00e7a e pela paz.<\/span><span data-ccp-props=\"{&quot;201341983&quot;:0,&quot;335551550&quot;:6,&quot;335551620&quot;:6,&quot;335559739&quot;:0,&quot;335559740&quot;:360}\">\u00a0<\/span><\/p>\n<p style=\"text-align: justify;\"><span data-contrast=\"auto\">Que Nossa Senhora, modelo de contempla\u00e7\u00e3o e servi\u00e7o, interceda por n\u00f3s. Que Santa Marta e Santa Maria nos inspirem a viver com equil\u00edbrio a f\u00e9 e a a\u00e7\u00e3o. Que o Senhor nos mantenha sempre atentos \u00e0 Sua voz e abertos \u00e0 Sua gra\u00e7a.<\/span><span data-ccp-props=\"{&quot;201341983&quot;:0,&quot;335551550&quot;:6,&quot;335551620&quot;:6,&quot;335559739&quot;:0,&quot;335559740&quot;:360}\">\u00a0<\/span><\/p>\n<p style=\"text-align: justify;\"><span data-contrast=\"auto\">Am\u00e9m.<\/span><span data-ccp-props=\"{&quot;201341983&quot;:0,&quot;335551550&quot;:6,&quot;335551620&quot;:6,&quot;335559739&quot;:0,&quot;335559740&quot;:360}\">\u00a0<\/span><\/p>\n<p><span data-ccp-props=\"{&quot;201341983&quot;:0,&quot;335551550&quot;:6,&quot;335551620&quot;:6,&quot;335559740&quot;:360}\">\u00a0<\/span><\/p>\n","protected":false},"excerpt":{"rendered":"<p>Dom Antonio Carlos Rossi Keller Bispo de Frederico Westphalen (RS) \u00a0 A liturgia deste 16\u00ba Domingo do Tempo Comum nos apresenta uma bela sequ\u00eancia de textos que nos falam sobre a hospitalidade, a presen\u00e7a de Deus entre n\u00f3s e o verdadeiro caminho para a santidade.\u00a0 Acolher o Senhor em nossa casa, em nosso cora\u00e7\u00e3o, significa &hellip;<\/p>\n<p class=\"read-more\"> <a class=\"\" href=\"https:\/\/www.cnbb.org.br\/a-acolhida-e-o-encontro-com-deus-no-meio-de-nossa-vida-cotidiana\/\"> <span class=\"screen-reader-text\">A acolhida e o encontro com Deus no meio de nossa vida cotidiana\u00a0<\/span> Leia mais &raquo;<\/a><\/p>\n","protected":false},"author":1821,"featured_media":0,"comment_status":"closed","ping_status":"closed","sticky":false,"template":"","format":"standard","meta":{"site-sidebar-layout":"default","site-content-layout":"default","ast-global-header-display":"","ast-banner-title-visibility":"","ast-main-header-display":"","ast-hfb-above-header-display":"","ast-hfb-below-header-display":"","ast-hfb-mobile-header-display":"","site-post-title":"","ast-breadcrumbs-content":"","ast-featured-img":"","footer-sml-layout":"","theme-transparent-header-meta":"default","adv-header-id-meta":"","stick-header-meta":"","header-above-stick-meta":"","header-main-stick-meta":"","header-below-stick-meta":""},"categories":[758],"tags":[],"acf":[],"_links":{"self":[{"href":"https:\/\/www.cnbb.org.br\/cnbb-app\/wp\/v2\/posts\/986162"}],"collection":[{"href":"https:\/\/www.cnbb.org.br\/cnbb-app\/wp\/v2\/posts"}],"about":[{"href":"https:\/\/www.cnbb.org.br\/cnbb-app\/wp\/v2\/types\/post"}],"author":[{"embeddable":true,"href":"https:\/\/www.cnbb.org.br\/cnbb-app\/wp\/v2\/users\/1821"}],"replies":[{"embeddable":true,"href":"https:\/\/www.cnbb.org.br\/cnbb-app\/wp\/v2\/comments?post=986162"}],"version-history":[{"count":3,"href":"https:\/\/www.cnbb.org.br\/cnbb-app\/wp\/v2\/posts\/986162\/revisions"}],"predecessor-version":[{"id":986165,"href":"https:\/\/www.cnbb.org.br\/cnbb-app\/wp\/v2\/posts\/986162\/revisions\/986165"}],"wp:attachment":[{"href":"https:\/\/www.cnbb.org.br\/cnbb-app\/wp\/v2\/media?parent=986162"}],"wp:term":[{"taxonomy":"category","embeddable":true,"href":"https:\/\/www.cnbb.org.br\/cnbb-app\/wp\/v2\/categories?post=986162"},{"taxonomy":"post_tag","embeddable":true,"href":"https:\/\/www.cnbb.org.br\/cnbb-app\/wp\/v2\/tags?post=986162"}],"curies":[{"name":"wp","href":"https:\/\/api.w.org\/{rel}","templated":true}]}}