{"id":986186,"date":"2025-07-18T08:58:32","date_gmt":"2025-07-18T11:58:32","guid":{"rendered":"https:\/\/www.cnbb.org.br\/?p=986186"},"modified":"2025-07-18T08:59:37","modified_gmt":"2025-07-18T11:59:37","slug":"16o-domingo-do-tempo-comum-2","status":"publish","type":"post","link":"https:\/\/www.cnbb.org.br\/16o-domingo-do-tempo-comum-2\/","title":{"rendered":"16\u00ba Domingo do Tempo Comum"},"content":{"rendered":"<p style=\"text-align: right;\"><b><span data-contrast=\"none\">Dom Carmo Jo\u00e3o Rhoden<br \/>\n<\/span><\/b><b><span data-contrast=\"none\">Bispo Em\u00e9rito de Taubat\u00e9 (SP)<\/span><\/b><span data-ccp-props=\"{&quot;201341983&quot;:0,&quot;335551550&quot;:2,&quot;335551620&quot;:2,&quot;335559739&quot;:160,&quot;335559740&quot;:259}\">\u00a0<\/span><\/p>\n<p>&nbsp;<\/p>\n<p>&nbsp;<\/p>\n<p><span data-contrast=\"none\">16\u00ba Domingo do Tempo Comum 20\/07\/25 (Lc 10,38-42).<\/span><span data-ccp-props=\"{&quot;201341983&quot;:0,&quot;335551550&quot;:2,&quot;335551620&quot;:2,&quot;335559739&quot;:160,&quot;335559740&quot;:259}\">\u00a0<\/span><\/p>\n<p><span data-ccp-props=\"{&quot;201341983&quot;:0,&quot;335551550&quot;:6,&quot;335551620&quot;:6,&quot;335559739&quot;:160,&quot;335559740&quot;:259}\">\u00a0<\/span><\/p>\n<p style=\"text-align: justify;\"><i><span data-contrast=\"none\">Texto referencial: \u201cMaria escolheu a melhor parte esta n\u00e3o lhe ser\u00e1 tirada\u201d.<\/span><\/i><span data-ccp-props=\"{&quot;201341983&quot;:0,&quot;335551550&quot;:2,&quot;335551620&quot;:2,&quot;335559739&quot;:160,&quot;335559740&quot;:259}\">\u00a0<\/span><\/p>\n<p style=\"text-align: justify;\"><i><span data-contrast=\"none\">(Lc 10, 42b).<\/span><\/i><span data-ccp-props=\"{&quot;201341983&quot;:0,&quot;335551550&quot;:2,&quot;335551620&quot;:2,&quot;335559739&quot;:160,&quot;335559740&quot;:259}\">\u00a0<\/span><\/p>\n<p style=\"text-align: justify;\"><span data-contrast=\"none\">Jesus se est\u00e1 dirigindo a Jerusal\u00e9m. N\u00e3o se trata, apenas de uma visita ou de turismo religioso, de percurso geogr\u00e1fico ou de romaria, mas de verdadeira peregrina\u00e7\u00e3o teol\u00f3gica. Jesus est\u00e1 trabalhando a forma\u00e7\u00e3o dos ap\u00f3stolos, preparando-os, para o in\u00edcio da miss\u00e3o que ter\u00e1 muitos desafios futuros e da pr\u00f3pria dificuldade da aceita\u00e7\u00e3o e a vid\u00eancia do projeto de Jesus: sua crucifica\u00e7\u00e3o e morte. \u00c9s tal realidade que n\u00e3o cabia na mente e na perspectiva dos doze disc\u00edpulos.<\/span><span data-ccp-props=\"{&quot;201341983&quot;:0,&quot;335551550&quot;:6,&quot;335551620&quot;:6,&quot;335559739&quot;:160,&quot;335559740&quot;:259}\">\u00a0<\/span><\/p>\n<p style=\"text-align: justify;\"><span data-contrast=\"none\">O Reino de Deus, na vis\u00e3o dos doze, seria de triunfo, poder e de gl\u00f3ria. Os ap\u00f3stolos amavam a Jesus e n\u00e3o queriam que ele viesse a sofrer, menos ainda morrer, numa cruz ignominiosa. Eles, tinham a cabe\u00e7a feita pelo antigo testamento, ou pela apar\u00eancia do poder dos seus sumos sacerdotes e fariseus.<\/span><span data-ccp-props=\"{&quot;201341983&quot;:0,&quot;335551550&quot;:6,&quot;335551620&quot;:6,&quot;335559739&quot;:160,&quot;335559740&quot;:259}\">\u00a0<\/span><\/p>\n<p style=\"text-align: justify;\"><span data-contrast=\"none\">Mas nesta ida a Jerusal\u00e9m, nem tudo foi para Jesus apenas recorda\u00e7\u00f5es das persegui\u00e7\u00f5es dos profetas, ou de seus pr\u00f3prios sofrimentos, j\u00e1 pr\u00f3ximos. Ele, foi acolhido, com ternura, por duas mulheres. No caso, Marta e Maria. Jesus n\u00e3o rejeita a atitude das duas mulheres, coisa que ent\u00e3o era totalmente inaceit\u00e1vel pelos membros da sociedade religiosa do tempo. O evangelho nem fala de L\u00e1zaro, o irm\u00e3o de ambas que Jesus havia ressuscitado, mas prioriza e enfatiza a atitude de Maria. Bem como, a de Jesus, que as amava e valorizava, mesmo expondo assim as cr\u00edticas dos piedosos de ent\u00e3o.<\/span><span data-ccp-props=\"{&quot;201341983&quot;:0,&quot;335551550&quot;:6,&quot;335551620&quot;:6,&quot;335559739&quot;:160,&quot;335559740&quot;:259}\">\u00a0<\/span><\/p>\n<p style=\"text-align: justify;\"><span data-contrast=\"none\">Jesus, repete tamb\u00e9m, as Martas de hoje (que n\u00e3o s\u00e3o poucas) \u00e0 de outrora \u201cMaria escolheu a boa parte\u201d (melhor parte) Jesus n\u00e3o desprezou a fun\u00e7\u00e3o exercida por Marta, pois certamente, tamb\u00e9m sentia fome e precisava comer, apenas deixou claro na vida existem prioridades: a audi\u00e7\u00e3o e a viv\u00eancia da palavra de Deus est\u00e3o entre elas. Tamb\u00e9m hoje, ali\u00e1s sempre.<\/span><span data-ccp-props=\"{&quot;201341983&quot;:0,&quot;335551550&quot;:6,&quot;335551620&quot;:6,&quot;335559739&quot;:160,&quot;335559740&quot;:259}\">\u00a0<\/span><\/p>\n<p style=\"text-align: justify;\"><span data-ccp-props=\"{&quot;201341983&quot;:0,&quot;335551550&quot;:6,&quot;335551620&quot;:6,&quot;335559739&quot;:160,&quot;335559740&quot;:259}\">\u00a0<\/span><\/p>\n<p style=\"text-align: justify;\"><span data-ccp-props=\"{&quot;201341983&quot;:0,&quot;335551550&quot;:6,&quot;335551620&quot;:6,&quot;335559739&quot;:160,&quot;335559740&quot;:259}\">\u00a0<\/span><\/p>\n<p style=\"text-align: justify;\"><span data-ccp-props=\"{&quot;201341983&quot;:0,&quot;335559739&quot;:160,&quot;335559740&quot;:259}\">\u00a0<\/span><\/p>\n<p style=\"text-align: justify;\"><span data-ccp-props=\"{&quot;201341983&quot;:0,&quot;335551550&quot;:6,&quot;335551620&quot;:6,&quot;335559739&quot;:160,&quot;335559740&quot;:259}\">\u00a0<\/span><\/p>\n<p><span data-ccp-props=\"{&quot;201341983&quot;:0,&quot;335551550&quot;:6,&quot;335551620&quot;:6,&quot;335559739&quot;:160,&quot;335559740&quot;:259}\">\u00a0<\/span><\/p>\n","protected":false},"excerpt":{"rendered":"<p>Dom Carmo Jo\u00e3o Rhoden Bispo Em\u00e9rito de Taubat\u00e9 (SP)\u00a0 &nbsp; &nbsp; 16\u00ba Domingo do Tempo Comum 20\/07\/25 (Lc 10,38-42).\u00a0 \u00a0 Texto referencial: \u201cMaria escolheu a melhor parte esta n\u00e3o lhe ser\u00e1 tirada\u201d.\u00a0 (Lc 10, 42b).\u00a0 Jesus se est\u00e1 dirigindo a Jerusal\u00e9m. N\u00e3o se trata, apenas de uma visita ou de turismo religioso, de percurso geogr\u00e1fico &hellip;<\/p>\n<p class=\"read-more\"> <a class=\"\" href=\"https:\/\/www.cnbb.org.br\/16o-domingo-do-tempo-comum-2\/\"> <span class=\"screen-reader-text\">16\u00ba Domingo do Tempo Comum<\/span> Leia mais &raquo;<\/a><\/p>\n","protected":false},"author":132,"featured_media":0,"comment_status":"closed","ping_status":"closed","sticky":false,"template":"","format":"standard","meta":{"site-sidebar-layout":"default","site-content-layout":"default","ast-global-header-display":"","ast-banner-title-visibility":"","ast-main-header-display":"","ast-hfb-above-header-display":"","ast-hfb-below-header-display":"","ast-hfb-mobile-header-display":"","site-post-title":"","ast-breadcrumbs-content":"","ast-featured-img":"","footer-sml-layout":"","theme-transparent-header-meta":"default","adv-header-id-meta":"","stick-header-meta":"","header-above-stick-meta":"","header-main-stick-meta":"","header-below-stick-meta":""},"categories":[758],"tags":[],"acf":[],"_links":{"self":[{"href":"https:\/\/www.cnbb.org.br\/cnbb-app\/wp\/v2\/posts\/986186"}],"collection":[{"href":"https:\/\/www.cnbb.org.br\/cnbb-app\/wp\/v2\/posts"}],"about":[{"href":"https:\/\/www.cnbb.org.br\/cnbb-app\/wp\/v2\/types\/post"}],"author":[{"embeddable":true,"href":"https:\/\/www.cnbb.org.br\/cnbb-app\/wp\/v2\/users\/132"}],"replies":[{"embeddable":true,"href":"https:\/\/www.cnbb.org.br\/cnbb-app\/wp\/v2\/comments?post=986186"}],"version-history":[{"count":3,"href":"https:\/\/www.cnbb.org.br\/cnbb-app\/wp\/v2\/posts\/986186\/revisions"}],"predecessor-version":[{"id":986192,"href":"https:\/\/www.cnbb.org.br\/cnbb-app\/wp\/v2\/posts\/986186\/revisions\/986192"}],"wp:attachment":[{"href":"https:\/\/www.cnbb.org.br\/cnbb-app\/wp\/v2\/media?parent=986186"}],"wp:term":[{"taxonomy":"category","embeddable":true,"href":"https:\/\/www.cnbb.org.br\/cnbb-app\/wp\/v2\/categories?post=986186"},{"taxonomy":"post_tag","embeddable":true,"href":"https:\/\/www.cnbb.org.br\/cnbb-app\/wp\/v2\/tags?post=986186"}],"curies":[{"name":"wp","href":"https:\/\/api.w.org\/{rel}","templated":true}]}}