{"id":986199,"date":"2025-07-18T10:12:06","date_gmt":"2025-07-18T13:12:06","guid":{"rendered":"https:\/\/www.cnbb.org.br\/?p=986199"},"modified":"2025-07-21T16:16:40","modified_gmt":"2025-07-21T19:16:40","slug":"arquidiocese-de-curitiba-sera-a-sede-do-7o-congresso-americano-missionario-cam7-em-2029","status":"publish","type":"post","link":"https:\/\/www.cnbb.org.br\/arquidiocese-de-curitiba-sera-a-sede-do-7o-congresso-americano-missionario-cam7-em-2029\/","title":{"rendered":"Arquidiocese de Curitiba ser\u00e1 a sede do 7\u00ba Congresso Americano Mission\u00e1rio (CAM7) em 2029\u00a0"},"content":{"rendered":"<p style=\"text-align: justify;\"><span data-contrast=\"auto\">A Arquidiocese de Curitiba, no Paran\u00e1, foi oficialmente anunciada como a sede do 7\u00ba Congresso Americano Mission\u00e1rio (CAM7), que acontecer\u00e1 em novembro de 2029. O an\u00fancio foi realizado nesta sexta-feira, 18 de julho, trazendo grande expectativa para a Igreja no Brasil, que ter\u00e1 a honra de sediar este importante acontecimento ap\u00f3s 34 anos. A \u00faltima vez que o Brasil sediou um congresso mission\u00e1rio continental foi em 1995, com o CAMLA 5, na arquidiocese de Belo Horizonte.<\/span><span data-ccp-props=\"{}\">\u00a0<\/span><\/p>\n<p style=\"text-align: justify;\"><span data-contrast=\"auto\">Dentro do processo de candidaturas para acolher o CAM7, os bispos do Regional Sul 2 da CNBB assinaram uma correspond\u00eancia de forma conjunta, expressando o desejo de receber o congresso na arquidiocese de Curitiba.<\/span><span data-ccp-props=\"{}\">\u00a0<\/span><\/p>\n<p style=\"text-align: justify;\"><span data-contrast=\"auto\">O CAM6, realizado em Ponce, Porto Rico, em novembro de 2024, reuniu cerca de 1.500 mission\u00e1rios e mission\u00e1rias de todo o continente americano, com uma delega\u00e7\u00e3o brasileira de 62 participantes. A missa de abertura do evento chegou a reunir mais de 12 mil pessoas.<\/span><span data-ccp-props=\"{}\">\u00a0<\/span><\/p>\n<p style=\"text-align: justify;\"><span data-contrast=\"auto\">Os Congressos Americanos Mission\u00e1rios, que tem como objetivo despertar as Igrejas locais para o compromisso mission\u00e1rio Ad Gentes, s\u00e3o promovidos pelas dire\u00e7\u00f5es nacionais das Pontif\u00edcias Obras Mission\u00e1rias (POM) dos vinte e dois pa\u00edses do continente americano em comunh\u00e3o com a Confer\u00eancia Nacional dos Bispos do pa\u00eds que acolhe o encontro.<\/span><span data-ccp-props=\"{}\">\u00a0<\/span><\/p>\n<div class=\"ast-oembed-container\" style=\"height: 100%;\"><iframe loading=\"lazy\" title=\"CAM7 Brasil | Arquidiocese de Curitiba\" width=\"500\" height=\"281\" src=\"https:\/\/www.youtube.com\/embed\/hgDINlHX-RE?feature=oembed\" frameborder=\"0\" allow=\"accelerometer; autoplay; clipboard-write; encrypted-media; gyroscope; picture-in-picture; web-share\" referrerpolicy=\"strict-origin-when-cross-origin\" allowfullscreen><\/iframe><\/div>\n<h3 style=\"text-align: justify;\"><b><span data-contrast=\"auto\">Caminho at\u00e9 2029: experi\u00eancia mission\u00e1ria sinodal<\/span><\/b><span data-ccp-props=\"{}\">\u00a0<\/span><\/h3>\n<p style=\"text-align: justify;\"><span data-contrast=\"auto\">Irm\u00e3 Regina da Costa Pedro, diretora das POM no Brasil, institui\u00e7\u00e3o respons\u00e1vel pela coordena\u00e7\u00e3o do congresso, expressou a relev\u00e2ncia do encontro.<\/span><\/p>\n<blockquote>\n<p style=\"text-align: justify;\"><span data-contrast=\"auto\"> \u201cCom a for\u00e7a do Esp\u00edrito, testemunhas de Cristo. Foi isso que nos convocou na celebra\u00e7\u00e3o do CAM6, em Porto Rico. E \u00e9 com a for\u00e7a do Esp\u00edrito que n\u00f3s vamos nos preparar para o CAM7, que ser\u00e1 aqui no Brasil, e com alegria ser\u00e1 acolhido pela Arquidiocese de Curitiba, em novembro de 2029\u201d, afirmou irm\u00e3 Regina.<\/span><span data-ccp-props=\"{}\">\u00a0<\/span><\/p>\n<\/blockquote>\n<p style=\"text-align: justify;\"><span data-contrast=\"auto\">A recep\u00e7\u00e3o do CAM7 representa um grande voto de confian\u00e7a na Igreja do Brasil, que ter\u00e1 a miss\u00e3o de preparar e realizar este congresso. Irm\u00e3 Regina v\u00ea essa responsabilidade como \u201cum dom muito grande, porque isso nos faz crescer cada vez mais como Igreja mission\u00e1ria em sa\u00edda, Igreja que constr\u00f3i pontes, como diz o nosso Papa Le\u00e3o.\u201d<\/span><span data-ccp-props=\"{}\">\u00a0<\/span><\/p>\n<figure id=\"attachment_986201\" aria-describedby=\"caption-attachment-986201\" style=\"width: 611px\" class=\"wp-caption aligncenter\"><img decoding=\"async\" loading=\"lazy\" class=\"wp-image-986201\" src=\"https:\/\/www.cnbb.org.br\/wp-content\/uploads\/2025\/07\/Ir.-Regina-e-Dom-Mauricio-no-CAM6-1024x743.jpg\" alt=\"\" width=\"611\" height=\"443\" srcset=\"https:\/\/www.cnbb.org.br\/wp-content\/uploads\/2025\/07\/Ir.-Regina-e-Dom-Mauricio-no-CAM6-1024x743.jpg 1024w, https:\/\/www.cnbb.org.br\/wp-content\/uploads\/2025\/07\/Ir.-Regina-e-Dom-Mauricio-no-CAM6-300x218.jpg 300w, https:\/\/www.cnbb.org.br\/wp-content\/uploads\/2025\/07\/Ir.-Regina-e-Dom-Mauricio-no-CAM6-768x557.jpg 768w, https:\/\/www.cnbb.org.br\/wp-content\/uploads\/2025\/07\/Ir.-Regina-e-Dom-Mauricio-no-CAM6-1536x1115.jpg 1536w, https:\/\/www.cnbb.org.br\/wp-content\/uploads\/2025\/07\/Ir.-Regina-e-Dom-Mauricio-no-CAM6-500x363.jpg 500w, https:\/\/www.cnbb.org.br\/wp-content\/uploads\/2025\/07\/Ir.-Regina-e-Dom-Mauricio-no-CAM6-325x235.jpg 325w, https:\/\/www.cnbb.org.br\/wp-content\/uploads\/2025\/07\/Ir.-Regina-e-Dom-Mauricio-no-CAM6.jpg 2048w\" sizes=\"(max-width: 611px) 100vw, 611px\" \/><figcaption id=\"caption-attachment-986201\" class=\"wp-caption-text\">Irm\u00e3 Regina e dom Maur\u00edcio Jardim<\/figcaption><\/figure>\n<p style=\"text-align: justify;\"><span data-contrast=\"auto\">Dom Maur\u00edcio Jardim, presidente da Comiss\u00e3o Episcopal para a A\u00e7\u00e3o Mission\u00e1ria e Coopera\u00e7\u00e3o Intereclesial da CNBB, destaca a import\u00e2ncia do envolvimento das Igrejas locais no processo de prepara\u00e7\u00e3o do CAM7. <\/span><\/p>\n<blockquote>\n<p style=\"text-align: justify;\"><span data-contrast=\"auto\">\u201cCreio que ser\u00e1 uma experi\u00eancia sinodal no processo de constru\u00e7\u00e3o, envolvendo diferentes sujeitos da a\u00e7\u00e3o evangelizadora em nosso pa\u00eds. O segredo de prepara\u00e7\u00e3o est\u00e1 no processo que se pretende realizar, n\u00e3o reduzindo o Congresso a um evento mission\u00e1rio, mas sendo uma oportunidade de anima\u00e7\u00e3o mission\u00e1ria de todas as arquidioceses, dioceses e prelazias de nosso pa\u00eds\u201d.<\/span><span data-ccp-props=\"{}\">\u00a0<\/span><\/p>\n<\/blockquote>\n<h3 style=\"text-align: justify;\"><b><span data-contrast=\"auto\">Curitiba: capital ecol\u00f3gica do Brasil e ponto de encontro para a Miss\u00e3o<\/span><\/b><span data-ccp-props=\"{}\">\u00a0<\/span><\/h3>\n<p style=\"text-align: justify;\"><span data-contrast=\"auto\">Reconhecida por sua qualidade de vida, planejamento urbano inovador e forte consci\u00eancia ambiental, a cidade de Curitiba harmoniza o desenvolvimento com a preserva\u00e7\u00e3o do meio ambiente e a valoriza\u00e7\u00e3o de sua rica diversidade cultural. Com uma popula\u00e7\u00e3o de cerca de 1,96 milh\u00f5es de habitantes (e mais de 3,6 milh\u00f5es em sua Regi\u00e3o Metropolitana), Curitiba \u00e9 um vibrante polo de diversidade cultural, moldado por fortes ondas migrat\u00f3rias europeias que enriqueceram suas tradi\u00e7\u00f5es, culin\u00e1ria e arquitetura. Essa hospitalidade e organiza\u00e7\u00e3o dos curitibanos contribuem para uma experi\u00eancia acolhedora e segura, favorecendo o encontro com o povo e a viv\u00eancia da miss\u00e3o em suas diferentes express\u00f5es.<\/span><span data-ccp-props=\"{}\">\u00a0<\/span><\/p>\n<figure id=\"attachment_986200\" aria-describedby=\"caption-attachment-986200\" style=\"width: 300px\" class=\"wp-caption alignleft\"><img decoding=\"async\" loading=\"lazy\" class=\"wp-image-986200 size-medium\" src=\"https:\/\/www.cnbb.org.br\/wp-content\/uploads\/2025\/07\/Catedral-de-Curitiba-Patryck-Madeira-1-1-300x200.jpg\" alt=\"\" width=\"300\" height=\"200\" srcset=\"https:\/\/www.cnbb.org.br\/wp-content\/uploads\/2025\/07\/Catedral-de-Curitiba-Patryck-Madeira-1-1-300x200.jpg 300w, https:\/\/www.cnbb.org.br\/wp-content\/uploads\/2025\/07\/Catedral-de-Curitiba-Patryck-Madeira-1-1-1024x683.jpg 1024w, https:\/\/www.cnbb.org.br\/wp-content\/uploads\/2025\/07\/Catedral-de-Curitiba-Patryck-Madeira-1-1-768x512.jpg 768w, https:\/\/www.cnbb.org.br\/wp-content\/uploads\/2025\/07\/Catedral-de-Curitiba-Patryck-Madeira-1-1-1536x1024.jpg 1536w, https:\/\/www.cnbb.org.br\/wp-content\/uploads\/2025\/07\/Catedral-de-Curitiba-Patryck-Madeira-1-1-2048x1365.jpg 2048w, https:\/\/www.cnbb.org.br\/wp-content\/uploads\/2025\/07\/Catedral-de-Curitiba-Patryck-Madeira-1-1-500x333.jpg 500w\" sizes=\"(max-width: 300px) 100vw, 300px\" \/><figcaption id=\"caption-attachment-986200\" class=\"wp-caption-text\">Catedral de Curitiba (PR)<\/figcaption><\/figure>\n<p style=\"text-align: justify;\"><span data-contrast=\"auto\">Sendo a mais antiga no Paran\u00e1, a Arquidiocese de Curitiba foi fundada em 27 de abril de 1892 e elevada \u00e0 arquidiocese em 1926, oferecendo uma estrutura eclesi\u00e1stica robusta para acolher o CAM7. Abrangendo 11 munic\u00edpios e atendendo a uma popula\u00e7\u00e3o de quase 3 milh\u00f5es de habitantes, dos quais cerca de 1,8 milh\u00e3o s\u00e3o cat\u00f3licos, a Arquidiocese conta com um clero composto por mais de 460 padres. Destes, 360 s\u00e3o de ordens religiosas, distribu\u00eddos entre 41 congrega\u00e7\u00f5es masculinas e 60 congrega\u00e7\u00f5es religiosas femininas. A forma\u00e7\u00e3o sacerdotal \u00e9 um pilar, com 4 semin\u00e1rios arquidiocesanos. A vasta rede da Arquidiocese \u00e9 formada por 142 par\u00f3quias e centenas de comunidades, locais prop\u00edcios para a partilha de experi\u00eancias mission\u00e1rias e o testemunho da f\u00e9.<\/span><span data-ccp-props=\"{}\">\u00a0<\/span><\/p>\n<p style=\"text-align: justify;\"><span data-contrast=\"auto\">Curitiba oferece aos congressistas do CAM7 uma experi\u00eancia completa. Al\u00e9m da base religiosa, a cidade convida ao encontro com a cultura e beleza locais, com mais de 40 parques e bosques, como o Jardim Bot\u00e2nico. A vibrante cena cultural inclui museus e teatros, sendo destaque a diversidade gastron\u00f4mica e feiras que enriquecem a imers\u00e3o cultural. Curitiba \u00e9 tamb\u00e9m um exemplo de sustentabilidade urbana, com programas eficientes de reciclagem e incentivo ao transporte n\u00e3o poluente, valores que se alinham \u00e0 responsabilidade mission\u00e1ria.<\/span><span data-ccp-props=\"{}\">\u00a0<\/span><\/p>\n<p style=\"text-align: justify;\"><span data-contrast=\"auto\">A Arquidiocese de Curitiba, portanto, n\u00e3o \u00e9 apenas a sede do CAM7, mas um destino que enriquecer\u00e1 a experi\u00eancia de todos os congressistas, proporcionando um ambiente f\u00e9rtil para o despertar da consci\u00eancia mission\u00e1ria Ad Gentes, o encontro fraterno com povos de diferentes culturas, e o fortalecimento do compromisso mission\u00e1rio de cada batizado.<\/span><span data-ccp-props=\"{}\">\u00a0<\/span><\/p>\n<p style=\"text-align: justify;\"><span data-contrast=\"auto\">&#8212;&#8212;&#8212;&#8212;&#8212;&#8212;&#8212;&#8211;<\/span><span data-ccp-props=\"{}\">\u00a0<\/span><\/p>\n<p style=\"text-align: justify;\"><span data-contrast=\"auto\">Assessoria de Imprensa: Fabr\u00edcio Preto &#8211; Jornalista<\/span><span data-ccp-props=\"{}\">\u00a0<\/span><\/p>\n<p style=\"text-align: justify;\"><span data-contrast=\"auto\">Organiza\u00e7\u00e3o: Pontif\u00edcias Obras Mission\u00e1rias<\/span><span data-ccp-props=\"{}\">\u00a0<\/span><\/p>\n<p style=\"text-align: justify;\"><span data-contrast=\"auto\">Telefone: (61) 992388260<\/span><span data-ccp-props=\"{}\">\u00a0<\/span><\/p>\n<p style=\"text-align: justify;\"><span data-contrast=\"auto\">E-mail: imprensa@pom.org.br<\/span><span data-ccp-props=\"{}\">\u00a0<\/span><\/p>\n","protected":false},"excerpt":{"rendered":"<p>A Arquidiocese de Curitiba, no Paran\u00e1, foi oficialmente anunciada como a sede do 7\u00ba Congresso Americano Mission\u00e1rio (CAM7), que acontecer\u00e1 em novembro de 2029. O an\u00fancio foi realizado nesta sexta-feira, 18 de julho, trazendo grande expectativa para a Igreja no Brasil, que ter\u00e1 a honra de sediar este importante acontecimento ap\u00f3s 34 anos<\/p>\n","protected":false},"author":141,"featured_media":986201,"comment_status":"closed","ping_status":"closed","sticky":false,"template":"","format":"standard","meta":{"site-sidebar-layout":"default","site-content-layout":"default","ast-global-header-display":"","ast-banner-title-visibility":"","ast-main-header-display":"","ast-hfb-above-header-display":"","ast-hfb-below-header-display":"","ast-hfb-mobile-header-display":"","site-post-title":"","ast-breadcrumbs-content":"","ast-featured-img":"","footer-sml-layout":"","theme-transparent-header-meta":"default","adv-header-id-meta":"","stick-header-meta":"","header-above-stick-meta":"","header-main-stick-meta":"","header-below-stick-meta":""},"categories":[854,50],"tags":[5811,6087],"acf":[],"_links":{"self":[{"href":"https:\/\/www.cnbb.org.br\/cnbb-app\/wp\/v2\/posts\/986199"}],"collection":[{"href":"https:\/\/www.cnbb.org.br\/cnbb-app\/wp\/v2\/posts"}],"about":[{"href":"https:\/\/www.cnbb.org.br\/cnbb-app\/wp\/v2\/types\/post"}],"author":[{"embeddable":true,"href":"https:\/\/www.cnbb.org.br\/cnbb-app\/wp\/v2\/users\/141"}],"replies":[{"embeddable":true,"href":"https:\/\/www.cnbb.org.br\/cnbb-app\/wp\/v2\/comments?post=986199"}],"version-history":[{"count":3,"href":"https:\/\/www.cnbb.org.br\/cnbb-app\/wp\/v2\/posts\/986199\/revisions"}],"predecessor-version":[{"id":986206,"href":"https:\/\/www.cnbb.org.br\/cnbb-app\/wp\/v2\/posts\/986199\/revisions\/986206"}],"wp:featuredmedia":[{"embeddable":true,"href":"https:\/\/www.cnbb.org.br\/cnbb-app\/wp\/v2\/media\/986201"}],"wp:attachment":[{"href":"https:\/\/www.cnbb.org.br\/cnbb-app\/wp\/v2\/media?parent=986199"}],"wp:term":[{"taxonomy":"category","embeddable":true,"href":"https:\/\/www.cnbb.org.br\/cnbb-app\/wp\/v2\/categories?post=986199"},{"taxonomy":"post_tag","embeddable":true,"href":"https:\/\/www.cnbb.org.br\/cnbb-app\/wp\/v2\/tags?post=986199"}],"curies":[{"name":"wp","href":"https:\/\/api.w.org\/{rel}","templated":true}]}}