{"id":9862,"date":"2014-12-12T00:00:00","date_gmt":"2014-12-12T02:00:00","guid":{"rendered":"https:\/\/www.cnbb.org.br\/pastoral-afro-trabalha-liderancas-em-preparacao-a-congresso-de-entidades-negras-catolicas\/"},"modified":"2014-12-12T00:00:00","modified_gmt":"2014-12-12T02:00:00","slug":"pastoral-afro-trabalha-liderancas-em-preparacao-a-congresso-de-entidades-negras-catolicas","status":"publish","type":"post","link":"https:\/\/www.cnbb.org.br\/pastoral-afro-trabalha-liderancas-em-preparacao-a-congresso-de-entidades-negras-catolicas\/","title":{"rendered":"Pastoral Afro prepara lideran\u00e7as para o Congresso de Entidades Negras Cat\u00f3licas"},"content":{"rendered":"<p style=\"text-align: justify\"><span style=\"line-height: 1.3em\">A Pastoral Afro-brasileira da Confer\u00eancia Nacional dos Bispos do Brasil (CNBB) est\u00e1 em fase de prepara\u00e7\u00e3o para o VIII Congresso Nacional das Entidades Negras Cat\u00f3licas (Conenc), que acontecer\u00e1 de 16 a 19 de julho de 2015. Em vista do encontro, a Pastoral articula as lideran\u00e7as das regi\u00f5es para que os Conencs sejam realizados nos regionais, nas dioceses ou par\u00f3quias, a partir do texto-base feito pela comiss\u00e3o da Pastoral Afro da diocese de Duque de Caxias (RJ).\u00a0<\/span><\/p>\n<p><!--more--><\/p>\n<p style=\"text-align: justify\"><span style=\"line-height: 1.3em\">As lideran\u00e7as do Rio de Janeiro (RJ) e S\u00e3o Paulo (SP) j\u00e1 passaram pelo processo, do dia 17 a 19 de outubro. \u00a0\u201cTemos o desafio mission\u00e1rio de construir e\/ou animar o pluralismo cultural, combater toda a desigualdade social e apoiar todas as a\u00e7\u00f5es voltadas para a promo\u00e7\u00e3o da popula\u00e7\u00e3o negra, atentos \u00e0 juventude negra&#8221;, declararam os participantes na mensagem divulgada por ocasi\u00e3o da reuni\u00e3o.\u00a0 \u201cSomos chamados a olhar a nossa realidade com esp\u00edrito de Deus Libertador e, a construir aqui e agora, um Reino de Paz, Justi\u00e7a e Igualdade&#8221;, acrescentam.\u00a0<\/span><\/p>\n<p style=\"text-align: justify\">Em mar\u00e7o do pr\u00f3ximo ano ser\u00e1 a vez de reunir as lideran\u00e7as de Santa Catarina (SC), Paran\u00e1 (PR) e Rio Grande do Sul (RS); Minas Gerais (MG); al\u00e9m de outras do Norte e Nordeste do pa\u00eds.<\/p>\n<p style=\"text-align: justify\">O tema do Conenc, em julho, ser\u00e1 \u201cProfetismo: Construindo uma sociedade Justa e Solid\u00e1ria\u201d. O lema ser\u00e1 \u201cChamei voc\u00ea para o servi\u00e7o da Justi\u00e7a e coloquei como alian\u00e7a do meu povo e luz das na\u00e7\u00f5es.\u201d (Isa\u00edas 42, 6).<\/p>\n<p style=\"text-align: justify\"><span style=\"font-size: xx-small\"><strong><em>\u00a0<\/em><\/strong><\/span><\/p>\n<p>&nbsp;<\/p>\n","protected":false},"excerpt":{"rendered":"<p>A Pastoral Afro-brasileira da Confer\u00eancia Nacional dos Bispos do Brasil (CNBB) est\u00e1 em fase de prepara\u00e7\u00e3o para o VIII Congresso Nacional das Entidades Negras Cat\u00f3licas (Conenc), que acontecer\u00e1 de 16 a 19 de julho de 2015. Em vista do encontro, a Pastoral articula as lideran\u00e7as das regi\u00f5es para que os Conencs sejam realizados nos regionais, &hellip;<\/p>\n<p class=\"read-more\"> <a class=\"\" href=\"https:\/\/www.cnbb.org.br\/pastoral-afro-trabalha-liderancas-em-preparacao-a-congresso-de-entidades-negras-catolicas\/\"> <span class=\"screen-reader-text\">Pastoral Afro prepara lideran\u00e7as para o Congresso de Entidades Negras Cat\u00f3licas<\/span> Leia mais &raquo;<\/a><\/p>\n","protected":false},"author":83,"featured_media":9863,"comment_status":"open","ping_status":"open","sticky":false,"template":"","format":"standard","meta":{"site-sidebar-layout":"default","site-content-layout":"default","ast-global-header-display":"","ast-banner-title-visibility":"","ast-main-header-display":"","ast-hfb-above-header-display":"","ast-hfb-below-header-display":"","ast-hfb-mobile-header-display":"","site-post-title":"","ast-breadcrumbs-content":"","ast-featured-img":"","footer-sml-layout":"","theme-transparent-header-meta":"","adv-header-id-meta":"","stick-header-meta":"","header-above-stick-meta":"","header-main-stick-meta":"","header-below-stick-meta":""},"categories":[851,766],"tags":[],"acf":[],"_links":{"self":[{"href":"https:\/\/www.cnbb.org.br\/cnbb-app\/wp\/v2\/posts\/9862"}],"collection":[{"href":"https:\/\/www.cnbb.org.br\/cnbb-app\/wp\/v2\/posts"}],"about":[{"href":"https:\/\/www.cnbb.org.br\/cnbb-app\/wp\/v2\/types\/post"}],"author":[{"embeddable":true,"href":"https:\/\/www.cnbb.org.br\/cnbb-app\/wp\/v2\/users\/83"}],"replies":[{"embeddable":true,"href":"https:\/\/www.cnbb.org.br\/cnbb-app\/wp\/v2\/comments?post=9862"}],"version-history":[{"count":0,"href":"https:\/\/www.cnbb.org.br\/cnbb-app\/wp\/v2\/posts\/9862\/revisions"}],"wp:featuredmedia":[{"embeddable":true,"href":"https:\/\/www.cnbb.org.br\/cnbb-app\/wp\/v2\/media\/9863"}],"wp:attachment":[{"href":"https:\/\/www.cnbb.org.br\/cnbb-app\/wp\/v2\/media?parent=9862"}],"wp:term":[{"taxonomy":"category","embeddable":true,"href":"https:\/\/www.cnbb.org.br\/cnbb-app\/wp\/v2\/categories?post=9862"},{"taxonomy":"post_tag","embeddable":true,"href":"https:\/\/www.cnbb.org.br\/cnbb-app\/wp\/v2\/tags?post=9862"}],"curies":[{"name":"wp","href":"https:\/\/api.w.org\/{rel}","templated":true}]}}