{"id":986207,"date":"2025-07-18T11:25:39","date_gmt":"2025-07-18T14:25:39","guid":{"rendered":"https:\/\/www.cnbb.org.br\/?p=986207"},"modified":"2025-07-21T16:27:24","modified_gmt":"2025-07-21T19:27:24","slug":"igreja-catolica-do-sul-do-brasil-inicia-pre-cop-sul-para-debater-emergencia-climatica","status":"publish","type":"post","link":"https:\/\/www.cnbb.org.br\/igreja-catolica-do-sul-do-brasil-inicia-pre-cop-sul-para-debater-emergencia-climatica\/","title":{"rendered":"Igreja Cat\u00f3lica do Sul do Brasil inicia Pr\u00e9-Cop Sul, em Santa Catarina, para debater emerg\u00eancia clim\u00e1tica\u00a0"},"content":{"rendered":"<p style=\"text-align: justify;\"><span data-contrast=\"auto\">Em um passo significativo para a conscientiza\u00e7\u00e3o e a\u00e7\u00e3o em prol do cuidado com a Casa Comum, os Regionais da Confer\u00eancia Nacional dos Bispos do Brasil (CNBB) dos estados do Paran\u00e1, Santa Catarina e Rio Grande do Sul, em colabora\u00e7\u00e3o com suas pastorais, organismos e movimentos sociais, iniciaram hoje, 17 de julho de 2025, o encontro preparat\u00f3rio para a 30\u00aa Confer\u00eancia das Partes da Conven\u00e7\u00e3o-Quadro das Na\u00e7\u00f5es Unidas sobre Mudan\u00e7a do Clima (UNFCCC), a COP30. A COP30 est\u00e1 agendada para novembro de 2025, em Bel\u00e9m, Par\u00e1.<\/span><span data-ccp-props=\"{&quot;201341983&quot;:0,&quot;335551550&quot;:6,&quot;335551620&quot;:6,&quot;335559731&quot;:708,&quot;335559740&quot;:360}\">\u00a0<\/span><\/p>\n<p style=\"text-align: justify;\"><span data-contrast=\"auto\">O encontro, que segue at\u00e9 20 de julho, em Governador Celso Ramos, Santa Catarina, busca fortalecer o compromisso da Igreja Cat\u00f3lica com o cuidado da Casa Comum. A abertura da Pr\u00e9-COP Sul foi marcada por uma celebra\u00e7\u00e3o, que se serviu de elementos simb\u00f3licos para conectar a f\u00e9 e o cuidado com a Casa Comum.<\/span><span data-ccp-props=\"{&quot;201341983&quot;:0,&quot;335551550&quot;:6,&quot;335551620&quot;:6,&quot;335559731&quot;:708,&quot;335559740&quot;:360}\">\u00a0<\/span><\/p>\n<p style=\"text-align: justify;\"><span data-contrast=\"auto\">A cerim\u00f4nia come\u00e7ou com a entoa\u00e7\u00e3o do poema \u201cM\u00e3e-terra dor e esperan\u00e7a\u201d, de padre Reneu Zortea. O poema aborda a degrada\u00e7\u00e3o ambiental, mas, acima de tudo, a resili\u00eancia da natureza.<\/span><span data-ccp-props=\"{&quot;201341983&quot;:0,&quot;335551550&quot;:6,&quot;335551620&quot;:6,&quot;335559731&quot;:708,&quot;335559740&quot;:360}\">\u00a0<\/span><\/p>\n<figure id=\"attachment_986241\" aria-describedby=\"caption-attachment-986241\" style=\"width: 1024px\" class=\"wp-caption aligncenter\"><img decoding=\"async\" loading=\"lazy\" class=\"wp-image-986241 size-large\" src=\"https:\/\/www.cnbb.org.br\/wp-content\/uploads\/2025\/07\/IMG_4238-2048x1365-1-1024x683.jpg\" alt=\"\" width=\"1024\" height=\"683\" srcset=\"https:\/\/www.cnbb.org.br\/wp-content\/uploads\/2025\/07\/IMG_4238-2048x1365-1-1024x683.jpg 1024w, https:\/\/www.cnbb.org.br\/wp-content\/uploads\/2025\/07\/IMG_4238-2048x1365-1-300x200.jpg 300w, https:\/\/www.cnbb.org.br\/wp-content\/uploads\/2025\/07\/IMG_4238-2048x1365-1-768x512.jpg 768w, https:\/\/www.cnbb.org.br\/wp-content\/uploads\/2025\/07\/IMG_4238-2048x1365-1-1536x1024.jpg 1536w, https:\/\/www.cnbb.org.br\/wp-content\/uploads\/2025\/07\/IMG_4238-2048x1365-1-500x333.jpg 500w, https:\/\/www.cnbb.org.br\/wp-content\/uploads\/2025\/07\/IMG_4238-2048x1365-1.jpg 2048w\" sizes=\"(max-width: 1024px) 100vw, 1024px\" \/><figcaption id=\"caption-attachment-986241\" class=\"wp-caption-text\">Oscar Benites Lopes | CNBB Sul 2<\/figcaption><\/figure>\n<p style=\"text-align: justify;\"><span data-contrast=\"auto\">A m\u00edstica da celebra\u00e7\u00e3o culminou com a reafirma\u00e7\u00e3o do compromisso da Igreja. Inspirada pelo Evangelho e pelo saudoso Papa Francisco, a Igreja quer potencializar as vozes das comunidades e impulsionar a\u00e7\u00f5es concretas e de incid\u00eancia na COP30. O objetivo \u00e9 mobilizar fi\u00e9is e l\u00edderes para enfrentar os desafios ambientais, promovendo justi\u00e7a socioambiental e a sustentabilidade justa. A abertura foi encerrada com o &#8220;C\u00e2ntico das Criaturas&#8221;, de Z\u00e9 Vicente, expressa gratid\u00e3o e louvor a Deus pela cria\u00e7\u00e3o, incluindo elementos da natureza como o sol, a lua, o vento, a \u00e1gua e a terra, tratados como irm\u00e3os e irm\u00e3s.<\/span><span data-ccp-props=\"{&quot;201341983&quot;:0,&quot;335551550&quot;:6,&quot;335551620&quot;:6,&quot;335559731&quot;:708,&quot;335559740&quot;:360}\">\u00a0<\/span><\/p>\n<p style=\"text-align: justify;\"><span data-contrast=\"auto\">Este encontro da Pr\u00e9-COP Sul, mas que tamb\u00e9m est\u00e1 sendo realizado nas demais regi\u00f5es do Brasil \u00e9 um passo fundamental para que a Igreja do Brasil possa levar suas contribui\u00e7\u00f5es e reivindica\u00e7\u00f5es \u00e0 COP30, refor\u00e7ando a urg\u00eancia de unir f\u00e9 e a\u00e7\u00e3o diante das emerg\u00eancias clim\u00e1ticas globais.<\/span><span data-ccp-props=\"{&quot;201341983&quot;:0,&quot;335551550&quot;:6,&quot;335551620&quot;:6,&quot;335559731&quot;:708,&quot;335559740&quot;:360}\">\u00a0<\/span><\/p>\n<figure id=\"attachment_986230\" aria-describedby=\"caption-attachment-986230\" style=\"width: 534px\" class=\"wp-caption aligncenter\"><img decoding=\"async\" loading=\"lazy\" class=\"wp-image-986230\" src=\"https:\/\/www.cnbb.org.br\/wp-content\/uploads\/2025\/07\/20250718_090958-1-scaled.jpg\" alt=\"\" width=\"534\" height=\"301\" srcset=\"https:\/\/www.cnbb.org.br\/wp-content\/uploads\/2025\/07\/20250718_090958-1-scaled.jpg 2560w, https:\/\/www.cnbb.org.br\/wp-content\/uploads\/2025\/07\/20250718_090958-1-300x169.jpg 300w, https:\/\/www.cnbb.org.br\/wp-content\/uploads\/2025\/07\/20250718_090958-1-1024x577.jpg 1024w, https:\/\/www.cnbb.org.br\/wp-content\/uploads\/2025\/07\/20250718_090958-1-768x432.jpg 768w, https:\/\/www.cnbb.org.br\/wp-content\/uploads\/2025\/07\/20250718_090958-1-1536x865.jpg 1536w, https:\/\/www.cnbb.org.br\/wp-content\/uploads\/2025\/07\/20250718_090958-1-2048x1153.jpg 2048w, https:\/\/www.cnbb.org.br\/wp-content\/uploads\/2025\/07\/20250718_090958-1-500x282.jpg 500w\" sizes=\"(max-width: 534px) 100vw, 534px\" \/><figcaption id=\"caption-attachment-986230\" class=\"wp-caption-text\">Mesa de abertura<\/figcaption><\/figure>\n<h4 style=\"text-align: justify;\"><b><span data-contrast=\"auto\">CNBB refor\u00e7a compromisso com ecologia integral na abertura da Pr\u00e9-Cop Sul<\/span><\/b><span data-ccp-props=\"{&quot;201341983&quot;:0,&quot;335559740&quot;:360}\">\u00a0<\/span><\/h4>\n<p style=\"text-align: justify;\"><span data-contrast=\"auto\">A mesa de abertura contou com a presen\u00e7a de bispos dos tr\u00eas regionais da CNBB no Sul do Brasil. Completando o grupo, estavam Rocheli Koralewski, da secretaria de articula\u00e7\u00e3o do projeto &#8220;Igreja Rumo \u00e0 COP 30&#8221;, e o professor Telmo Vieira, representante do Movimento Laudato Si&#8217; no regional Sul 4 da CNBB. Em sua fala de destaque, dom Ricardo Hoepers, secret\u00e1rio-geral da Confer\u00eancia Nacional dos Bispos do Brasil (CNBB), ressaltou o protagonismo da Igreja na defesa da ecologia integral e da justi\u00e7a clim\u00e1tica. Com alegria e esperan\u00e7a, dom Ricardo transmitiu o reconhecimento da Presid\u00eancia da CNBB a todos os participantes do encontro.<\/span><\/p>\n<figure id=\"attachment_986242\" aria-describedby=\"caption-attachment-986242\" style=\"width: 450px\" class=\"wp-caption alignright\"><img decoding=\"async\" loading=\"lazy\" class=\"wp-image-986242\" src=\"https:\/\/www.cnbb.org.br\/wp-content\/uploads\/2025\/07\/IMG_4255-768x512-1.jpg\" alt=\"\" width=\"450\" height=\"300\" srcset=\"https:\/\/www.cnbb.org.br\/wp-content\/uploads\/2025\/07\/IMG_4255-768x512-1.jpg 768w, https:\/\/www.cnbb.org.br\/wp-content\/uploads\/2025\/07\/IMG_4255-768x512-1-300x200.jpg 300w, https:\/\/www.cnbb.org.br\/wp-content\/uploads\/2025\/07\/IMG_4255-768x512-1-500x333.jpg 500w\" sizes=\"(max-width: 450px) 100vw, 450px\" \/><figcaption id=\"caption-attachment-986242\" class=\"wp-caption-text\">Dom Ricardo Hoepers | Secret\u00e1rio Geral da CNBB<\/figcaption><\/figure>\n<p style=\"text-align: justify;\"><span data-contrast=\"auto\">Ele aproveitou para destacar e agradecer \u00e0s inst\u00e2ncias promotoras do projeto &#8220;Igreja Rumo \u00e0 COP 30: articula\u00e7\u00e3o por ecologia integral e justi\u00e7a clim\u00e1tica&#8221;. Entre elas, a Comiss\u00e3o Episcopal para a A\u00e7\u00e3o Sociotransformadora da CNBB, a Comiss\u00e3o Especial para Ecologia Integral e Minera\u00e7\u00e3o, o Movimento Laudato Si&#8217; e a Rede Eclesial Pan-Amaz\u00f4nica (REPAM-Brasil). Dom Ricardo tamb\u00e9m fez um agradecimento especial ao regional Sul 4 da CNBB, que acolhe o evento.<\/span><\/p>\n<p style=\"text-align: justify;\"><span data-contrast=\"auto\">O secret\u00e1rio-geral da CNBB enfatizou o protagonismo e a originalidade da iniciativa, que, segundo ele, &#8220;nasce do cora\u00e7\u00e3o mission\u00e1rio e prof\u00e9tico da Igreja no Brasil&#8221;. Ele ressaltou o vigor crescente do projeto, fundamentado na escuta ativa, na metodologia sinodal e na mobiliza\u00e7\u00e3o consciente de comunidades, pastorais, organismos e lideran\u00e7as. Para dom Ricardo, essa \u00e9 uma a\u00e7\u00e3o evangelizadora que aborda &#8220;uma das urg\u00eancias do nosso tempo: o cuidado com a Casa Comum&#8221;.<\/span><span data-ccp-props=\"{&quot;201341983&quot;:0,&quot;335551550&quot;:6,&quot;335551620&quot;:6,&quot;335559731&quot;:708,&quot;335559740&quot;:360}\">\u00a0<\/span><\/p>\n<p style=\"text-align: justify;\"><span data-contrast=\"auto\">Dom Ricardo Hoepers fez um chamado veemente \u00e0 corresponsabilidade diante dos desafios clim\u00e1ticos. &#8220;Somos todos chamados a uma convers\u00e3o ecol\u00f3gica, como prop\u00f5e o Papa Francisco, que transforme nosso modo de habitar o mundo, de consumir, de produzir, de legislar, de governar e, sobretudo, de nos relacionarmos com os pobres e com a cria\u00e7\u00e3o de Deus&#8221;, afirmou.<\/span><span data-ccp-props=\"{&quot;201341983&quot;:0,&quot;335551550&quot;:6,&quot;335551620&quot;:6,&quot;335559731&quot;:708,&quot;335559740&quot;:360}\">\u00a0<\/span><\/p>\n<p style=\"text-align: justify;\"><span data-contrast=\"auto\">Finalizando sua fala, dom Ricardo desejou que o encontro da Pr\u00e9-COP Sul seja fecundo, marcando um novo tempo de maior consci\u00eancia, articula\u00e7\u00e3o e compromisso. &#8220;Como Igreja, queremos ser uma voz que clama no deserto e que anuncia com urg\u00eancia uma ecologia integral a servi\u00e7o da vida e da justi\u00e7a. Que possamos, juntos, construir caminhos de esperan\u00e7a, de solidariedade e de cuidado com a Casa Comum&#8221;, concluiu. Ele expressou gratid\u00e3o e pediu que o Esp\u00edrito Santo guie os passos neste processo sinodal e mission\u00e1rio rumo \u00e0 COP30.<\/span><span data-ccp-props=\"{&quot;201341983&quot;:0,&quot;335551550&quot;:6,&quot;335551620&quot;:6,&quot;335559731&quot;:708,&quot;335559740&quot;:360}\">\u00a0<\/span><\/p>\n<p>&nbsp;<\/p>\n<p><img decoding=\"async\" loading=\"lazy\" class=\"alignnone size-medium wp-image-986239\" src=\"https:\/\/www.cnbb.org.br\/wp-content\/uploads\/2025\/07\/20250718_091614.heic\" alt=\"\" width=\"1\" height=\"1\" \/><\/p>\n<p>&nbsp;<\/p>\n<p>&nbsp;<\/p>\n<p>&nbsp;<\/p>\n<p>&nbsp;<\/p>\n<pre><span data-contrast=\"auto\">Por Osnilda Lima | Comunica\u00e7\u00e3o Pr\u00e9-Cop Sul | <\/span>Fotos: Jaison Alves da Silva<\/pre>\n","protected":false},"excerpt":{"rendered":"<p>Em um passo significativo para a conscientiza\u00e7\u00e3o e a\u00e7\u00e3o em prol do cuidado com a Casa Comum, os regionais da CNBB dos estados do Paran\u00e1, Santa Catarina e Rio Grande do Sul, em colabora\u00e7\u00e3o com suas pastorais, organismos e movimentos sociais, iniciaram hoje, 17 de julho de 2025, o encontro preparat\u00f3rio para a COP30 em novembro de 2025, em Bel\u00e9m, Par\u00e1<\/p>\n","protected":false},"author":141,"featured_media":986240,"comment_status":"closed","ping_status":"closed","sticky":false,"template":"","format":"standard","meta":{"site-sidebar-layout":"default","site-content-layout":"default","ast-global-header-display":"","ast-banner-title-visibility":"","ast-main-header-display":"","ast-hfb-above-header-display":"","ast-hfb-below-header-display":"","ast-hfb-mobile-header-display":"","site-post-title":"","ast-breadcrumbs-content":"","ast-featured-img":"","footer-sml-layout":"","theme-transparent-header-meta":"default","adv-header-id-meta":"","stick-header-meta":"","header-above-stick-meta":"","header-main-stick-meta":"","header-below-stick-meta":""},"categories":[781,790,791],"tags":[6091,6090,6088],"acf":[],"_links":{"self":[{"href":"https:\/\/www.cnbb.org.br\/cnbb-app\/wp\/v2\/posts\/986207"}],"collection":[{"href":"https:\/\/www.cnbb.org.br\/cnbb-app\/wp\/v2\/posts"}],"about":[{"href":"https:\/\/www.cnbb.org.br\/cnbb-app\/wp\/v2\/types\/post"}],"author":[{"embeddable":true,"href":"https:\/\/www.cnbb.org.br\/cnbb-app\/wp\/v2\/users\/141"}],"replies":[{"embeddable":true,"href":"https:\/\/www.cnbb.org.br\/cnbb-app\/wp\/v2\/comments?post=986207"}],"version-history":[{"count":12,"href":"https:\/\/www.cnbb.org.br\/cnbb-app\/wp\/v2\/posts\/986207\/revisions"}],"predecessor-version":[{"id":986246,"href":"https:\/\/www.cnbb.org.br\/cnbb-app\/wp\/v2\/posts\/986207\/revisions\/986246"}],"wp:featuredmedia":[{"embeddable":true,"href":"https:\/\/www.cnbb.org.br\/cnbb-app\/wp\/v2\/media\/986240"}],"wp:attachment":[{"href":"https:\/\/www.cnbb.org.br\/cnbb-app\/wp\/v2\/media?parent=986207"}],"wp:term":[{"taxonomy":"category","embeddable":true,"href":"https:\/\/www.cnbb.org.br\/cnbb-app\/wp\/v2\/categories?post=986207"},{"taxonomy":"post_tag","embeddable":true,"href":"https:\/\/www.cnbb.org.br\/cnbb-app\/wp\/v2\/tags?post=986207"}],"curies":[{"name":"wp","href":"https:\/\/api.w.org\/{rel}","templated":true}]}}