{"id":986261,"date":"2025-07-18T13:57:36","date_gmt":"2025-07-18T16:57:36","guid":{"rendered":"https:\/\/www.cnbb.org.br\/?p=986261"},"modified":"2025-07-18T14:04:31","modified_gmt":"2025-07-18T17:04:31","slug":"pre-cop-sul-debate-sobre-a-crise-climatica-e-caminhos-para-a-justica-socioambiental","status":"publish","type":"post","link":"https:\/\/www.cnbb.org.br\/pre-cop-sul-debate-sobre-a-crise-climatica-e-caminhos-para-a-justica-socioambiental\/","title":{"rendered":"Pr\u00e9-COP Sul: debate sobre a crise clim\u00e1tica e caminhos para a justi\u00e7a socioambiental"},"content":{"rendered":"<div class=\"elementor-element elementor-element-95b1e7d elementor-widget elementor-widget-heading\" data-id=\"95b1e7d\" data-element_type=\"widget\" data-widget_type=\"heading.default\">\n<div class=\"elementor-widget-container\" style=\"text-align: justify;\"><span style=\"font-size: 16px; text-align: justify;\">Em Governador Celso Ramos, Santa Catarina, a Pr\u00e9-COP Sul, evento preparat\u00f3rio para a COP30, acorre de 17 a 20 de julho de 2025, integrando o projeto \u201cIgreja Rumo \u00e0 COP30\u201d, uma iniciativa da Confer\u00eancia Nacional dos Bispos do Brasil (CNBB) que congrega os Regionais do Paran\u00e1, Santa Catarina e Rio Grande do Sul. O Painel 1 do encontro contou com as contribui\u00e7\u00f5es do professor Paulo Antunes Horta, do Departamento de Bot\u00e2nica da Universidade Federal de Santa Catarina (UFSC), que focou sua fala nas informa\u00e7\u00f5es essenciais para a constru\u00e7\u00e3o da COP30 e na urg\u00eancia da crise clim\u00e1tica, enfatizando a necessidade de uma atua\u00e7\u00e3o mais incisiva. Complementando o debate, Lucas D\u2019Avila, assessor nacional da C\u00e1ritas Brasileira, abordou o tema \u201cCOP30: Justi\u00e7a clim\u00e1tica, incid\u00eancia prof\u00e9tica e os caminhos para o Bem Viver\u201d, detalhando o papel dos atores cat\u00f3licos na transforma\u00e7\u00e3o das pol\u00edticas clim\u00e1ticas locais e globais.<\/span><\/div>\n<div><\/div>\n<\/div>\n<section class=\"elementor-section elementor-inner-section elementor-element elementor-element-2595d2dd elementor-section-boxed elementor-section-height-default elementor-section-height-default jet-parallax-section\" data-id=\"2595d2dd\" data-element_type=\"section\" data-settings=\"{&quot;jet_parallax_layout_list&quot;:[{&quot;_id&quot;:&quot;5cc84e1&quot;,&quot;jet_parallax_layout_image&quot;:{&quot;url&quot;:&quot;&quot;,&quot;id&quot;:&quot;&quot;,&quot;size&quot;:&quot;&quot;},&quot;jet_parallax_layout_image_tablet&quot;:{&quot;url&quot;:&quot;&quot;,&quot;id&quot;:&quot;&quot;,&quot;size&quot;:&quot;&quot;},&quot;jet_parallax_layout_image_mobile&quot;:{&quot;url&quot;:&quot;&quot;,&quot;id&quot;:&quot;&quot;,&quot;size&quot;:&quot;&quot;},&quot;jet_parallax_layout_speed&quot;:{&quot;unit&quot;:&quot;%&quot;,&quot;size&quot;:50,&quot;sizes&quot;:[]},&quot;jet_parallax_layout_type&quot;:&quot;scroll&quot;,&quot;jet_parallax_layout_direction&quot;:null,&quot;jet_parallax_layout_fx_direction&quot;:null,&quot;jet_parallax_layout_z_index&quot;:&quot;&quot;,&quot;jet_parallax_layout_bg_x&quot;:50,&quot;jet_parallax_layout_bg_x_tablet&quot;:&quot;&quot;,&quot;jet_parallax_layout_bg_x_mobile&quot;:&quot;&quot;,&quot;jet_parallax_layout_bg_y&quot;:50,&quot;jet_parallax_layout_bg_y_tablet&quot;:&quot;&quot;,&quot;jet_parallax_layout_bg_y_mobile&quot;:&quot;&quot;,&quot;jet_parallax_layout_bg_size&quot;:&quot;auto&quot;,&quot;jet_parallax_layout_bg_size_tablet&quot;:&quot;&quot;,&quot;jet_parallax_layout_bg_size_mobile&quot;:&quot;&quot;,&quot;jet_parallax_layout_animation_prop&quot;:&quot;transform&quot;,&quot;jet_parallax_layout_on&quot;:[&quot;desktop&quot;,&quot;tablet&quot;]}]}\">\n<div class=\"elementor-container elementor-column-gap-no\">\n<div class=\"elementor-column elementor-col-100 elementor-inner-column elementor-element elementor-element-4dc42106\" data-id=\"4dc42106\" data-element_type=\"column\" data-settings=\"{&quot;background_background&quot;:&quot;classic&quot;}\">\n<div class=\"elementor-widget-wrap elementor-element-populated\">\n<div class=\"elementor-element elementor-element-760bcd53 elementor-widget elementor-widget-theme-post-content\" data-id=\"760bcd53\" data-element_type=\"widget\" data-widget_type=\"theme-post-content.default\">\n<div class=\"elementor-widget-container\">\n<p style=\"text-align: justify;\"><img decoding=\"async\" loading=\"lazy\" class=\"wp-image-34059 alignleft\" src=\"https:\/\/cnbbsul4.org.br\/wp-content\/uploads\/2025\/07\/IMG_4288-300x200.jpg\" sizes=\"(max-width: 400px) 100vw, 400px\" srcset=\"https:\/\/cnbbsul4.org.br\/wp-content\/uploads\/2025\/07\/IMG_4288-300x200.jpg 300w, https:\/\/cnbbsul4.org.br\/wp-content\/uploads\/2025\/07\/IMG_4288-1024x683.jpg 1024w, https:\/\/cnbbsul4.org.br\/wp-content\/uploads\/2025\/07\/IMG_4288-768x512.jpg 768w, https:\/\/cnbbsul4.org.br\/wp-content\/uploads\/2025\/07\/IMG_4288-391x260.jpg 391w, https:\/\/cnbbsul4.org.br\/wp-content\/uploads\/2025\/07\/IMG_4288-1536x1024.jpg 1536w, https:\/\/cnbbsul4.org.br\/wp-content\/uploads\/2025\/07\/IMG_4288-2048x1365.jpg 2048w, https:\/\/cnbbsul4.org.br\/wp-content\/uploads\/2025\/07\/IMG_4288-800x533.jpg 800w\" alt=\"\" width=\"400\" height=\"267\" \/>O professor Paulo iniciou sua apresenta\u00e7\u00e3o ressaltando que, desde a publica\u00e7\u00e3o da enc\u00edclica \u201cLaudato Si&#8217;\u201d em 2015, as rea\u00e7\u00f5es \u00e0 crise clim\u00e1tica n\u00e3o t\u00eam sido suficientes, e o mundo \u201cvai-se desmoronando\u201d. Ele enfatizou que os sinais das altera\u00e7\u00f5es clim\u00e1ticas s\u00e3o vis\u00edveis e alarmantes, incluindo fen\u00f4menos extremos, \u201ccalor invulgar, secas, chuvas intensas e inunda\u00e7\u00f5es, al\u00e9m de uma acelera\u00e7\u00e3o anormal do aquecimento global e do aumento de gases com efeito de estufa\u201d, enfatizou.<\/p>\n<p style=\"text-align: justify;\">Horta sublinhou a origem humana das altera\u00e7\u00f5es clim\u00e1ticas, contextualizando-as no \u201cparadigma tecnocr\u00e1tico\u201d onde o ser humano se julga ilimitado, usando a tecnologia para explorar o mundo de forma desenfreada e com ambi\u00e7\u00e3o ilimitada.<\/p>\n<p style=\"text-align: justify;\">Um ponto cr\u00edtico levantado foi a falta de efici\u00eancia e progresso duradouro nos acordos multilaterais entre estados, com as \u00faltimas Confer\u00eancias sobre o Clima apresentando baixo n\u00edvel de implementa\u00e7\u00e3o, privilegiando interesses pessoais sobre o bem comum. Ele questionou a ina\u00e7\u00e3o, perguntando \u201cPara que se quer preservar um poder que ser\u00e1 recordado pela sua incapacidade de intervir?\u201d.<\/p>\n<p style=\"text-align: justify;\">O professor apresentou dados preocupantes sobre a concentra\u00e7\u00e3o de CO2 na atmosfera, que atualmente atinge cerca de 422 parte por milh\u00e3o (ppm), as mais elevadas da hist\u00f3ria da exist\u00eancia humana. O aquecimento dos oceanos e a acidifica\u00e7\u00e3o oce\u00e2nica, que j\u00e1 ultrapassaram os limites de seguran\u00e7a pr\u00e9-industriais, tamb\u00e9m foram abordados como exemplos da transgress\u00e3o dos limites planet\u00e1rios.<\/p>\n<p style=\"text-align: justify;\">Horta tamb\u00e9m mostrou as consequ\u00eancias das mudan\u00e7as clim\u00e1ticas, como o branqueamento de corais, o degelo das \u00e1reas permanentemente congeladas (permafrost), a salinidade crescente na Ant\u00e1rtica e o decl\u00ednio do gelo marinho. Ele apresentou diversos exemplos de eventos clim\u00e1ticos extremos recentes, como ondas de calor mortais na Europa, inunda\u00e7\u00f5es severas no Texas e chuvas intensas no Rio Grande do Sul, que resultaram em desalojados e mortes.<\/p>\n<p style=\"text-align: justify;\">Para o professor, \u00e9 urgente que a sociedade, fundamentada na produ\u00e7\u00e3o e consumo, reverta a transgress\u00e3o dos limites planet\u00e1rios de seguran\u00e7a e justi\u00e7a socioambiental. Ele destacou que a falta de a\u00e7\u00e3o na COP28 no Dubai, que deveria ter sido um ponto de inflex\u00e3o para uma transi\u00e7\u00e3o energ\u00e9tica e busca do bem comum, refor\u00e7a a necessidade de reverter a l\u00f3gica de apenas remediar.<\/p>\n<p style=\"text-align: justify;\">Em suas considera\u00e7\u00f5es finais, o professor Paulo Horta enfatizou a necessidade de integrar a governan\u00e7a com responsabilidades compartilhadas, por\u00e9m diferenciadas, e de promover a colabora\u00e7\u00e3o entre disciplinas, setores e institui\u00e7\u00f5es. Ele defendeu a\u00e7\u00f5es emergenciais para comunica\u00e7\u00e3o sobre sociobiodiversidade, uma perspectiva ecoc\u00eantrica na tomada de decis\u00e3o e investimentos p\u00fablicos, multilaterais e da iniciativa privada para construir um futuro mais resiliente. O professor concluiu sua apresenta\u00e7\u00e3o defendendo um \u201cPacto por uma COP comprometida com a promo\u00e7\u00e3o da sa\u00fade dos territ\u00f3rios para cuidarmos de todas as formas de vida, hoje e sempre\u201d.<\/p>\n<h3 style=\"text-align: justify;\"><strong>Caminhos para incid\u00eancia prof\u00e9tica e justi\u00e7a clim\u00e1tica<\/strong><\/h3>\n<p style=\"text-align: justify;\"><img decoding=\"async\" loading=\"lazy\" class=\"alignnone wp-image-34060 size-full\" src=\"https:\/\/cnbbsul4.org.br\/wp-content\/uploads\/2025\/07\/IMG_4295-scaled.jpg\" sizes=\"(max-width: 2560px) 100vw, 2560px\" srcset=\"https:\/\/cnbbsul4.org.br\/wp-content\/uploads\/2025\/07\/IMG_4295-scaled.jpg 2560w, https:\/\/cnbbsul4.org.br\/wp-content\/uploads\/2025\/07\/IMG_4295-300x200.jpg 300w, https:\/\/cnbbsul4.org.br\/wp-content\/uploads\/2025\/07\/IMG_4295-1024x683.jpg 1024w, https:\/\/cnbbsul4.org.br\/wp-content\/uploads\/2025\/07\/IMG_4295-768x512.jpg 768w, https:\/\/cnbbsul4.org.br\/wp-content\/uploads\/2025\/07\/IMG_4295-391x260.jpg 391w, https:\/\/cnbbsul4.org.br\/wp-content\/uploads\/2025\/07\/IMG_4295-1536x1024.jpg 1536w, https:\/\/cnbbsul4.org.br\/wp-content\/uploads\/2025\/07\/IMG_4295-2048x1365.jpg 2048w, https:\/\/cnbbsul4.org.br\/wp-content\/uploads\/2025\/07\/IMG_4295-800x533.jpg 800w\" alt=\"\" width=\"2560\" height=\"1707\" \/><\/p>\n<p style=\"text-align: justify;\">Lucas D\u2019Avila, contextualizou o Direito Internacional e a Conven\u00e7\u00e3o do Clima, destacando a evolu\u00e7\u00e3o hist\u00f3rica de acordos e conven\u00e7\u00f5es desde o in\u00edcio do s\u00e9culo XX at\u00e9 a cria\u00e7\u00e3o da ONU e as Conven\u00e7\u00f5es do Clima, Desertifica\u00e7\u00e3o e Biodiversidade na Rio 92. Ele detalhou o funcionamento das COPs, citando eventos marcantes como Kyoto (COP 3), Paris (COP 21) e o Fundo de Perdas e Danos (COP 28), al\u00e9m de suas agendas de adapta\u00e7\u00e3o, mitiga\u00e7\u00e3o, e financiamento, e sua estrutura com Corpos Subsidi\u00e1rios (SBI e SBSTA). D\u2019Avila abordou a aplica\u00e7\u00e3o do Direito Internacional no Brasil, incluindo a internaliza\u00e7\u00e3o de normas e a incid\u00eancia para acordos como o de Escazu.<\/p>\n<p style=\"text-align: justify;\">Ele defendeu o \u201cmultilateralismo de baixo para cima\u201d, proposto na Laudato Si\u2019, como forma de amplificar vozes e denunciar viola\u00e7\u00f5es, citando a \u201cDeclara\u00e7\u00e3o para o Semi\u00e1rido\u201d como exemplo de sucesso. D\u2019Avila refor\u00e7ou o apelo do Papa Francisco por uma resposta coletiva e urgente \u00e0 crise clim\u00e1tica, destacando o papel das organiza\u00e7\u00f5es sociais na promo\u00e7\u00e3o da ecologia integral e da justi\u00e7a socioambiental.<\/p>\n<p style=\"text-align: justify;\">Ao analisar a COP30, D\u2019Avila a descreveu como uma \u201cCOP da inclus\u00e3o\u201d, mas alertou para for\u00e7as opositoras, como lobistas do petr\u00f3leo, e restri\u00e7\u00f5es de participa\u00e7\u00e3o. No contexto nacional, ele apontou retrocessos legislativos e disputas no Executivo, com avan\u00e7os em algumas \u00e1reas e resist\u00eancia em outras. Sobre a geopol\u00edtica, mencionou o enfraquecimento do sistema multilateral, o aumento de gastos militares e o endividamento do Sul Global, que gasta significativamente mais com d\u00edvidas do que com a\u00e7\u00f5es clim\u00e1ticas.<\/p>\n<p style=\"text-align: justify;\">A agenda de \u201cImplementa\u00e7\u00e3o\u201d da COP30 aborda adapta\u00e7\u00e3o, mitiga\u00e7\u00e3o, perdas e danos, e transi\u00e7\u00e3o justa, com a expectativa de financiamento de $1.3 trilh\u00f5es at\u00e9 2035. Ele apresentou os seis eixos da Agenda de A\u00e7\u00e3o para a COP30, que visam mobilizar a\u00e7\u00f5es clim\u00e1ticas de atores estatais e n\u00e3o-estatais: Transi\u00e7\u00e3o de Energia, Ind\u00fastria e Transporte; Preserva\u00e7\u00e3o de Florestas, Oceanos e Biodiversidade; Transforma\u00e7\u00e3o da Agricultura e dos Sistemas Alimentares; Constru\u00e7\u00e3o de Resili\u00eancia para Cidades, Infraestrutura e \u00c1gua; Promo\u00e7\u00e3o do Desenvolvimento Humano e Social e a Facilitadores e os Aceleradores Transversais.<\/p>\n<p style=\"text-align: justify;\">Finalmente, D\u2019Avila delineou \u201ccaminhos pr\u00e1ticos para incid\u00eancia prof\u00e9tica\u201d, enfatizando a atua\u00e7\u00e3o cont\u00ednua antes, durante e ap\u00f3s a COP, com den\u00fancia de viola\u00e7\u00f5es e an\u00fancio de boas pr\u00e1ticas. Ele defendeu uma presen\u00e7a multin\u00edvel da Igreja, com voz unificada global e atua\u00e7\u00e3o local, ressaltando a import\u00e2ncia de prefeituras e estados. A incid\u00eancia deve ocorrer em todas as fases das pol\u00edticas p\u00fablicas, utilizando poder institucional, econ\u00f4mico, t\u00e9cnico, simb\u00f3lico e de mobiliza\u00e7\u00e3o em rede. Ele concluiu destacando a import\u00e2ncia de mapear atores, construir narrativas estrat\u00e9gicas com argumentos t\u00e9cnicos, pol\u00edticos e \u00e9ticos, e formar alian\u00e7as para construir rela\u00e7\u00f5es e promover uma transi\u00e7\u00e3o justa.<\/p>\n<pre>Mat\u00e9ria: Osnilda Lima | Fotos: Jaison Alves da Silva | ASCOM Pr\u00e9-Cop Sul<\/pre>\n<\/div>\n<\/div>\n<\/div>\n<\/div>\n<\/div>\n<\/section>\n","protected":false},"excerpt":{"rendered":"<p>Em Governador Celso Ramos, Santa Catarina, a Pr\u00e9-COP Sul, evento preparat\u00f3rio para a COP30, acorre de 17 a 20 de julho de 2025, integrando o projeto \u201cIgreja Rumo \u00e0 COP30\u201d, uma iniciativa da Confer\u00eancia Nacional dos Bispos do Brasil (CNBB) que congrega os Regionais do Paran\u00e1, Santa Catarina e Rio Grande do Sul. O Painel &hellip;<\/p>\n<p class=\"read-more\"> <a class=\"\" href=\"https:\/\/www.cnbb.org.br\/pre-cop-sul-debate-sobre-a-crise-climatica-e-caminhos-para-a-justica-socioambiental\/\"> <span class=\"screen-reader-text\">Pr\u00e9-COP Sul: debate sobre a crise clim\u00e1tica e caminhos para a justi\u00e7a socioambiental<\/span> Leia mais &raquo;<\/a><\/p>\n","protected":false},"author":141,"featured_media":986262,"comment_status":"closed","ping_status":"closed","sticky":false,"template":"","format":"standard","meta":{"site-sidebar-layout":"default","site-content-layout":"default","ast-global-header-display":"","ast-banner-title-visibility":"","ast-main-header-display":"","ast-hfb-above-header-display":"","ast-hfb-below-header-display":"","ast-hfb-mobile-header-display":"","site-post-title":"","ast-breadcrumbs-content":"","ast-featured-img":"","footer-sml-layout":"","theme-transparent-header-meta":"default","adv-header-id-meta":"","stick-header-meta":"","header-above-stick-meta":"","header-main-stick-meta":"","header-below-stick-meta":""},"categories":[791],"tags":[],"acf":[],"_links":{"self":[{"href":"https:\/\/www.cnbb.org.br\/cnbb-app\/wp\/v2\/posts\/986261"}],"collection":[{"href":"https:\/\/www.cnbb.org.br\/cnbb-app\/wp\/v2\/posts"}],"about":[{"href":"https:\/\/www.cnbb.org.br\/cnbb-app\/wp\/v2\/types\/post"}],"author":[{"embeddable":true,"href":"https:\/\/www.cnbb.org.br\/cnbb-app\/wp\/v2\/users\/141"}],"replies":[{"embeddable":true,"href":"https:\/\/www.cnbb.org.br\/cnbb-app\/wp\/v2\/comments?post=986261"}],"version-history":[{"count":3,"href":"https:\/\/www.cnbb.org.br\/cnbb-app\/wp\/v2\/posts\/986261\/revisions"}],"predecessor-version":[{"id":986265,"href":"https:\/\/www.cnbb.org.br\/cnbb-app\/wp\/v2\/posts\/986261\/revisions\/986265"}],"wp:featuredmedia":[{"embeddable":true,"href":"https:\/\/www.cnbb.org.br\/cnbb-app\/wp\/v2\/media\/986262"}],"wp:attachment":[{"href":"https:\/\/www.cnbb.org.br\/cnbb-app\/wp\/v2\/media?parent=986261"}],"wp:term":[{"taxonomy":"category","embeddable":true,"href":"https:\/\/www.cnbb.org.br\/cnbb-app\/wp\/v2\/categories?post=986261"},{"taxonomy":"post_tag","embeddable":true,"href":"https:\/\/www.cnbb.org.br\/cnbb-app\/wp\/v2\/tags?post=986261"}],"curies":[{"name":"wp","href":"https:\/\/api.w.org\/{rel}","templated":true}]}}