{"id":986318,"date":"2025-07-21T10:06:27","date_gmt":"2025-07-21T13:06:27","guid":{"rendered":"https:\/\/www.cnbb.org.br\/?p=986318"},"modified":"2025-07-21T10:06:53","modified_gmt":"2025-07-21T13:06:53","slug":"dialogo-da-fe","status":"publish","type":"post","link":"https:\/\/www.cnbb.org.br\/dialogo-da-fe\/","title":{"rendered":"Di\u00e1logo da f\u00e9\u00a0"},"content":{"rendered":"<p style=\"text-align: right;\"><strong>Dom Paulo Mendes Peixoto<br \/>\nArcebispo de Uberaba (MG)<\/strong><\/p>\n<p>&nbsp;<\/p>\n<p style=\"text-align: justify;\"><span data-ccp-props=\"{&quot;134233279&quot;:true,&quot;201341983&quot;:0,&quot;335551550&quot;:6,&quot;335551620&quot;:6,&quot;335559739&quot;:160,&quot;335559740&quot;:259}\">\u00a0<\/span><\/p>\n<p style=\"text-align: justify;\"><span data-contrast=\"auto\">N\u00e3o \u00e9 f\u00e1cil realizar uma ora\u00e7\u00e3o autenticamente verdadeira. Ela exige convic\u00e7\u00e3o, aten\u00e7\u00e3o, confian\u00e7a e acreditar que Deus acolhe generosamente os pedidos que a pessoa faz. A f\u00e9 \u00e9 elemento central na pr\u00e1tica da ora\u00e7\u00e3o e do contato espiritual com Deus, porque ela ultrapassa a esfera da dimens\u00e3o simplesmente humana e coloca a pessoa numa realidade sobrenatural de encontro com o Senhor.<\/span><span data-ccp-props=\"{&quot;134233279&quot;:true,&quot;201341983&quot;:0,&quot;335551550&quot;:6,&quot;335551620&quot;:6,&quot;335559731&quot;:1134,&quot;335559739&quot;:160,&quot;335559740&quot;:259}\">\u00a0<\/span><\/p>\n<p style=\"text-align: justify;\"><span data-contrast=\"auto\">O di\u00e1logo com Deus pode ser insistente e at\u00e9 questionador, mas sempre reconhecendo o total respeito e a esperan\u00e7a que dele vem de forma positiva e justa. A quest\u00e3o aqui \u00e9 saber como s\u00e3o feitas essas ora\u00e7\u00f5es, como colocar-se diante de Deus vivendo num mundo marcado por tantas desigualdades, injusti\u00e7as e car\u00eancia de pr\u00e1ticas verdadeiras e honestas, na conviv\u00eancia social.<\/span><span data-ccp-props=\"{&quot;134233279&quot;:true,&quot;201341983&quot;:0,&quot;335551550&quot;:6,&quot;335551620&quot;:6,&quot;335559731&quot;:1134,&quot;335559739&quot;:160,&quot;335559740&quot;:259}\">\u00a0<\/span><\/p>\n<p style=\"text-align: justify;\"><span data-contrast=\"auto\">Existem muitas ora\u00e7\u00f5es feitas de forma apenas devocional, praticadas por tradi\u00e7\u00e3o e sem compromisso com o que \u00e9 pedido e rezado. N\u00e3o podemos dizer que n\u00e3o t\u00eam valor diante de Deus, mas geram pouco compromisso com o sentido espiritual e social da vida. A intimidade que se deve ter com Deus sup\u00f5e intimidade com o ser humano e respeito para com a dignidade humana.<\/span><span data-ccp-props=\"{&quot;134233279&quot;:true,&quot;201341983&quot;:0,&quot;335551550&quot;:6,&quot;335551620&quot;:6,&quot;335559731&quot;:1134,&quot;335559739&quot;:160,&quot;335559740&quot;:259}\">\u00a0<\/span><\/p>\n<p style=\"text-align: justify;\"><span data-contrast=\"auto\">A ora\u00e7\u00e3o significa que existe uma rela\u00e7\u00e3o afetiva de Deus com toda a humanidade. Isto aparece no fato da Alian\u00e7a feita com Abra\u00e3o, ligando o divino com o humano numa pr\u00e1tica que leva ao compromisso relacional entre Deus e a pessoa humana. A palavra de Abra\u00e3o, para defender os justos, sensibiliza Deus a fazer justi\u00e7a com o povo por existir pessoas justas em seu meio (cf. Gn 18,23s).<\/span><span data-ccp-props=\"{&quot;134233279&quot;:true,&quot;201341983&quot;:0,&quot;335551550&quot;:6,&quot;335551620&quot;:6,&quot;335559731&quot;:1134,&quot;335559739&quot;:160,&quot;335559740&quot;:259}\">\u00a0<\/span><\/p>\n<p style=\"text-align: justify;\"><span data-contrast=\"auto\">O ap\u00f3stolo Paulo evidencia que o batismo cria proximidade entre as pessoas e abre caminho para o di\u00e1logo do crist\u00e3o com Deus. Mas ele \u00e9 fruto de s\u00e9rio compromisso hist\u00f3rico da f\u00e9 na vida social e comunit\u00e1ria, porque, como diz o ditado popular, ningu\u00e9m se salva sozinho. A real dimens\u00e3o de eternidade sup\u00f5e compromisso de humanidade, de partilha e conviv\u00eancia fraterna.<\/span><span data-ccp-props=\"{&quot;134233279&quot;:true,&quot;201341983&quot;:0,&quot;335551550&quot;:6,&quot;335551620&quot;:6,&quot;335559731&quot;:1134,&quot;335559739&quot;:160,&quot;335559740&quot;:259}\">\u00a0<\/span><\/p>\n<p style=\"text-align: justify;\"><span data-contrast=\"auto\">Jesus age como um verdadeiro mestre de ora\u00e7\u00e3o, mesmo apresentando apenas o Pai Nosso como di\u00e1logo com o Pai, onde ele sintetiza toda realidade do projeto de sua miss\u00e3o na terra. Quem reza com convic\u00e7\u00e3o deve se comprometer com as palavras que pronuncia e reconhecer a a\u00e7\u00e3o de Deus diante daquilo que \u00e9 pedido. Tudo deve expressar atrav\u00e9s do di\u00e1logo da f\u00e9, do compromisso com a vida.<\/span><span data-ccp-props=\"{&quot;134233279&quot;:true,&quot;201341983&quot;:0,&quot;335551550&quot;:6,&quot;335551620&quot;:6,&quot;335559731&quot;:1134,&quot;335559739&quot;:160,&quot;335559740&quot;:259}\">\u00a0<\/span><\/p>\n<p style=\"text-align: justify;\"><span data-contrast=\"auto\">\u00a0\u00a0\u00a0\u00a0<\/span><span data-ccp-props=\"{&quot;134233279&quot;:true,&quot;201341983&quot;:0,&quot;335551550&quot;:6,&quot;335551620&quot;:6,&quot;335559731&quot;:1134,&quot;335559739&quot;:160,&quot;335559740&quot;:259}\">\u00a0<\/span><\/p>\n<p style=\"text-align: justify;\"><span data-ccp-props=\"{&quot;134233279&quot;:true,&quot;201341983&quot;:0,&quot;335551550&quot;:6,&quot;335551620&quot;:6,&quot;335559731&quot;:1134,&quot;335559739&quot;:160,&quot;335559740&quot;:259}\">\u00a0<\/span><\/p>\n","protected":false},"excerpt":{"rendered":"<p>Dom Paulo Mendes Peixoto Arcebispo de Uberaba (MG) &nbsp; \u00a0 N\u00e3o \u00e9 f\u00e1cil realizar uma ora\u00e7\u00e3o autenticamente verdadeira. Ela exige convic\u00e7\u00e3o, aten\u00e7\u00e3o, confian\u00e7a e acreditar que Deus acolhe generosamente os pedidos que a pessoa faz. A f\u00e9 \u00e9 elemento central na pr\u00e1tica da ora\u00e7\u00e3o e do contato espiritual com Deus, porque ela ultrapassa a esfera &hellip;<\/p>\n<p class=\"read-more\"> <a class=\"\" href=\"https:\/\/www.cnbb.org.br\/dialogo-da-fe\/\"> <span class=\"screen-reader-text\">Di\u00e1logo da f\u00e9\u00a0<\/span> Leia mais &raquo;<\/a><\/p>\n","protected":false},"author":25,"featured_media":0,"comment_status":"closed","ping_status":"closed","sticky":false,"template":"","format":"standard","meta":{"site-sidebar-layout":"default","site-content-layout":"default","ast-global-header-display":"","ast-banner-title-visibility":"","ast-main-header-display":"","ast-hfb-above-header-display":"","ast-hfb-below-header-display":"","ast-hfb-mobile-header-display":"","site-post-title":"","ast-breadcrumbs-content":"","ast-featured-img":"","footer-sml-layout":"","theme-transparent-header-meta":"default","adv-header-id-meta":"","stick-header-meta":"","header-above-stick-meta":"","header-main-stick-meta":"","header-below-stick-meta":""},"categories":[758],"tags":[],"acf":[],"_links":{"self":[{"href":"https:\/\/www.cnbb.org.br\/cnbb-app\/wp\/v2\/posts\/986318"}],"collection":[{"href":"https:\/\/www.cnbb.org.br\/cnbb-app\/wp\/v2\/posts"}],"about":[{"href":"https:\/\/www.cnbb.org.br\/cnbb-app\/wp\/v2\/types\/post"}],"author":[{"embeddable":true,"href":"https:\/\/www.cnbb.org.br\/cnbb-app\/wp\/v2\/users\/25"}],"replies":[{"embeddable":true,"href":"https:\/\/www.cnbb.org.br\/cnbb-app\/wp\/v2\/comments?post=986318"}],"version-history":[{"count":1,"href":"https:\/\/www.cnbb.org.br\/cnbb-app\/wp\/v2\/posts\/986318\/revisions"}],"predecessor-version":[{"id":986319,"href":"https:\/\/www.cnbb.org.br\/cnbb-app\/wp\/v2\/posts\/986318\/revisions\/986319"}],"wp:attachment":[{"href":"https:\/\/www.cnbb.org.br\/cnbb-app\/wp\/v2\/media?parent=986318"}],"wp:term":[{"taxonomy":"category","embeddable":true,"href":"https:\/\/www.cnbb.org.br\/cnbb-app\/wp\/v2\/categories?post=986318"},{"taxonomy":"post_tag","embeddable":true,"href":"https:\/\/www.cnbb.org.br\/cnbb-app\/wp\/v2\/tags?post=986318"}],"curies":[{"name":"wp","href":"https:\/\/api.w.org\/{rel}","templated":true}]}}