{"id":986704,"date":"2025-07-29T09:20:49","date_gmt":"2025-07-29T12:20:49","guid":{"rendered":"https:\/\/www.cnbb.org.br\/?p=986704"},"modified":"2025-07-29T11:49:21","modified_gmt":"2025-07-29T14:49:21","slug":"a-vocacao-chamado-do-senhor-e-resposta-humana","status":"publish","type":"post","link":"https:\/\/www.cnbb.org.br\/a-vocacao-chamado-do-senhor-e-resposta-humana\/","title":{"rendered":"A voca\u00e7\u00e3o: Chamado do Senhor e Resposta humana"},"content":{"rendered":"<p style=\"text-align: right;\"><strong>Dom Vital Corbellini<br \/>\nBispo de Marab\u00e1 (PA) <\/strong><\/p>\n<p>&nbsp;<\/p>\n<p style=\"text-align: justify;\"><span data-ccp-props=\"{&quot;335551550&quot;:2,&quot;335551620&quot;:2}\">\u00a0<\/span><\/p>\n<p style=\"text-align: justify;\"><span data-contrast=\"auto\">O m\u00eas de agosto \u00e9 comumente conhecido como o m\u00eas vocacional, na vida e na miss\u00e3o da Igreja do Brasil e para o mundo. Rezemos ao Senhor para que aumente o n\u00famero de pessoas \u00e0 vida sacerdotal, religiosa, matrimonial e de minist\u00e9rios leigos e leigas. \u201cPeregrinos porque chamados\u201d: \u00e9 o tema colocado pela CNBB para ser refletido nas fam\u00edlias, nas comunidades e na sociedade. O tema est\u00e1 ligado ao ano jubilar, pelo fato de que a peregrina\u00e7\u00e3o possibilita a convers\u00e3o de vida para Deus, para a comunidade e um dia para o seu Reino. O lema \u00e9: \u201cA esperan\u00e7a n\u00e3o decepciona porque o amor de Deus foi derramado em nossos cora\u00e7\u00f5es\u201d (Rm 5,5).\u00a0<\/span><span data-ccp-props=\"{&quot;335551550&quot;:6,&quot;335551620&quot;:6}\">\u00a0<\/span><\/p>\n<p style=\"text-align: justify;\"><span data-contrast=\"auto\">A voca\u00e7\u00e3o coloca o ponto fundamental que \u00e9 o chamado do Senhor para as pessoas e a resposta humana dada com alegria e com amor. O chamado do Senhor d\u00e1 a dimens\u00e3o da miss\u00e3o para a pessoa para que ela viva em unidade com Deus e com o seu povo. A seguir n\u00f3s veremos como o chamado ocorreu com profetas, com o Senhor Jesus Cristo e com os padres da Igreja, os primeiros escritores crist\u00e3os.\u00a0<\/span><span data-ccp-props=\"{&quot;335551550&quot;:6,&quot;335551620&quot;:6,&quot;335559731&quot;:708}\">\u00a0<\/span><\/p>\n<p style=\"text-align: justify;\"><span data-contrast=\"auto\">Deus chamou pessoas para serem os seus profetas<\/span><\/p>\n<p style=\"text-align: justify;\"><span data-contrast=\"auto\">Os profetas receberam o chamado do Senhor Deus para anunciar a sua palavra ao povo e denunciar os seus pecados. O chamado deu a eles a capacidade de viveram a miss\u00e3o as vezes permeada de persegui\u00e7\u00f5es, de cal\u00fanias, incompreens\u00f5es, mas eles carregavam a esperan\u00e7a da presen\u00e7a de Deus em suas vidas em vista da fidelidade \u00e0 Alian\u00e7a com Deus.\u00a0<\/span><span data-ccp-props=\"{&quot;335551550&quot;:6,&quot;335551620&quot;:6,&quot;335559731&quot;:708}\">\u00a0<\/span><\/p>\n<p style=\"text-align: justify;\"><span data-contrast=\"auto\">Jeremias<\/span><span data-ccp-props=\"{&quot;335551550&quot;:6,&quot;335551620&quot;:6}\">\u00a0<\/span><\/p>\n<p style=\"text-align: justify;\"><span data-contrast=\"auto\">\u00a0Jeremias sentiu-se chamado pelo Senhor num plano anterior \u00e0 sua exist\u00eancia: \u201cAntes que te formasse no seio de tia m\u00e3e, eu te conheci, antes de sa\u00edres do ventre, eu te consagrei e de fiz profeta para as na\u00e7\u00f5es\u201d(Jr 1,5). O Senhor tinha pensado nele como profeta das na\u00e7\u00f5es. \u00c9 fundamental afirmar que o chamado pertence a Deus e faz a pessoa estar profundamente ligada ao Senhor. Ainda que Jeremias dissesse que ele n\u00e3o saberia falar, era apenas um menino, o Senhor lhe respondeu que ele seria enviado a todas as pessoas a quem Ele o enviasse; ele n\u00e3o deveria ter medo, pois, o Senhor estaria com ele. O Senhor mesmo p\u00f4s as suas palavras na sua boca para dar-lhe for\u00e7a sobre as na\u00e7\u00f5es e reinos, para arrancar e derrubar, para devastar e destruir para edificar e plantar (cfr. Jr 1, 7-10).\u00a0<\/span><span data-ccp-props=\"{&quot;335551550&quot;:6,&quot;335551620&quot;:6}\">\u00a0<\/span><\/p>\n<p style=\"text-align: justify;\"><span data-contrast=\"auto\">Isaias<\/span><\/p>\n<p style=\"text-align: justify;\"><span data-contrast=\"auto\">Isaias sentiu o chamado numa manifesta\u00e7\u00e3o do Senhor no templo. O profeta disse que ele era uma pessoa de l\u00e1bios impuros no meio de um povo de l\u00e1bios tamb\u00e9m impuros. No entanto um dos anjos tocou a sua boca afirmando que a sua culpa estava sendo tirada e o seu pecado perdoado. A voz do Senhor se fez aparecer dizendo a quem enviaria? A quem iria pelo Senhor? O jovem Isaias disse de uma forma livre e dispon\u00edvel ao chamado do Senhor que ele estava l\u00e1, e ele era para ser enviado (cfr. Is 6,1-8). O Senhor contou com Isaias para assumir a miss\u00e3o da profecia, gra\u00e7a de Deus, junto ao povo escolhido.\u00a0<\/span><span data-ccp-props=\"{&quot;335551550&quot;:6,&quot;335551620&quot;:6,&quot;335559731&quot;:708}\">\u00a0<\/span><\/p>\n<p style=\"text-align: justify;\"><span data-contrast=\"auto\">Jesus chamou pessoas<\/span><\/p>\n<p style=\"text-align: justify;\"><span data-contrast=\"auto\">\u00c9 essencial ver o chamado na pessoa de Jesus, o Enviado, o Mission\u00e1rio do Pai. O chamado do Senhor fez-se em meio ao trabalho das pessoas. Jesus estava caminhando junto ao mar da Galil\u00e9ia de modo que Ele viu Sim\u00e3o, chamado Pedro e o seu irm\u00e3o Andr\u00e9. Como eles eram pescadores de peixes Jesus disse para que eles o seguissem, e Ele os faria pescadores de homens. Eles deixaram imediatamente as redes e seguiram a Jesus. No prosseguimento da caminhada vocacional Jesus viu outros dois irm\u00e3os, Tiago e o Jo\u00e3o, os quais estavam consertando as redes. Jesus os chamou e eles tamb\u00e9m imediatamente, deixando o barco e o pai, o seguiram (cfr. Mt 4, 18-22). Os disc\u00edpulos ser\u00e3o pescadores de pessoas para lev\u00e1-las at\u00e9 Deus, tornando-as mais humanas, servi\u00e7ais ao Reino de Deus e \u00e0 sua Igreja.\u00a0<\/span><span data-ccp-props=\"{&quot;335551550&quot;:6,&quot;335551620&quot;:6,&quot;335559731&quot;:708}\">\u00a0<\/span><\/p>\n<p style=\"text-align: justify;\"><span data-contrast=\"auto\">Jesus chamou aqueles que Ele quis<\/span><\/p>\n<p style=\"text-align: justify;\"><span data-contrast=\"auto\">O evangelista Marcos colocou o chamado do Senhor na sua maior liberdade. Ele foi \u00e0 montanha e chamou as pessoas que Ele quis e que foram at\u00e9 Ele. Para lembrar o n\u00famero doze, em rela\u00e7\u00e3o \u00e0s doze tribos de Israel, Jesus constituiu doze pessoas para estarem com Ele, e para envi\u00e1-los a anunciar, com autoridade para expulsar dem\u00f4nios (cfr. Mc 3,13-15). O chamado que o Senhor fez para com os seus disc\u00edpulos era para estar com Ele. Para ser enviado era preciso praticar as coisas, as obras que Jesus fazia. A pessoa deveria aprender de Jesus a amar o Senhor Deus, o pr\u00f3ximo, como a si mesmo, as pessoas necessitadas. O chamado \u00e9 um aprendizado com o Senhor para servir e amar. Jesus expulsou nas pessoas os esp\u00edritos maus de modo que os seus disc\u00edpulos fizessem as mesmas atividades. Os esp\u00edritos maus s\u00e3o o ego\u00edsmo, a falta de amor para com o pr\u00f3ximo, a falta da alegria. Era preciso como ontem e hoje, a expuls\u00e3o dos esp\u00edritos maus nas pessoas para seguir a Jesus e a sua Igreja.\u00a0<\/span><span data-ccp-props=\"{&quot;335551550&quot;:6,&quot;335551620&quot;:6,&quot;335559731&quot;:708}\">\u00a0<\/span><\/p>\n<p style=\"text-align: justify;\"><span data-contrast=\"auto\">A economia divina<\/span><span data-ccp-props=\"{&quot;335551550&quot;:6,&quot;335551620&quot;:6,&quot;335559731&quot;:708}\">\u00a0<\/span><\/p>\n<p style=\"text-align: justify;\"><span data-contrast=\"auto\">Em rela\u00e7\u00e3o aos padres da Igreja, os primeiros escritores crist\u00e3os, \u00e9 preciso ver o chamado do Senhor \u00e0s pessoas e aos povos. A Carta a Diogneto, escrito nos s\u00e9culos II e III descreveu a economia divina para a salva\u00e7\u00e3o humana. Deus manifestou o seu poder. N\u00f3s percebemos que a voca\u00e7\u00e3o \u00e9 gra\u00e7a de Deus, e, \u00e9 dada na responsabilidade humana. Diante da situa\u00e7\u00e3o de pecado e morte humanos, o Senhor veio ao nosso encontro. Ele tomou sobre si os nossos pecados e enviou o seu Filho para nos resgatar dos nossos pecados, o incorrupt\u00edvel pelos corrupt\u00edveis, o imortal pelos mortais<\/span><span data-contrast=\"auto\">1<\/span><span data-contrast=\"auto\">. N\u00f3s fomos justificados pelo Filho de Deus. A voca\u00e7\u00e3o do Senhor reparou a injusti\u00e7a de muitos tornando justa a humanidade junto de Deus<\/span><span data-contrast=\"auto\">2<\/span><span data-ccp-props=\"{&quot;335551550&quot;:6,&quot;335551620&quot;:6,&quot;335559731&quot;:708}\">\u00a0<\/span><\/p>\n<p style=\"text-align: justify;\"><span data-contrast=\"auto\">A sucess\u00e3o apost\u00f3lica<\/span><\/p>\n<p style=\"text-align: justify;\"><span data-contrast=\"auto\">A voca\u00e7\u00e3o foi tamb\u00e9m dada pela sucess\u00e3o apost\u00f3lica, no sentido da continuidade da verdade que vem de Cristo e Cristo de Deus. Tertuliano, padre da Igreja do s\u00e9culo terceiro afirmou a sucess\u00e3o apost\u00f3lica como um dado fundamental na voca\u00e7\u00e3o do Senhor ao ap\u00f3stolo, e os seus sucessores. A sucess\u00e3o fez ver que o primeiro bispo recebeu a investidura e foi precedido por um dos ap\u00f3stolos, ou ao menos por uma pessoa apost\u00f3lica na qual teve uma rela\u00e7\u00e3o profunda at\u00e9 chegar ao Senhor Jesus Cristo. As Igrejas apost\u00f3licas colocaram bispos ligados aos ap\u00f3stolos, os ap\u00f3stolos com Cristo e Cristo com Deus<\/span><span data-contrast=\"auto\">3<\/span><span data-contrast=\"auto\">.<\/span><span data-ccp-props=\"{&quot;335551550&quot;:6,&quot;335551620&quot;:6}\">\u00a0<\/span><\/p>\n<p style=\"text-align: justify;\"><span data-contrast=\"auto\">A voca\u00e7\u00e3o da Igreja: o mundo<\/span><span data-ccp-props=\"{&quot;335551550&quot;:6,&quot;335551620&quot;:6}\">\u00a0<\/span><\/p>\n<p style=\"text-align: justify;\"><span data-contrast=\"auto\">Santo Agostinho, Bispo de Hipona, s\u00e9culos IV e V afirmou que a voca\u00e7\u00e3o da Igreja era de ir para o mundo anunciar a boa nova de Jesus. Por gra\u00e7a de Deus ela est\u00e1 presente em muitos lugares do mundo tendo um grande corpo e uma \u00fanica Cabe\u00e7a que \u00e9 o Salvador Jesus Cristo (cfr. Cl 1,18). A exalta\u00e7\u00e3o da Cabe\u00e7a, ocorrida ap\u00f3s a ressurrei\u00e7\u00e3o de Jesus, objetivando a palavra do Senhor dita aos s\u00e9culos anteriores, onde se diz que seja exaltado a Deus, al\u00e9m dos c\u00e9us (cfr. Sl 56,12). A Igreja difundiu-se nos diversos lugares da terra com abundantes frutos de paz e de amor<\/span><span data-contrast=\"auto\">4<\/span><span data-contrast=\"auto\">.<\/span><span data-ccp-props=\"{&quot;335551550&quot;:6,&quot;335551620&quot;:6}\">\u00a0<\/span><\/p>\n<p style=\"text-align: justify;\"><span data-contrast=\"auto\">A a\u00e7\u00e3o mission\u00e1ria<\/span><\/p>\n<p style=\"text-align: justify;\"><span data-contrast=\"auto\">S\u00e3o Greg\u00f3rio Magno, papa no final do s\u00e9culo VI e in\u00edcio do s\u00e9culo VII reconheceu a a\u00e7\u00e3o mission\u00e1ria sendo voca\u00e7\u00e3o para a Igreja, de levar o evangelho do Senhor para as popula\u00e7\u00f5es que ainda n\u00e3o ouviram falar do Senhor e da pr\u00f3pria Igreja. O Papa aconselhava aos mission\u00e1rios e \u00e0s mission\u00e1rias para que n\u00e3o houvesse a destrui\u00e7\u00e3o dos templos pag\u00e3os, mas de suas imagens, mudando-se o culto ao verdadeiro Deus. As rel\u00edquias dos santos e de m\u00e1rtires seriam colocadas nos altares para celebrar o louvor agrad\u00e1vel a Deus pelas festas lit\u00fargicas, como o Natal e a P\u00e1scoa<\/span><span data-contrast=\"auto\">5<\/span><span data-contrast=\"auto\">.<\/span><span data-ccp-props=\"{&quot;335551550&quot;:6,&quot;335551620&quot;:6}\">\u00a0<\/span><\/p>\n<p style=\"text-align: justify;\"><span data-contrast=\"auto\">A voca\u00e7\u00e3o \u00e9 a doa\u00e7\u00e3o de si mesmo para o Senhor e para o mundo na qual a pessoa corresponde \u00e0 vida que recebeu de gra\u00e7a. Ela \u00e9 um dom de Deus para ser doado para os outros e \u00e9 tamb\u00e9m responsabilidade humana. Jesus fez de si mesmo uma continua doa\u00e7\u00e3o. Ser\u00e1 sempre importante a ora\u00e7\u00e3o nas fam\u00edlias, nas comunidades pelas voca\u00e7\u00f5es para que mais pessoas trabalhem pela Igreja e pelo Reino de Deus. Deus envia voca\u00e7\u00f5es de modo que \u00e9 preciso conhec\u00ea-las e fazer sempre o discernimento para que os jovens se decidam bem na voca\u00e7\u00e3o. A voca\u00e7\u00e3o \u00e9 a presen\u00e7a do Senhor para viver bem no mundo de hoje e um dia na eternidade.\u00a0<\/span><span data-ccp-props=\"{&quot;335551550&quot;:6,&quot;335551620&quot;:6}\">\u00a0<\/span><\/p>\n<p><span data-ccp-props=\"{&quot;335551550&quot;:6,&quot;335551620&quot;:6,&quot;335559731&quot;:708}\">\u00a0<\/span><\/p>\n<p><span data-ccp-props=\"{}\">\u00a0<\/span><\/p>\n","protected":false},"excerpt":{"rendered":"<p>Dom Vital Corbellini Bispo de Marab\u00e1 (PA) &nbsp; \u00a0 O m\u00eas de agosto \u00e9 comumente conhecido como o m\u00eas vocacional, na vida e na miss\u00e3o da Igreja do Brasil e para o mundo. Rezemos ao Senhor para que aumente o n\u00famero de pessoas \u00e0 vida sacerdotal, religiosa, matrimonial e de minist\u00e9rios leigos e leigas. \u201cPeregrinos &hellip;<\/p>\n<p class=\"read-more\"> <a class=\"\" href=\"https:\/\/www.cnbb.org.br\/a-vocacao-chamado-do-senhor-e-resposta-humana\/\"> <span class=\"screen-reader-text\">A voca\u00e7\u00e3o: Chamado do Senhor e Resposta humana<\/span> Leia mais &raquo;<\/a><\/p>\n","protected":false},"author":16,"featured_media":0,"comment_status":"closed","ping_status":"closed","sticky":false,"template":"","format":"standard","meta":{"site-sidebar-layout":"default","site-content-layout":"default","ast-global-header-display":"","ast-banner-title-visibility":"","ast-main-header-display":"","ast-hfb-above-header-display":"","ast-hfb-below-header-display":"","ast-hfb-mobile-header-display":"","site-post-title":"","ast-breadcrumbs-content":"","ast-featured-img":"","footer-sml-layout":"","theme-transparent-header-meta":"default","adv-header-id-meta":"","stick-header-meta":"","header-above-stick-meta":"","header-main-stick-meta":"","header-below-stick-meta":""},"categories":[758,1837],"tags":[],"acf":[],"_links":{"self":[{"href":"https:\/\/www.cnbb.org.br\/cnbb-app\/wp\/v2\/posts\/986704"}],"collection":[{"href":"https:\/\/www.cnbb.org.br\/cnbb-app\/wp\/v2\/posts"}],"about":[{"href":"https:\/\/www.cnbb.org.br\/cnbb-app\/wp\/v2\/types\/post"}],"author":[{"embeddable":true,"href":"https:\/\/www.cnbb.org.br\/cnbb-app\/wp\/v2\/users\/16"}],"replies":[{"embeddable":true,"href":"https:\/\/www.cnbb.org.br\/cnbb-app\/wp\/v2\/comments?post=986704"}],"version-history":[{"count":2,"href":"https:\/\/www.cnbb.org.br\/cnbb-app\/wp\/v2\/posts\/986704\/revisions"}],"predecessor-version":[{"id":986706,"href":"https:\/\/www.cnbb.org.br\/cnbb-app\/wp\/v2\/posts\/986704\/revisions\/986706"}],"wp:attachment":[{"href":"https:\/\/www.cnbb.org.br\/cnbb-app\/wp\/v2\/media?parent=986704"}],"wp:term":[{"taxonomy":"category","embeddable":true,"href":"https:\/\/www.cnbb.org.br\/cnbb-app\/wp\/v2\/categories?post=986704"},{"taxonomy":"post_tag","embeddable":true,"href":"https:\/\/www.cnbb.org.br\/cnbb-app\/wp\/v2\/tags?post=986704"}],"curies":[{"name":"wp","href":"https:\/\/api.w.org\/{rel}","templated":true}]}}