{"id":986834,"date":"2025-07-31T11:53:55","date_gmt":"2025-07-31T14:53:55","guid":{"rendered":"https:\/\/www.cnbb.org.br\/?p=986834"},"modified":"2025-07-31T13:37:05","modified_gmt":"2025-07-31T16:37:05","slug":"cnbb-homenagem-padre-vitor-galdino-feller","status":"publish","type":"post","link":"https:\/\/www.cnbb.org.br\/cnbb-homenagem-padre-vitor-galdino-feller\/","title":{"rendered":"CNBB recorda legado e presta homenagem ao padre Vitor Galdino Feller, falecido em 26 de julho"},"content":{"rendered":"<p>Faleceu no \u00faltimo s\u00e1bado, 26, o padre Vitor Galdino Feller, vig\u00e1rio geral da arquidiocese de Florian\u00f3polis (SC) e perito da Comiss\u00e3o Episcopal para a Doutrina da F\u00e9 da Confer\u00eancia Nacional dos Bispos do Brasil (CNBB). Natural de Canelinha (SC), nascido em 12 de abril de 1953, padre Vitor contribuiu em diversas oportunidades com o trabalho da Confer\u00eancia dos Bispos, especialmente na assessoria teol\u00f3gica.<\/p>\n<p>Ordenado presb\u00edtero em 23 de fevereiro de 1980, foi mestre e doutor em Teologia Dogm\u00e1tica pela Pontificia Universidade Gregoriana de Roma. Foi orientador vocacional, professor e diretor de institui\u00e7\u00f5es como o Instituto Teol\u00f3gico de Santa Catarina (ITESC) e a Faculdade Cat\u00f3lica de Santa Catarina (FACASC). Atuou como <span style=\"font-size: 16px;\">vice-diretor e vice-reitor das institui\u00e7\u00f5es de ensino, coordenador da Pastoral Presbiteral, conselheiro espiritual do Movimento Ema\u00fas e postulador da Causa de Beatifica\u00e7\u00e3o do Servo de Deus Marcelo Henrique C\u00e2mara. Tamb\u00e9m integrou os conselhos Presbiteral, Econ\u00f4mico e o Col\u00e9gio de Consultores da arquidiocese de Florian\u00f3polis.\u00a0<\/span><\/p>\n<p>A missa de s\u00e9timo dia do padre Vitor Gaudino Feller ser\u00e1 celebrada nesta sexta-feira, 1\u00ba de agosto, \u00e0s 18h15, na Catedral de Florian\u00f3polis.<\/p>\n<div dir=\"auto\"><\/div>\n<p>Confira a homenagem da CNBB:<\/p>\n<blockquote><p>A Confer\u00eancia Nacional dos Bispos do Brasil (CNBB) recorda, com gratid\u00e3o, a contribui\u00e7\u00e3o \u00e0 Igreja no Brasil dada pelo Padre Vitor Galdino Feller, da Arquidiocese de Florian\u00f3polis (SC), falecido no \u00faltimo s\u00e1bado, 26 de julho.<\/p>\n<p>Assim como divulgado pela arquidiocese catarinense, reafirmamos e reconhecemos seu &#8220;legado inestim\u00e1vel de f\u00e9, servi\u00e7o pastoral, forma\u00e7\u00e3o teol\u00f3gica e amor \u00e0 Igreja&#8221;.<\/p>\n<p>Padre Vitor Feller, mestre e doutor em Teologia Dogm\u00e1tica, somou mais de duas d\u00e9cadas de contribui\u00e7\u00e3o ao trabalho da Confer\u00eancia Episcopal, especialmente como perito da Comiss\u00e3o Episcopal para a Doutrina da F\u00e9. Ele colaborou em diversos projetos, desde o acompanhamento de publica\u00e7\u00f5es teol\u00f3gicas, orienta\u00e7\u00e3o de retiros, condu\u00e7\u00e3o de forma\u00e7\u00f5es, participa\u00e7\u00e3o em confer\u00eancias e, especialmente, na elabora\u00e7\u00e3o de documentos da Confer\u00eancia.<\/p>\n<p>Uma de suas contribui\u00e7\u00f5es recentes foi na elabora\u00e7\u00e3o das &#8220;Diretrizes para a forma\u00e7\u00e3o dos Presb\u00edteros da Igreja no Brasil&#8221; (Documento 110 da CNBB), aprovado em 2018.<\/p>\n<p>Um forte apelo, presente na vida do Padre Vitor foi o chamado \u00e0 comunh\u00e3o: \u201cToda vez que perdemos de vista a grandeza do mist\u00e9rio da comunh\u00e3o da Igreja para ficar preso \u00e0 mesquinhez de uma pessoa, \u00e0 fragilidade de um determinado grupo, ao erro de um determinado per\u00edodo hist\u00f3rico, perdemos a capacidade de contemplar o infinito mist\u00e9rio de Deus agindo em n\u00f3s. Deus \u00e9 infinitamente maior do que nosso pecado. Entender o mist\u00e9rio da comunh\u00e3o da Igreja \u00e9 n\u00e3o amesquinh\u00e1-la, n\u00e3o perder tempo com fofocas e picuinhas que amea\u00e7am fechar a comunidade em si mesma e isolar os grupos\u201d.<\/p>\n<p>Pedimos ao Senhor que lhe d\u00ea o descanso eterno e nos unimos em solidariedade e ora\u00e7\u00e3o aos amigos e familiares deste t\u00e3o importante colaborador da miss\u00e3o da Igreja Cat\u00f3lica no Brasil.<\/p><\/blockquote>\n<p>&nbsp;<\/p>\n","protected":false},"excerpt":{"rendered":"<p>Padre Vitor Feller somou mais de duas d\u00e9cadas de contribui\u00e7\u00e3o ao trabalho da Confer\u00eancia Episcopal, especialmente como perito da Comiss\u00e3o Episcopal para a Doutrina da F\u00e9. Ele colaborou em diversos projetos, desde o acompanhamento de publica\u00e7\u00f5es teol\u00f3gicas, orienta\u00e7\u00e3o de retiros, condu\u00e7\u00e3o de forma\u00e7\u00f5es,  e, especialmente, na elabora\u00e7\u00e3o de documentos da Confer\u00eancia<\/p>\n","protected":false},"author":38,"featured_media":986844,"comment_status":"closed","ping_status":"closed","sticky":false,"template":"","format":"standard","meta":{"site-sidebar-layout":"default","site-content-layout":"default","ast-global-header-display":"","ast-banner-title-visibility":"","ast-main-header-display":"","ast-hfb-above-header-display":"","ast-hfb-below-header-display":"","ast-hfb-mobile-header-display":"","site-post-title":"","ast-breadcrumbs-content":"","ast-featured-img":"","footer-sml-layout":"","theme-transparent-header-meta":"default","adv-header-id-meta":"","stick-header-meta":"","header-above-stick-meta":"","header-main-stick-meta":"","header-below-stick-meta":""},"categories":[50,1654],"tags":[],"acf":[],"_links":{"self":[{"href":"https:\/\/www.cnbb.org.br\/cnbb-app\/wp\/v2\/posts\/986834"}],"collection":[{"href":"https:\/\/www.cnbb.org.br\/cnbb-app\/wp\/v2\/posts"}],"about":[{"href":"https:\/\/www.cnbb.org.br\/cnbb-app\/wp\/v2\/types\/post"}],"author":[{"embeddable":true,"href":"https:\/\/www.cnbb.org.br\/cnbb-app\/wp\/v2\/users\/38"}],"replies":[{"embeddable":true,"href":"https:\/\/www.cnbb.org.br\/cnbb-app\/wp\/v2\/comments?post=986834"}],"version-history":[{"count":2,"href":"https:\/\/www.cnbb.org.br\/cnbb-app\/wp\/v2\/posts\/986834\/revisions"}],"predecessor-version":[{"id":986872,"href":"https:\/\/www.cnbb.org.br\/cnbb-app\/wp\/v2\/posts\/986834\/revisions\/986872"}],"wp:featuredmedia":[{"embeddable":true,"href":"https:\/\/www.cnbb.org.br\/cnbb-app\/wp\/v2\/media\/986844"}],"wp:attachment":[{"href":"https:\/\/www.cnbb.org.br\/cnbb-app\/wp\/v2\/media?parent=986834"}],"wp:term":[{"taxonomy":"category","embeddable":true,"href":"https:\/\/www.cnbb.org.br\/cnbb-app\/wp\/v2\/categories?post=986834"},{"taxonomy":"post_tag","embeddable":true,"href":"https:\/\/www.cnbb.org.br\/cnbb-app\/wp\/v2\/tags?post=986834"}],"curies":[{"name":"wp","href":"https:\/\/api.w.org\/{rel}","templated":true}]}}