{"id":986913,"date":"2025-08-01T09:04:56","date_gmt":"2025-08-01T12:04:56","guid":{"rendered":"https:\/\/www.cnbb.org.br\/?p=986913"},"modified":"2025-08-01T09:08:44","modified_gmt":"2025-08-01T12:08:44","slug":"vocacao-doacao-e-servico-na-missao","status":"publish","type":"post","link":"https:\/\/www.cnbb.org.br\/vocacao-doacao-e-servico-na-missao\/","title":{"rendered":"Voca\u00e7\u00e3o, doa\u00e7\u00e3o e servi\u00e7o na miss\u00e3o\u00a0"},"content":{"rendered":"<p style=\"text-align: right;\"><strong>Dom Jos\u00e9 Gislon<\/strong><br \/>\n<strong>Bispo de Caxias do Sul (RS)<\/strong><\/p>\n<p>&nbsp;<\/p>\n<p>&nbsp;<\/p>\n<p style=\"text-align: justify;\"><span data-contrast=\"auto\">Estimados irm\u00e3os e irm\u00e3s em Cristo Jesus! No m\u00eas de agosto, lembrado na Igreja como o m\u00eas vocacional, temos presente a voca\u00e7\u00e3o presbiteral, diaconal, para a vida consagrada, a fam\u00edlia e os minist\u00e9rios dos fi\u00e9is leigos e leigas, que vivendo o sacerd\u00f3cio comum dos batizados se colocam a servi\u00e7o do Evangelho na Igreja, dando testemunho da sua f\u00e9 no cotidiano da vida. Mas a Igreja tamb\u00e9m convida seus filhos e filhas a rezarem pelas voca\u00e7\u00f5es, lembrando das palavras que Jesus disse aos seus disc\u00edpulos. \u201c<\/span><i><span data-contrast=\"auto\">A colheita \u00e9 grande, mas os trabalhadores s\u00e3o poucos. Portanto, pe\u00e7am ao Senhor da colheita que envie trabalhadores para a sua colheita\u201d <\/span><\/i><span data-contrast=\"auto\">(Mt 9,37-38).\u00a0<\/span><span data-ccp-props=\"{&quot;201341983&quot;:0,&quot;335551550&quot;:6,&quot;335551620&quot;:6,&quot;335559739&quot;:0,&quot;335559740&quot;:240}\">\u00a0<\/span><\/p>\n<p style=\"text-align: justify;\"><span data-contrast=\"auto\">Podemos e devemos sempre falar e motivar os nossos jovens para que saibam ouvir e discernir o chamado do \u201cvem e segue-me\u201d, que o Senhor faz hoje, como fez no in\u00edcio do seu minist\u00e9rio. Mas a resposta a uma voca\u00e7\u00e3o, ao seguimento de Cristo, \u00e9 e ser\u00e1 sempre pessoal. N\u00f3s facilmente associamos voca\u00e7\u00e3o como um chamado \u00e0 vida consagrada, ao minist\u00e9rio sacerdotal, diaconal ou aos minist\u00e9rios que est\u00e3o a servi\u00e7o da comunidade de f\u00e9. Mas se esquecermos da dimens\u00e3o da entrega pela causa do Reino, na qual Cristo \u00e9 o modelo de amor e fidelidade ao Pai a ser seguido, poderemos viver uma escolha e uma consagra\u00e7\u00e3o, ou mesmo a vida de crist\u00e3o, marcada por muitas motiva\u00e7\u00f5es puramente humanas, em que a doa\u00e7\u00e3o, a entrega da vida pelo amor a Cristo, o servi\u00e7o aos irm\u00e3os e irm\u00e3s na Igreja, comunidade de f\u00e9, pode ser vivida mais como um peso que nos oprime do que uma gra\u00e7a que nos torna livres para amar como Jesus amou.\u00a0<\/span><span data-ccp-props=\"{&quot;201341983&quot;:0,&quot;335551550&quot;:6,&quot;335551620&quot;:6,&quot;335559740&quot;:240}\">\u00a0<\/span><\/p>\n<p style=\"text-align: justify;\"><span data-contrast=\"auto\">Quando falamos do minist\u00e9rio sacerdotal, temos presente o sacerdote como o \u201c\u00edcone de Jesus Cristo\u201d. \u201cEm Jesus Cristo, o humano e o divino est\u00e3o unidos de modo \u00fanico, porque nele Deus e o homem entraram de uma vez para sempre num di\u00e1logo salv\u00edfico. O sacerdote est\u00e1 a servi\u00e7o deste di\u00e1logo entre o c\u00e9u e a terra. O seu dever e tarefa, n\u00e3o deleg\u00e1veis, s\u00e3o juntar o terreno e o celeste, apesar de todas as dificuldades internas ou externas que os acompanham&#8230; O centro unificador de todo o minist\u00e9rio sacerdotal consiste em testemunhar que Jesus Cristo est\u00e1 presente na Igreja, para dar e realizar a salva\u00e7\u00e3o. O elemento espec\u00edfico do servi\u00e7o sacerdotal consiste no fato de, com a palavra e com a a\u00e7\u00e3o, tornar hoje presente o dom que Cristo faz de si ao Pai, para a salva\u00e7\u00e3o do mundo\u201d (Augustin, George. <\/span><i><span data-contrast=\"auto\">Colaboradores da vossa alegria: o minist\u00e9rio sacerdotal hoje<\/span><\/i><span data-contrast=\"auto\">).<\/span><span data-ccp-props=\"{&quot;201341983&quot;:0,&quot;335551550&quot;:6,&quot;335551620&quot;:6,&quot;335559740&quot;:240}\">\u00a0<\/span><\/p>\n<p style=\"text-align: justify;\"><span data-contrast=\"auto\">Como sacerdotes, precisamos sempre ter presente que \u00e9 atrav\u00e9s da ora\u00e7\u00e3o que fortalecemos a nossa comunh\u00e3o com o Senhor e revigoramos as nossas for\u00e7as, para a miss\u00e3o junto ao povo de Deus. Lembrando que \u00e9 a for\u00e7a de Deus que age em n\u00f3s: \u201cN\u00e3o que sejamos capazes de conceber alguma coisa como de n\u00f3s mesmos; \u00e9 do Senhor que prov\u00e9m a nossa capacidade. \u00c9 Ele que nos torna aptos para sermos ministros de uma nova alian\u00e7a, n\u00e3o da letra, mas do Esp\u00edrito; porque a letra mata, enquanto o Esp\u00edrito d\u00e1 vida\u201d (2Cor 3,5-6).<\/span><span data-ccp-props=\"{&quot;201341983&quot;:0,&quot;335551550&quot;:6,&quot;335551620&quot;:6,&quot;335559740&quot;:240}\">\u00a0<\/span><\/p>\n<p style=\"text-align: justify;\"><span data-contrast=\"auto\">Como Igreja, povo de Deus a caminho, que est\u00e1 celebrando o \u201cJubileu da Esperan\u00e7a\u201d, queremos juntos elevar a Deus a nossa ora\u00e7\u00e3o pela voca\u00e7\u00e3o ao presbiterato, ao diaconato, \u00e0 vida consagrada, mas tamb\u00e9m para o matrim\u00f4nio, sem deixar de lembrar e rezar pelos nossos sacerdotes e di\u00e1conos, para que vivendo com amor, zelo e dedica\u00e7\u00e3o a pr\u00f3pria voca\u00e7\u00e3o, revelem o rosto, a compaix\u00e3o e a ternura do Cristo sacerdote e bom pastor.\u00a0<\/span><span data-ccp-props=\"{&quot;201341983&quot;:0,&quot;335551550&quot;:6,&quot;335551620&quot;:6,&quot;335559739&quot;:0,&quot;335559740&quot;:240}\">\u00a0<\/span><\/p>\n<p style=\"text-align: justify;\"><span data-contrast=\"auto\">Por intercess\u00e3o de Nossa Senhora de Caravaggio, nossa m\u00e3e, rainha e padroeira da nossa Diocese, aben\u00e7oe-vos o Deus todo poderoso, Pai e Filho e Esp\u00edrito Santo. Am\u00e9m.<\/span><span data-ccp-props=\"{&quot;335551550&quot;:6,&quot;335551620&quot;:6}\">\u00a0<\/span><\/p>\n<p style=\"text-align: justify;\"><span data-ccp-props=\"{&quot;201341983&quot;:0,&quot;335551550&quot;:6,&quot;335551620&quot;:6,&quot;335559739&quot;:0,&quot;335559740&quot;:240}\">\u00a0<\/span><\/p>\n<p style=\"text-align: justify;\"><span data-ccp-props=\"{&quot;201341983&quot;:0,&quot;335551550&quot;:6,&quot;335551620&quot;:6,&quot;335559740&quot;:240}\">\u00a0<\/span><\/p>\n","protected":false},"excerpt":{"rendered":"<p>Dom Jos\u00e9 Gislon Bispo de Caxias do Sul (RS) &nbsp; &nbsp; Estimados irm\u00e3os e irm\u00e3s em Cristo Jesus! No m\u00eas de agosto, lembrado na Igreja como o m\u00eas vocacional, temos presente a voca\u00e7\u00e3o presbiteral, diaconal, para a vida consagrada, a fam\u00edlia e os minist\u00e9rios dos fi\u00e9is leigos e leigas, que vivendo o sacerd\u00f3cio comum dos &hellip;<\/p>\n<p class=\"read-more\"> <a class=\"\" href=\"https:\/\/www.cnbb.org.br\/vocacao-doacao-e-servico-na-missao\/\"> <span class=\"screen-reader-text\">Voca\u00e7\u00e3o, doa\u00e7\u00e3o e servi\u00e7o na miss\u00e3o\u00a0<\/span> Leia mais &raquo;<\/a><\/p>\n","protected":false},"author":20,"featured_media":0,"comment_status":"closed","ping_status":"closed","sticky":false,"template":"","format":"standard","meta":{"site-sidebar-layout":"default","site-content-layout":"default","ast-global-header-display":"","ast-banner-title-visibility":"","ast-main-header-display":"","ast-hfb-above-header-display":"","ast-hfb-below-header-display":"","ast-hfb-mobile-header-display":"","site-post-title":"","ast-breadcrumbs-content":"","ast-featured-img":"","footer-sml-layout":"","theme-transparent-header-meta":"default","adv-header-id-meta":"","stick-header-meta":"","header-above-stick-meta":"","header-main-stick-meta":"","header-below-stick-meta":""},"categories":[758],"tags":[],"acf":[],"_links":{"self":[{"href":"https:\/\/www.cnbb.org.br\/cnbb-app\/wp\/v2\/posts\/986913"}],"collection":[{"href":"https:\/\/www.cnbb.org.br\/cnbb-app\/wp\/v2\/posts"}],"about":[{"href":"https:\/\/www.cnbb.org.br\/cnbb-app\/wp\/v2\/types\/post"}],"author":[{"embeddable":true,"href":"https:\/\/www.cnbb.org.br\/cnbb-app\/wp\/v2\/users\/20"}],"replies":[{"embeddable":true,"href":"https:\/\/www.cnbb.org.br\/cnbb-app\/wp\/v2\/comments?post=986913"}],"version-history":[{"count":2,"href":"https:\/\/www.cnbb.org.br\/cnbb-app\/wp\/v2\/posts\/986913\/revisions"}],"predecessor-version":[{"id":986915,"href":"https:\/\/www.cnbb.org.br\/cnbb-app\/wp\/v2\/posts\/986913\/revisions\/986915"}],"wp:attachment":[{"href":"https:\/\/www.cnbb.org.br\/cnbb-app\/wp\/v2\/media?parent=986913"}],"wp:term":[{"taxonomy":"category","embeddable":true,"href":"https:\/\/www.cnbb.org.br\/cnbb-app\/wp\/v2\/categories?post=986913"},{"taxonomy":"post_tag","embeddable":true,"href":"https:\/\/www.cnbb.org.br\/cnbb-app\/wp\/v2\/tags?post=986913"}],"curies":[{"name":"wp","href":"https:\/\/api.w.org\/{rel}","templated":true}]}}