{"id":987352,"date":"2025-08-09T10:11:00","date_gmt":"2025-08-09T13:11:00","guid":{"rendered":"https:\/\/www.cnbb.org.br\/?p=987352"},"modified":"2025-08-09T10:18:40","modified_gmt":"2025-08-09T13:18:40","slug":"secretario-geral-da-cnbb-recebe-em-reuniao-o-coordenador-nacional-da-pastoral-de-moradia-e-favela","status":"publish","type":"post","link":"https:\/\/www.cnbb.org.br\/secretario-geral-da-cnbb-recebe-em-reuniao-o-coordenador-nacional-da-pastoral-de-moradia-e-favela\/","title":{"rendered":"Secret\u00e1rio-geral da CNBB acolhe sugest\u00f5es do coordenador nacional da Pastoral de Moradia e Favela para a CF 2026"},"content":{"rendered":"<p>O bispo auxiliar de Bras\u00edlia (DF) e secret\u00e1rio-geral da Confer\u00eancia Nacional dos Bispos do Brasil (CNBB), dom Ricardo Hoepers, recebeu na sexta-feira, 8 de agosto, o coordenador da Pastoral de Moradia e Favela, Marcelo Toyansk.<\/p>\n<p style=\"text-align: justify;\">A reuni\u00e3o girou em torno da prepara\u00e7\u00e3o da Campanha da Fraternidade 2026 cujo tema ser\u00e1 a quest\u00e3o da &#8220;moradia&#8221;. Os participantes discutiram a realidade da falta de moradia no pa\u00eds, as estrat\u00e9gias e o texto-base da Campanha.<\/p>\n<p>&nbsp;<\/p>\n<h3>Fortalecimento da Pastoral da Moradia e Favelas<\/h3>\n<p style=\"text-align: justify;\">O coordenador da pastoral apresentou \u00e0 CNBB o seu quadro atual da articula\u00e7\u00e3o em diversas regi\u00f5es do Brasil. A Pastoral da Moradia e Favelas se concentrou, historicamente, em S\u00e3o Paulo e Rio de Janeiro. Agora est\u00e1 em curso um processo de rearticula\u00e7\u00e3o em outras regi\u00f5es. Ao todo est\u00e3o em processo de forma\u00e7\u00e3o de 25 comiss\u00f5es da Pastoral de Moradia e Favela em todo pa\u00eds.<\/p>\n<p style=\"text-align: justify;\">A pastoral est\u00e1 organizada no guarda-chuvas da Comiss\u00e3o Sociotransformadora da CNBB e atuando em conjunto com as Pastorais Sociais. Esta rearticula\u00e7\u00e3o da Pastoral se fortaleceu no \u00e2mbito da \u00faltima Semana Social Brasileira e poder\u00e1 colaborar com a atua\u00e7\u00e3o da Igreja no Brasil nas periferias dos grandes centros urbanos.<\/p>\n<p style=\"text-align: justify;\">Tamb\u00e9m participaram da reuni\u00e3o, o subsecret\u00e1rio adjunto geral da CNBB, padre Leandro Megeto, o subsecret\u00e1rio de Pastoral da CNBB, padre J\u00e2nison de S\u00e1, o coordenador do Setor de Campanhas da CNBB, padre Jean Poul, e o assessor da Comiss\u00e3o para A\u00e7\u00e3o Sociotransformadora da CNBB, padre D\u00e1rio Bossi.<\/p>\n<figure id=\"attachment_987353\" aria-describedby=\"caption-attachment-987353\" style=\"width: 1024px\" class=\"wp-caption aligncenter\"><img decoding=\"async\" loading=\"lazy\" class=\"wp-image-987353 size-large\" src=\"https:\/\/www.cnbb.org.br\/wp-content\/uploads\/2025\/08\/Pastoral-Moradia-e-Favelas-1024x683.jpg\" alt=\"\" width=\"1024\" height=\"683\" srcset=\"https:\/\/www.cnbb.org.br\/wp-content\/uploads\/2025\/08\/Pastoral-Moradia-e-Favelas-1024x683.jpg 1024w, https:\/\/www.cnbb.org.br\/wp-content\/uploads\/2025\/08\/Pastoral-Moradia-e-Favelas-300x200.jpg 300w, https:\/\/www.cnbb.org.br\/wp-content\/uploads\/2025\/08\/Pastoral-Moradia-e-Favelas-768x512.jpg 768w, https:\/\/www.cnbb.org.br\/wp-content\/uploads\/2025\/08\/Pastoral-Moradia-e-Favelas-1536x1024.jpg 1536w, https:\/\/www.cnbb.org.br\/wp-content\/uploads\/2025\/08\/Pastoral-Moradia-e-Favelas-500x333.jpg 500w, https:\/\/www.cnbb.org.br\/wp-content\/uploads\/2025\/08\/Pastoral-Moradia-e-Favelas.jpg 2048w\" sizes=\"(max-width: 1024px) 100vw, 1024px\" \/><figcaption id=\"caption-attachment-987353\" class=\"wp-caption-text\">Reuni\u00e3o com o coordenador nacional da Pastoral de Moradia e Favelas. | Fotos: Giany Costa &#8211; ASCOM CNBB.<\/figcaption><\/figure>\n<pre>Por Willian Bonfim com informa\u00e7\u00f5es do padre D\u00e1rio Bossi<\/pre>\n","protected":false},"excerpt":{"rendered":"<p>A reuni\u00e3o girou em torno da prepara\u00e7\u00e3o da Campanha da Fraternidade 2026 cujo tema ser\u00e1 a quest\u00e3o da &#8220;moradia&#8221;. Os participantes discutiram a realidade da falta de moradia no pa\u00eds, as estrat\u00e9gias e o texto-base da Campanha. A Pastoral est\u00e1 constituindo 25 comiss\u00f5es por todo pa\u00eds <\/p>\n","protected":false},"author":142,"featured_media":987354,"comment_status":"closed","ping_status":"closed","sticky":false,"template":"","format":"standard","meta":{"site-sidebar-layout":"default","site-content-layout":"default","ast-global-header-display":"","ast-banner-title-visibility":"","ast-main-header-display":"","ast-hfb-above-header-display":"","ast-hfb-below-header-display":"","ast-hfb-mobile-header-display":"","site-post-title":"","ast-breadcrumbs-content":"","ast-featured-img":"","footer-sml-layout":"","theme-transparent-header-meta":"default","adv-header-id-meta":"","stick-header-meta":"","header-above-stick-meta":"","header-main-stick-meta":"","header-below-stick-meta":""},"categories":[863,50,797],"tags":[5924,6129],"acf":[],"_links":{"self":[{"href":"https:\/\/www.cnbb.org.br\/cnbb-app\/wp\/v2\/posts\/987352"}],"collection":[{"href":"https:\/\/www.cnbb.org.br\/cnbb-app\/wp\/v2\/posts"}],"about":[{"href":"https:\/\/www.cnbb.org.br\/cnbb-app\/wp\/v2\/types\/post"}],"author":[{"embeddable":true,"href":"https:\/\/www.cnbb.org.br\/cnbb-app\/wp\/v2\/users\/142"}],"replies":[{"embeddable":true,"href":"https:\/\/www.cnbb.org.br\/cnbb-app\/wp\/v2\/comments?post=987352"}],"version-history":[{"count":6,"href":"https:\/\/www.cnbb.org.br\/cnbb-app\/wp\/v2\/posts\/987352\/revisions"}],"predecessor-version":[{"id":987360,"href":"https:\/\/www.cnbb.org.br\/cnbb-app\/wp\/v2\/posts\/987352\/revisions\/987360"}],"wp:featuredmedia":[{"embeddable":true,"href":"https:\/\/www.cnbb.org.br\/cnbb-app\/wp\/v2\/media\/987354"}],"wp:attachment":[{"href":"https:\/\/www.cnbb.org.br\/cnbb-app\/wp\/v2\/media?parent=987352"}],"wp:term":[{"taxonomy":"category","embeddable":true,"href":"https:\/\/www.cnbb.org.br\/cnbb-app\/wp\/v2\/categories?post=987352"},{"taxonomy":"post_tag","embeddable":true,"href":"https:\/\/www.cnbb.org.br\/cnbb-app\/wp\/v2\/tags?post=987352"}],"curies":[{"name":"wp","href":"https:\/\/api.w.org\/{rel}","templated":true}]}}