{"id":987841,"date":"2025-08-21T14:35:49","date_gmt":"2025-08-21T17:35:49","guid":{"rendered":"https:\/\/www.cnbb.org.br\/?p=987841"},"modified":"2025-08-22T12:47:30","modified_gmt":"2025-08-22T15:47:30","slug":"encontro-bispos-amazonia-bogota-cuidar-dos-povos-e-do-bioma","status":"publish","type":"post","link":"https:\/\/www.cnbb.org.br\/encontro-bispos-amazonia-bogota-cuidar-dos-povos-e-do-bioma\/","title":{"rendered":"Encontro dos bispos da Amaz\u00f4nia \u00e9 conclu\u00eddo, em Bogot\u00e1, com chamado a cuidar dos povos e do bioma"},"content":{"rendered":"<p>Um encontro hist\u00f3rico reuniu mais de 90 bispos de 76 circunscri\u00e7\u00f5es eclesi\u00e1sticas da Pan-Amaz\u00f4nia, entre os dias 17 e 20 de agosto, em Bogot\u00e1, na Col\u00f4mbia. O evento foi voltado para a reflex\u00e3o sobre os desafios pastorais, sociais e ambientais da regi\u00e3o. Do Brasil, participaram 47 prelados, os quais est\u00e3o \u00e0 frente de arquidioceses, dioceses e prelazias nos regionais Norte 1, 2 e 3, Noroeste, Nordeste 5 e Oeste 2 da Confer\u00eancia Nacional dos Bispos do Brasil.<\/p>\n<p>Realizado na sede do Conselho Episcopal Latino-Americano e Caribenho (Celam), o encontro reuniu ainda representantes da Confer\u00eancia Eclesial da Amaz\u00f4nia (Ceama), entre l\u00edderes ind\u00edgenas, religiosos e religiosas, e crist\u00e3os leigos. Os debates apontaram como eixos centrais da a\u00e7\u00e3o da Igreja na Amaz\u00f4nia a sinodalidade, a defesa dos povos origin\u00e1rios, o cuidado do bioma e o compromisso da Igreja em acompanhar a vida no territ\u00f3rio considerado decisivo para o planeta.<\/p>\n<p>Ao final do encontro, foi apresentado o documento &#8220;Ceama, sinal de esperan\u00e7a &#8211; cinco anos ap\u00f3s os S\u00ednodo para a Amaz\u00f4nia&#8221;. No material, os bispos da regi\u00e3o reafirmam ressaltam a confer\u00eancia eclesial como &#8220;espa\u00e7o privilegiado de comunh\u00e3o, discernimento e miss\u00e3o&#8221;:<\/p>\n<blockquote><p>Nos comprometemos a faz\u00ea-la crescer, fortalecer-se e consolidar-se para que seja oportunidade de servi\u00e7o e renova\u00e7\u00e3o para cada comunidade crist\u00e3 da regi\u00e3o, e sinal de esperan\u00e7a para toda a Igreja. Desejamos desenvolver programas de forma\u00e7\u00e3o para seminaristas e o clero, a vida religiosa e agentes de pastoral.<br \/>\n<a style=\"font-size: 16px; background-color: #ffffff;\" href=\"https:\/\/ceama.org\/wp-content\/uploads\/2025\/08\/ES_CEAMA_Mensaje-Final_Encuentro-de-Obispos.pdf\" target=\"_blank\" rel=\"noopener\">Leia a mensagem na \u00edntegra.<\/a><\/p><\/blockquote>\n<p>&nbsp;<\/p>\n<h3>Renova\u00e7\u00e3o do compromisso<\/h3>\n<p>O cardeal Pedro Barreto, arcebispo em\u00e9rito de Huancayo, no Peru, e presidente da Ceama, afirmou que o encontro \u201crenovou o compromisso de anunciar o Evangelho em di\u00e1logo com as culturas origin\u00e1rias, ao tempo que enfrenta os efeitos das mudan\u00e7as clim\u00e1ticas e o desmatamento\u201d.<\/p>\n<p><img decoding=\"async\" loading=\"lazy\" class=\"aligncenter size-full wp-image-987843\" src=\"https:\/\/www.cnbb.org.br\/wp-content\/uploads\/2025\/08\/Encontro-bispos-Amazonia-4.jpg\" alt=\"\" width=\"960\" height=\"639\" srcset=\"https:\/\/www.cnbb.org.br\/wp-content\/uploads\/2025\/08\/Encontro-bispos-Amazonia-4.jpg 960w, https:\/\/www.cnbb.org.br\/wp-content\/uploads\/2025\/08\/Encontro-bispos-Amazonia-4-300x200.jpg 300w, https:\/\/www.cnbb.org.br\/wp-content\/uploads\/2025\/08\/Encontro-bispos-Amazonia-4-768x511.jpg 768w, https:\/\/www.cnbb.org.br\/wp-content\/uploads\/2025\/08\/Encontro-bispos-Amazonia-4-500x333.jpg 500w\" sizes=\"(max-width: 960px) 100vw, 960px\" \/><\/p>\n<p>&nbsp;<\/p>\n<h3>Ouvir o bioma e os povos<\/h3>\n<p>A l\u00edder ind\u00edgena Patricia Gualinga Montalvo, vice-presidente da Ceama, destacou que esta assembleia foi uma experi\u00eancia de sinodalidade, onde os bispos puderam ouvir a voz do bioma amaz\u00f4nico e de seus povos. Ela mencionou que as amea\u00e7as di\u00e1rias aos territ\u00f3rios ancestrais \u2014 como o desmatamento, a criminaliza\u00e7\u00e3o e as viola\u00e7\u00f5es dos direitos humanos \u2014 continuam afetando de forma permanente n\u00e3o apenas as comunidades, mas toda a humanidade.<\/p>\n<p>Ela tamb\u00e9m alertou que a Amaz\u00f4nia se encontra atualmente em um ponto de n\u00e3o retorno devido \u00e0 crise clim\u00e1tica provocada pelo pr\u00f3prio ser humano, o que exige respostas urgentes da Igreja e da sociedade. Para ela, o encontro permitiu descobrir realidades comuns e, ao mesmo tempo, a grande diversidade do bioma, motivando a caminhar juntos na defesa da vida e na evangeliza\u00e7\u00e3o inculturada.<\/p>\n<p>&nbsp;<\/p>\n<h3>Amaz\u00f4nia, um dom de Deus<\/h3>\n<p>O encontro teve a participa\u00e7\u00e3o do prefeito do Dicast\u00e9rio para o Servi\u00e7o do Desenvolvimento Humano Integral, cardeal Michael Czerny. Ele parabenizou a Ceama\u00a0 pela iniciativa do encontro e recordou que a Igreja j\u00e1 articula h\u00e1 mais de dez anos uma resposta comum aos desafios amaz\u00f4nicos, come\u00e7ando com seus povos e estendendo-se \u00e0 defesa da natureza.<\/p>\n<p>Ele tamb\u00e9m observou que os dias de encontro serviram como um momento de amadurecimento para a Confer\u00eancia Eclesial, que se consolida como um organismo a servi\u00e7o do povo de Deus na Amaz\u00f4nia. Czerny manifestou seu desejo de que os frutos se tornem vis\u00edveis na vida das comunidades e que os meios de comunica\u00e7\u00e3o possam multiplicar esse desejo e reconhecer como a Igreja continua acompanhando o grande dom de Deus que \u00e9 este bioma.<\/p>\n<p><img decoding=\"async\" loading=\"lazy\" class=\"aligncenter size-full wp-image-987844\" src=\"https:\/\/www.cnbb.org.br\/wp-content\/uploads\/2025\/08\/Encontro-bispos-Amazonia-Cardeal-Czerny.jpg\" alt=\"\" width=\"960\" height=\"640\" srcset=\"https:\/\/www.cnbb.org.br\/wp-content\/uploads\/2025\/08\/Encontro-bispos-Amazonia-Cardeal-Czerny.jpg 960w, https:\/\/www.cnbb.org.br\/wp-content\/uploads\/2025\/08\/Encontro-bispos-Amazonia-Cardeal-Czerny-300x200.jpg 300w, https:\/\/www.cnbb.org.br\/wp-content\/uploads\/2025\/08\/Encontro-bispos-Amazonia-Cardeal-Czerny-768x512.jpg 768w, https:\/\/www.cnbb.org.br\/wp-content\/uploads\/2025\/08\/Encontro-bispos-Amazonia-Cardeal-Czerny-500x333.jpg 500w\" sizes=\"(max-width: 960px) 100vw, 960px\" \/><\/p>\n<h3>A sinodalidade como sinal de esperan\u00e7a<\/h3>\n<figure style=\"width: 292px\" class=\"wp-caption alignleft\"><img decoding=\"async\" loading=\"lazy\" class=\"\" src=\"https:\/\/adn.celam.org\/wp-content\/uploads\/2025\/08\/Mons.-Zenildo-Lima-958x559.jpg\" alt=\"\" width=\"292\" height=\"171\" \/><figcaption class=\"wp-caption-text\">Dom Zenildo Lima da Silva | Foto: Celam<\/figcaption><\/figure>\n<p>Bispo brasileiro na presid\u00eancia da Ceama, dom Zenildo Lima da Silva \u00e9 bispo auxiliar da arquidiocese de Manaus (AM) e vice-presidente do organismo regional. Para ele, o encontro foi um grande sinal de esperan\u00e7a em meio a um contexto marcado pela viol\u00eancia e pela explora\u00e7\u00e3o do territ\u00f3rio. Ele ressaltou que a Igreja percorreu um caminho de novas rela\u00e7\u00f5es de cuidado e proximidade, onde a sinodalidade \u00e9 vivida de forma concreta nas dioceses, prelazias e vicariatos.<\/p>\n<p>Al\u00e9m disso, destacou que os bispos trouxeram consigo os testemunhos de suas igrejas locais, confirmando que o S\u00ednodo para a Amaz\u00f4nia de 2019 continua sendo uma realidade viva. Ele afirmou que, apesar dos grandes desafios, a experi\u00eancia do encontro trouxe a convic\u00e7\u00e3o de que a Igreja amaz\u00f4nica \u00e9 forte e capaz de oferecer sinais de novidade, consolo e alegria para seus povos.<\/p>\n<p>&nbsp;<\/p>\n<h3>Outras partilhas dos bispos do Brasil<\/h3>\n<blockquote><p>Foi um momento de sinodalidade onde reafirmamos o valor de dar continuidade ao S\u00ednodo para a Amaz\u00f4nia. Os ritos da Amaz\u00f4nia ganharam destaque, e ficou claro como, enquanto Igreja, podemos realizar muito mais estando juntos. Este \u00e9 o nosso compromisso, e contamos com a participa\u00e7\u00e3o de toda a Igreja para que isso se concretize\u201d.<\/p>\n<p><a href=\"https:\/\/cnbbn2.com.br\/encontro-de-bispos-da-amazonia-encerra-marcado-pela-escuta-e-discernimento-espiritual-e-compromisso-com-a-regiao\/#:~:text=Dom%20Paulo%2C%20bispo,isso%20se%20concretize%E2%80%9D.\" target=\"_blank\" rel=\"noopener\">Dom Paulo Andreolli<\/a>, bispo auxiliar de Bel\u00e9m (PA)<\/p><\/blockquote>\n<p>&nbsp;<\/p>\n<blockquote><p>A Igreja atua na Amaz\u00f4nia em meio a um contexto maravilhoso de vida, povos, culturas e na\u00e7\u00f5es, mas tamb\u00e9m enfrenta problemas como a devasta\u00e7\u00e3o florestal, a quest\u00e3o mineral, a pobreza e desafios pastorais, como a car\u00eancia de sacerdotes, a quest\u00e3o vocacional, o protagonismo dos leigos e a import\u00e2ncia da presen\u00e7a da mulher na catequese. Todos esses assuntos e desafios foram abordados aqui, tanto na plen\u00e1ria quanto nos grupos. Sa\u00edmos daqui felizes, sabendo que a Igreja Cat\u00f3lica na Amaz\u00f4nia \u00e9 significativa e quer cada vez mais abra\u00e7ar o compromisso de Jesus \u2018Eu vim para que todos tenham vida e vida em abund\u00e2ncia\u2019. Que possamos crescer na sinodalidade, na comunh\u00e3o e na a\u00e7\u00e3o conjunta em todas as nossas igrejas, lutando pela promo\u00e7\u00e3o do Reino de Deus nesta nossa querida Amaz\u00f4nia\u201d.<\/p>\n<p><a href=\"https:\/\/cnbbn2.com.br\/encontro-de-bispos-da-amazonia-encerra-marcado-pela-escuta-e-discernimento-espiritual-e-compromisso-com-a-regiao\/#:~:text=Dom%20Ant%C3%B4nio%20de%20Assis%20Ribeiro%2C%20bispo%20da%20Diocese%20de%20Macap%C3%A1\" target=\"_blank\" rel=\"noopener\">Dom Ant\u00f4nio de Assis Ribeiro<\/a><br \/>\nBispo de Macap\u00e1 (AP)<br \/>\nSecret\u00e1rio do Regional Norte 2 da CNBB<\/p>\n<p><img decoding=\"async\" loading=\"lazy\" class=\"aligncenter wp-image-987845\" src=\"https:\/\/www.cnbb.org.br\/wp-content\/uploads\/2025\/08\/Encontro-bispos-Amazonia-dom-Antonio.jpg\" alt=\"\" width=\"394\" height=\"246\" srcset=\"https:\/\/www.cnbb.org.br\/wp-content\/uploads\/2025\/08\/Encontro-bispos-Amazonia-dom-Antonio.jpg 860w, https:\/\/www.cnbb.org.br\/wp-content\/uploads\/2025\/08\/Encontro-bispos-Amazonia-dom-Antonio-300x187.jpg 300w, https:\/\/www.cnbb.org.br\/wp-content\/uploads\/2025\/08\/Encontro-bispos-Amazonia-dom-Antonio-768x479.jpg 768w, https:\/\/www.cnbb.org.br\/wp-content\/uploads\/2025\/08\/Encontro-bispos-Amazonia-dom-Antonio-500x312.jpg 500w\" sizes=\"(max-width: 394px) 100vw, 394px\" \/><\/p><\/blockquote>\n<p>&nbsp;<\/p>\n<blockquote><p>Esse encontro \u00e9 muito importante. A Ceama recolhe a vida das Igrejas Particulares que est\u00e3o na Pan-Amaz\u00f4nia. Reunir os bispos \u00e9 reunir as dioceses. A reflex\u00e3o dos bispos quer ajudar a Ceama a ser profundamente encarnada na realidade amaz\u00f4nica e estar a servi\u00e7o das Igrejas Particulares, de todas as nossas comunidades cat\u00f3licas que est\u00e3o na Pan-Amaz\u00f4nia. \u00c9 muito importante porque visa tamb\u00e9m [refletir] como podemos, entre n\u00f3s dioceses, nos ajudar a, cada vez mais, sermos uma Igreja sinodal, encarnada e libertadora.<\/p>\n<p>Cardeal Leonardo Steiner<br \/>\nArcebispo de Manaus<br \/>\nPresidente do Regional Norte 1<\/p>\n<p><img decoding=\"async\" loading=\"lazy\" class=\"aligncenter wp-image-987846\" src=\"https:\/\/www.cnbb.org.br\/wp-content\/uploads\/2025\/08\/Encontro-bispos-Amazonia-Dom-Leonardo.jpg\" alt=\"\" width=\"494\" height=\"303\" srcset=\"https:\/\/www.cnbb.org.br\/wp-content\/uploads\/2025\/08\/Encontro-bispos-Amazonia-Dom-Leonardo.jpg 960w, https:\/\/www.cnbb.org.br\/wp-content\/uploads\/2025\/08\/Encontro-bispos-Amazonia-Dom-Leonardo-300x184.jpg 300w, https:\/\/www.cnbb.org.br\/wp-content\/uploads\/2025\/08\/Encontro-bispos-Amazonia-Dom-Leonardo-768x472.jpg 768w, https:\/\/www.cnbb.org.br\/wp-content\/uploads\/2025\/08\/Encontro-bispos-Amazonia-Dom-Leonardo-500x307.jpg 500w\" sizes=\"(max-width: 494px) 100vw, 494px\" \/><\/p><\/blockquote>\n<p>&nbsp;<\/p>\n<blockquote><p>Um encontro fraterno, acolhedor e muito enriquecedor por causa das experi\u00eancias que s\u00e3o vivenciadas nos diversos pa\u00edses. Al\u00e9m disso, estamos vendo quais s\u00e3o os avan\u00e7os que as nossas Igrejas Particulares est\u00e3o conquistando, e ao mesmo tempo os desafios, as dificuldades, as resist\u00eancias a essa incultura\u00e7\u00e3o, a esse novo jeito de ser Igreja e, sobretudo, a essa espiritualidade dessa Igreja em Sa\u00edda.<\/p>\n<p><a href=\"https:\/\/www.instagram.com\/reel\/DNnfRNgNTbE\/?igsh=ZWFiYnJ6a2hoYTNz\" target=\"_blank\" rel=\"noopener\">Dom Gilberto Pastana Oliveira<\/a><br \/>\nArcebispo de S\u00e3o Lu\u00eds (MA)<br \/>\nPresidente do Regional Nordeste 5<\/p><\/blockquote>\n<p>&nbsp;<\/p>\n<pre>Luiz Lopes Jr - com informa\u00e7\u00f5es da <a href=\"https:\/\/adn.celam.org\/obispos-amazonicos-concluyen-en-bogota-encuentro-historico-con-llamado-a-cuidar-pueblos-y-bioma\/\" target=\"_blank\" rel=\"noopener\">ADN Celam<\/a>, CNBB Norte 2, CNBB Nordeste 5 e arquidiocese de Manaus<\/pre>\n<pre>Fotos: CEAMA e ADN Celam<\/pre>\n<p>&nbsp;<\/p>\n","protected":false},"excerpt":{"rendered":"<p>Encontro recebeu mensagem do Papa Le\u00e3o XIV e levou a renova\u00e7\u00e3o do compromisso de anunciar o Evangelho em di\u00e1logo com as culturas origin\u00e1rias, ao tempo que enfrenta os efeitos das mudan\u00e7as clim\u00e1ticas e o desmatamento. Bispos tamb\u00e9m refletiram sobre a sinodalidade e a implementa\u00e7\u00e3o das indica\u00e7\u00f5es do S\u00ednodo para a Amaz\u00f4nia<\/p>\n","protected":false},"author":38,"featured_media":987896,"comment_status":"closed","ping_status":"closed","sticky":false,"template":"","format":"standard","meta":{"site-sidebar-layout":"default","site-content-layout":"default","ast-global-header-display":"","ast-banner-title-visibility":"","ast-main-header-display":"","ast-hfb-above-header-display":"","ast-hfb-below-header-display":"","ast-hfb-mobile-header-display":"","site-post-title":"","ast-breadcrumbs-content":"","ast-featured-img":"","footer-sml-layout":"","theme-transparent-header-meta":"default","adv-header-id-meta":"","stick-header-meta":"","header-above-stick-meta":"","header-main-stick-meta":"","header-below-stick-meta":""},"categories":[925,1294,50],"tags":[1900,3017,2213],"acf":[],"_links":{"self":[{"href":"https:\/\/www.cnbb.org.br\/cnbb-app\/wp\/v2\/posts\/987841"}],"collection":[{"href":"https:\/\/www.cnbb.org.br\/cnbb-app\/wp\/v2\/posts"}],"about":[{"href":"https:\/\/www.cnbb.org.br\/cnbb-app\/wp\/v2\/types\/post"}],"author":[{"embeddable":true,"href":"https:\/\/www.cnbb.org.br\/cnbb-app\/wp\/v2\/users\/38"}],"replies":[{"embeddable":true,"href":"https:\/\/www.cnbb.org.br\/cnbb-app\/wp\/v2\/comments?post=987841"}],"version-history":[{"count":6,"href":"https:\/\/www.cnbb.org.br\/cnbb-app\/wp\/v2\/posts\/987841\/revisions"}],"predecessor-version":[{"id":987915,"href":"https:\/\/www.cnbb.org.br\/cnbb-app\/wp\/v2\/posts\/987841\/revisions\/987915"}],"wp:featuredmedia":[{"embeddable":true,"href":"https:\/\/www.cnbb.org.br\/cnbb-app\/wp\/v2\/media\/987896"}],"wp:attachment":[{"href":"https:\/\/www.cnbb.org.br\/cnbb-app\/wp\/v2\/media?parent=987841"}],"wp:term":[{"taxonomy":"category","embeddable":true,"href":"https:\/\/www.cnbb.org.br\/cnbb-app\/wp\/v2\/categories?post=987841"},{"taxonomy":"post_tag","embeddable":true,"href":"https:\/\/www.cnbb.org.br\/cnbb-app\/wp\/v2\/tags?post=987841"}],"curies":[{"name":"wp","href":"https:\/\/api.w.org\/{rel}","templated":true}]}}