{"id":987872,"date":"2025-08-22T09:21:35","date_gmt":"2025-08-22T12:21:35","guid":{"rendered":"https:\/\/www.cnbb.org.br\/?p=987872"},"modified":"2025-08-22T09:22:45","modified_gmt":"2025-08-22T12:22:45","slug":"a-uniao-faz-a-forca","status":"publish","type":"post","link":"https:\/\/www.cnbb.org.br\/a-uniao-faz-a-forca\/","title":{"rendered":"A uni\u00e3o faz a for\u00e7a"},"content":{"rendered":"<p style=\"text-align: right;\"><strong>Dom Pedro Cipollini<\/strong><br \/>\n<strong>Bispo de Santo Andr\u00e9 (SP)<\/strong><\/p>\n<p style=\"text-align: justify;\"><span data-ccp-props=\"{}\">\u00a0<\/span><\/p>\n<p style=\"text-align: justify;\"><span data-contrast=\"auto\">H\u00e1 em nosso pais uma polariza\u00e7\u00e3o que arru\u00edna as rela\u00e7\u00f5es entre pessoas e grupos divididos em <\/span><i><span data-contrast=\"auto\">n\u00f3s e eles<\/span><\/i><span data-contrast=\"auto\">. Jesus no Evangelho dizia que: \u201cO reino dividido dentro de si mesmo acaba em ruina\u201d(Mt 12,25). Esta divis\u00e3o emergiu com for\u00e7a e vem ganhando adeptos ao inv\u00e9s de diminuir. \u00c9 uma crise social. Como toda crise, tem seu lado positivo, podemos perguntar-nos: qual o lado positivo desta situa\u00e7\u00e3o?<\/span><span data-ccp-props=\"{&quot;335551550&quot;:6,&quot;335551620&quot;:6,&quot;335559731&quot;:708}\">\u00a0<\/span><\/p>\n<p style=\"text-align: justify;\"><span data-contrast=\"auto\">O lado positivo a meu ver \u00e9 que ficou claro o que estava nos subterr\u00e2neos da sociedade brasileira. As causas s\u00e3o m\u00faltiplas e complexas, mas sem d\u00favida uma delas \u00e9 nossa heran\u00e7a autorit\u00e1ria do tempo do Brasil col\u00f4nia de Portugal. E\u00a0 principalmente os quatrocentos anos de escravid\u00e3o, que dividia o pais em andar de cima, para o qual as leis n\u00e3o existiam ou n\u00e3o funcionavam e, o andar de baixo, para o qual n\u00e3o havia direitos mas somente deveres, inclusive o dever de se submeter ao andar de cima.\u00a0<\/span><span data-ccp-props=\"{&quot;335551550&quot;:6,&quot;335551620&quot;:6}\">\u00a0<\/span><\/p>\n<p style=\"text-align: justify;\"><span data-contrast=\"auto\">Os princ\u00edpios que plasmaram a modernidade, quais sejam liberdade, igualdade e fraternidade, chagaram tarde aqui. Gra\u00e7as a Deus progrediu-se, houve avan\u00e7os no reconhecimento dos direitos quanto \u00e0 liberdade e igualdade, mas a fraternidade n\u00e3o d\u00e1 para legislar. Fica por conta da consci\u00eancia de que estamos todos no mesmo barco e,\u00a0 se n\u00e3o houver unidade e fraternidade o barco afunda. Enfim, temos democracia pol\u00edtica mas n\u00e3o social, a qual sup\u00f5e vida digna para todos e n\u00e3o s\u00f3 para uma parcela, a qual tendo o poder, barrar os avan\u00e7os do andar de baixo.<\/span><span data-ccp-props=\"{&quot;335551550&quot;:6,&quot;335551620&quot;:6}\">\u00a0<\/span><\/p>\n<p style=\"text-align: justify;\"><span data-contrast=\"auto\">Ao contr\u00e1rio de antigamente, quando havia uma mentalidade que via como normal a sociedade dividida em privilegiados e esfomeados, e at\u00e9, muitos segmentos religiosos legitimavam esta situa\u00e7\u00e3o, hoje cresceu a consci\u00eancia de que todos tem direito \u00e0 vida como disse Jesus: \u201cEu vim para que todos tenham vida e vida plenamente\u201d(Jo 10,10). E que o Estado est\u00e1 a\u00ed para promover a vida de todos e n\u00e3o para servir privil\u00e9gios de grupos ou pessoas.<\/span><span data-ccp-props=\"{&quot;335551550&quot;:6,&quot;335551620&quot;:6}\">\u00a0<\/span><\/p>\n<p style=\"text-align: justify;\"><span data-contrast=\"auto\">Esta polariza\u00e7\u00e3o tem de positivo fazer emergir a doen\u00e7a cr\u00f4nica do Brasil. Feito o diagn\u00f3stico apontam-se os rem\u00e9dios que seriam a mudan\u00e7a de mentalidade. A busca de uni\u00e3o para acabar com a fome, a viol\u00eancia e a mis\u00e9ria, o que \u00e9 poss\u00edvel quando a sociedade e as pessoas exibem o melhor de si. Neste sentido somos um pais com pessoas de\u00a0 intelig\u00eancia e criatividade, capazes de fazer a diferen\u00e7a. Exemplo disto \u00e9 o SUS, algo de que nosso pais pode se orgulhar.\u00a0<\/span><span data-ccp-props=\"{&quot;335551550&quot;:6,&quot;335551620&quot;:6}\">\u00a0<\/span><\/p>\n<p style=\"text-align: justify;\"><span data-contrast=\"auto\">Mas o que \u00e9 negativo desta polariza\u00e7\u00e3o?<\/span><span data-ccp-props=\"{&quot;335551550&quot;:6,&quot;335551620&quot;:6,&quot;335559731&quot;:708}\">\u00a0<\/span><\/p>\n<p style=\"text-align: justify;\"><span data-contrast=\"auto\">Como apontei no in\u00edcio, a partir do ensinamento de Jesus que era um apaixonado pela unidade e fraternidade entre as pessoas, pois somos todos irm\u00e3os e filhos do mesmo Pai que est\u00e1 nos c\u00e9us(cf. Mt 23,8). Se n\u00e3o superarmos esta polariza\u00e7\u00e3o, nosso pais entrar\u00e1 numa rota de destrui\u00e7\u00e3o comandada pelos mais fortes, vai vigorar a lei da selva. E quando esta\u00a0 domina, o ego\u00edsmo tanto de pessoas como de grupos se sobrep\u00f5em. Assim n\u00e3o tem mais \u201cnem lei nem rei\u201d. Vence a corrup\u00e7\u00e3o, a mentira, a impunidade e a trucul\u00eancia como \u201c<\/span><i><span data-contrast=\"auto\">modus operandi<\/span><\/i><span data-contrast=\"auto\">\u201d, \u00e1 direita ou \u00e1 esquerda.<\/span><span data-ccp-props=\"{&quot;335551550&quot;:6,&quot;335551620&quot;:6}\">\u00a0<\/span><\/p>\n<p style=\"text-align: justify;\"><span data-contrast=\"auto\">Por incr\u00edvel que pare\u00e7a, sociedades as mais avan\u00e7adas, entraram em decad\u00eancia por n\u00e3o superarem esta polariza\u00e7\u00e3o. O que est\u00e1 ruim poder\u00e1 ficar pior, se n\u00e3o houver uni\u00e3o, di\u00e1logo, converg\u00eancia na busca do bem comum. Nossas potencialidades para isso n\u00e3o faltam, por\u00e9m \u00e9 preciso uma convers\u00e3o para abra\u00e7ar a proposta de Jesus Cristo e seu mandamento de amar o pr\u00f3ximo como express\u00e3o do amor a Deus.<\/span><span data-ccp-props=\"{&quot;335551550&quot;:6,&quot;335551620&quot;:6,&quot;335559731&quot;:708}\">\u00a0<\/span><\/p>\n<p style=\"text-align: justify;\"><span data-contrast=\"auto\">\u201cConvertei-vos e crede no Evangelho\u201d(Mc 1,15) este\u00a0 \u00e9 o apelo de Jesus que pode nos livrar da ruina. \u00c9 preciso mudar enquanto ainda \u00e9 tempo!<\/span><span data-ccp-props=\"{&quot;335551550&quot;:6,&quot;335551620&quot;:6,&quot;335559731&quot;:708}\">\u00a0<\/span><\/p>\n","protected":false},"excerpt":{"rendered":"<p>Dom Pedro Cipollini Bispo de Santo Andr\u00e9 (SP) \u00a0 H\u00e1 em nosso pais uma polariza\u00e7\u00e3o que arru\u00edna as rela\u00e7\u00f5es entre pessoas e grupos divididos em n\u00f3s e eles. Jesus no Evangelho dizia que: \u201cO reino dividido dentro de si mesmo acaba em ruina\u201d(Mt 12,25). Esta divis\u00e3o emergiu com for\u00e7a e vem ganhando adeptos ao inv\u00e9s &hellip;<\/p>\n<p class=\"read-more\"> <a class=\"\" href=\"https:\/\/www.cnbb.org.br\/a-uniao-faz-a-forca\/\"> <span class=\"screen-reader-text\">A uni\u00e3o faz a for\u00e7a<\/span> Leia mais &raquo;<\/a><\/p>\n","protected":false},"author":28,"featured_media":0,"comment_status":"closed","ping_status":"closed","sticky":false,"template":"","format":"standard","meta":{"site-sidebar-layout":"default","site-content-layout":"default","ast-global-header-display":"","ast-banner-title-visibility":"","ast-main-header-display":"","ast-hfb-above-header-display":"","ast-hfb-below-header-display":"","ast-hfb-mobile-header-display":"","site-post-title":"","ast-breadcrumbs-content":"","ast-featured-img":"","footer-sml-layout":"","theme-transparent-header-meta":"default","adv-header-id-meta":"","stick-header-meta":"","header-above-stick-meta":"","header-main-stick-meta":"","header-below-stick-meta":""},"categories":[758],"tags":[],"acf":[],"_links":{"self":[{"href":"https:\/\/www.cnbb.org.br\/cnbb-app\/wp\/v2\/posts\/987872"}],"collection":[{"href":"https:\/\/www.cnbb.org.br\/cnbb-app\/wp\/v2\/posts"}],"about":[{"href":"https:\/\/www.cnbb.org.br\/cnbb-app\/wp\/v2\/types\/post"}],"author":[{"embeddable":true,"href":"https:\/\/www.cnbb.org.br\/cnbb-app\/wp\/v2\/users\/28"}],"replies":[{"embeddable":true,"href":"https:\/\/www.cnbb.org.br\/cnbb-app\/wp\/v2\/comments?post=987872"}],"version-history":[{"count":2,"href":"https:\/\/www.cnbb.org.br\/cnbb-app\/wp\/v2\/posts\/987872\/revisions"}],"predecessor-version":[{"id":987874,"href":"https:\/\/www.cnbb.org.br\/cnbb-app\/wp\/v2\/posts\/987872\/revisions\/987874"}],"wp:attachment":[{"href":"https:\/\/www.cnbb.org.br\/cnbb-app\/wp\/v2\/media?parent=987872"}],"wp:term":[{"taxonomy":"category","embeddable":true,"href":"https:\/\/www.cnbb.org.br\/cnbb-app\/wp\/v2\/categories?post=987872"},{"taxonomy":"post_tag","embeddable":true,"href":"https:\/\/www.cnbb.org.br\/cnbb-app\/wp\/v2\/tags?post=987872"}],"curies":[{"name":"wp","href":"https:\/\/api.w.org\/{rel}","templated":true}]}}