{"id":9879,"date":"2015-12-07T00:00:00","date_gmt":"2015-12-07T02:00:00","guid":{"rendered":"https:\/\/www.cnbb.org.br\/pastoral-afro-realiza-conferencia-de-politicas-publicas-para-mulheres\/"},"modified":"2015-12-07T00:00:00","modified_gmt":"2015-12-07T02:00:00","slug":"pastoral-afro-realiza-conferencia-de-politicas-publicas-para-mulheres","status":"publish","type":"post","link":"https:\/\/www.cnbb.org.br\/pastoral-afro-realiza-conferencia-de-politicas-publicas-para-mulheres\/","title":{"rendered":"Pastoral Afro realiza Confer\u00eancia de Pol\u00edticas P\u00fablicas para Mulheres"},"content":{"rendered":"<p style=\"text-align: justify\">Encontro reuniu agentes de Pastorais Sociais e de entidades da sociedade civil<\/p>\n<p><!--more--><\/p>\n<p style=\"text-align: justify\">\n<p style=\"text-align: justify\">A Pastoral Afro-Brasileira da diocese de Itabira-Coronel Fabriciano (MG) organizou, no \u00faltimo dia 25, a Confer\u00eancia Livre de Pol\u00edticas P\u00fablicas para Mulheres. O evento, que aconteceu no munic\u00edpio de Jo\u00e3o Monlevade (MG), teve apoio da C\u00e1ritas Diocesana e reuniu agentes de Pastoral e membros de movimentos sociais.<\/p>\n<p style=\"text-align: justify\">Cerca de 58 pessoas estiveram presentes no encontro, dentre elas, representantes das Pastorais da Fam\u00edlia, Afro-Brasileira e da Pessoa Idosa. V\u00e1rios movimentos sociais tamb\u00e9m enviaram representantes para discutir pol\u00edticas p\u00fablicas voltadas para as mulheres na regi\u00e3o.<\/p>\n<p style=\"text-align: justify\">A educadora Marinete Morais, especialista em Gest\u00e3o de Pol\u00edticas P\u00fablicas em G\u00eanero e Ra\u00e7a pela Universidade Federal de Vi\u00e7osa, e a volunt\u00e1ria da C\u00e1ritas Diocesana de Itabira, Maria Valdete Leite da Cruz, coordenaram a Confer\u00eancia.<\/p>\n<p style=\"text-align: justify\">Do encontro surgiram propostas como a reativa\u00e7\u00e3o do Conselho Municipal da Mulher de Jo\u00e3o Monlevade e a cria\u00e7\u00e3o do F\u00f3rum da Mulher. As participantes falaram da necessidade de ampliar a participa\u00e7\u00e3o feminina na pol\u00edtica &#8211; no legislativo municipal n\u00e3o h\u00e1 nenhuma vereadora. As propostas da Confer\u00eancia Livre ser\u00e3o enviadas para a Comiss\u00e3o Organizadora da 4\u00aa Confer\u00eancia Nacional de Pol\u00edticas para as Mulheres.<\/p>\n<p style=\"text-align: justify\">\n","protected":false},"excerpt":{"rendered":"<p>Encontro reuniu agentes de Pastorais Sociais e de entidades da sociedade civil<\/p>\n","protected":false},"author":83,"featured_media":9880,"comment_status":"open","ping_status":"open","sticky":false,"template":"","format":"standard","meta":{"site-sidebar-layout":"default","site-content-layout":"default","ast-global-header-display":"","ast-banner-title-visibility":"","ast-main-header-display":"","ast-hfb-above-header-display":"","ast-hfb-below-header-display":"","ast-hfb-mobile-header-display":"","site-post-title":"","ast-breadcrumbs-content":"","ast-featured-img":"","footer-sml-layout":"","theme-transparent-header-meta":"","adv-header-id-meta":"","stick-header-meta":"","header-above-stick-meta":"","header-main-stick-meta":"","header-below-stick-meta":""},"categories":[851,766],"tags":[],"acf":[],"_links":{"self":[{"href":"https:\/\/www.cnbb.org.br\/cnbb-app\/wp\/v2\/posts\/9879"}],"collection":[{"href":"https:\/\/www.cnbb.org.br\/cnbb-app\/wp\/v2\/posts"}],"about":[{"href":"https:\/\/www.cnbb.org.br\/cnbb-app\/wp\/v2\/types\/post"}],"author":[{"embeddable":true,"href":"https:\/\/www.cnbb.org.br\/cnbb-app\/wp\/v2\/users\/83"}],"replies":[{"embeddable":true,"href":"https:\/\/www.cnbb.org.br\/cnbb-app\/wp\/v2\/comments?post=9879"}],"version-history":[{"count":0,"href":"https:\/\/www.cnbb.org.br\/cnbb-app\/wp\/v2\/posts\/9879\/revisions"}],"wp:featuredmedia":[{"embeddable":true,"href":"https:\/\/www.cnbb.org.br\/cnbb-app\/wp\/v2\/media\/9880"}],"wp:attachment":[{"href":"https:\/\/www.cnbb.org.br\/cnbb-app\/wp\/v2\/media?parent=9879"}],"wp:term":[{"taxonomy":"category","embeddable":true,"href":"https:\/\/www.cnbb.org.br\/cnbb-app\/wp\/v2\/categories?post=9879"},{"taxonomy":"post_tag","embeddable":true,"href":"https:\/\/www.cnbb.org.br\/cnbb-app\/wp\/v2\/tags?post=9879"}],"curies":[{"name":"wp","href":"https:\/\/api.w.org\/{rel}","templated":true}]}}