{"id":988206,"date":"2025-08-29T10:36:54","date_gmt":"2025-08-29T13:36:54","guid":{"rendered":"https:\/\/www.cnbb.org.br\/?p=988206"},"modified":"2025-08-29T10:42:56","modified_gmt":"2025-08-29T13:42:56","slug":"dom-leomar-brustolin-destaca-importancia-da-vocacao-dos-catequistas-no-contexto-do-jubileu-da-esperanca","status":"publish","type":"post","link":"https:\/\/www.cnbb.org.br\/dom-leomar-brustolin-destaca-importancia-da-vocacao-dos-catequistas-no-contexto-do-jubileu-da-esperanca\/","title":{"rendered":"Dom Leomar Brustolin destaca import\u00e2ncia da voca\u00e7\u00e3o dos catequistas no contexto do Jubileu da Esperan\u00e7a"},"content":{"rendered":"<p style=\"text-align: justify;\" data-start=\"139\" data-end=\"393\">No pr\u00f3ximo domingo, 31 de agosto, a Igreja no Brasil celebra o Dia do Catequista, uma ocasi\u00e3o especial para reconhecer e valorizar a miss\u00e3o daqueles que, movidos pela f\u00e9, se dedicam ao an\u00fancio da Palavra de Deus e \u00e0 forma\u00e7\u00e3o crist\u00e3 das comunidades.<\/p>\n<figure id=\"attachment_988245\" aria-describedby=\"caption-attachment-988245\" style=\"width: 168px\" class=\"wp-caption alignleft\"><img decoding=\"async\" loading=\"lazy\" class=\"wp-image-988245 size-medium\" src=\"https:\/\/www.cnbb.org.br\/wp-content\/uploads\/2025\/08\/Captura-de-tela-2025-08-29-102443-168x300.png\" alt=\"\" width=\"168\" height=\"300\" srcset=\"https:\/\/www.cnbb.org.br\/wp-content\/uploads\/2025\/08\/Captura-de-tela-2025-08-29-102443-168x300.png 168w, https:\/\/www.cnbb.org.br\/wp-content\/uploads\/2025\/08\/Captura-de-tela-2025-08-29-102443.png 313w\" sizes=\"(max-width: 168px) 100vw, 168px\" \/><figcaption id=\"caption-attachment-988245\" class=\"wp-caption-text\">Dom Leomar Brustolin<\/figcaption><\/figure>\n<p style=\"text-align: justify;\" data-start=\"395\" data-end=\"636\">Em mensagem para a data, o arcebispo de Santa Maria (RS) e presidente da Comiss\u00e3o para a Anima\u00e7\u00e3o B\u00edblico-Catequ\u00e9tica da CNBB, dom Leomar Brustolin, destacou a import\u00e2ncia da voca\u00e7\u00e3o dos catequistas no contexto do Jubileu da Esperan\u00e7a.<\/p>\n<blockquote>\n<p style=\"text-align: justify;\" data-start=\"638\" data-end=\"1026\">\u201cCelebramos n\u00e3o apenas uma data, mas uma voca\u00e7\u00e3o que \u00e9 dom e miss\u00e3o. Voc\u00eas s\u00e3o guardi\u00f5es da esperan\u00e7a, atravessam desertos interiores com seus catequizandos, acendem luzes nas noites da alma e conduzem a arca da Palavra por caminhos dif\u00edceis\u201d, afirmou.<\/p>\n<\/blockquote>\n<p style=\"text-align: justify;\" data-start=\"1028\" data-end=\"1350\">O arcebispo ressaltou ainda que a catequese vai al\u00e9m do ensino de doutrinas. \u201cEla se faz com as m\u00e3os que acolhem, os olhos que brilham, o sil\u00eancio que escuta e o cora\u00e7\u00e3o que arde como o de Ema\u00fas. Formar na f\u00e9 \u00e9 cultivar com paci\u00eancia as sementes do Reino, conduzindo ao encontro com o Mist\u00e9rio vivo que \u00e9 Cristo\u201d, disse.<\/p>\n<p style=\"text-align: justify;\" data-start=\"1352\" data-end=\"1581\">Dom Leomar agradeceu, em nome da Comiss\u00e3o, o trabalho dos milhares de catequistas espalhados pelo pa\u00eds e invocou a intercess\u00e3o de Maria, \u201ca grande catequista do sil\u00eancio e da presen\u00e7a\u201d, para acompanhar cada jornada catequ\u00e9tica.<\/p>\n<h3 data-start=\"1554\" data-end=\"1587\">Subs\u00eddios para a celebra\u00e7\u00e3o<\/h3>\n<p style=\"text-align: justify;\" data-start=\"1589\" data-end=\"1789\">Para marcar a data, a Comiss\u00e3o Episcopal para a Anima\u00e7\u00e3o B\u00edblico-Catequ\u00e9tica da Confer\u00eancia Nacional dos Bispos do Brasil (CNBB) preparou dois subs\u00eddios que podem ser utilizados nas comunidades.<\/p>\n<p style=\"text-align: justify;\" data-start=\"1791\" data-end=\"2159\">O primeiro \u00e9 um roteiro completo para a celebra\u00e7\u00e3o, com orienta\u00e7\u00f5es sobre ambienta\u00e7\u00e3o, materiais, divis\u00e3o de tarefas e sugest\u00f5es lit\u00fargicas. Entre os s\u00edmbolos propostos est\u00e3o dez cora\u00e7\u00f5es feitos de diferentes materiais \u2013 como pedra, pano, madeira e vidro \u2013 que representam dimens\u00f5es da voca\u00e7\u00e3o e da viv\u00eancia catequ\u00e9tica, cada um acompanhado de reflex\u00e3o e ora\u00e7\u00e3o.<\/p>\n<p style=\"text-align: justify;\" data-start=\"2161\" data-end=\"2408\">O segundo material \u00e9 uma vers\u00e3o simplificada, pensada para grupos de catequistas em diversas realidades paroquiais e comunit\u00e1rias. Com linguagem acess\u00edvel, busca favorecer a participa\u00e7\u00e3o de todos sem perder a profundidade da proposta espiritual.<\/p>\n<p style=\"text-align: justify;\" data-start=\"2410\" data-end=\"2569\">As celebra\u00e7\u00f5es de 2025 t\u00eam como inspira\u00e7\u00e3o a\u00a0<a href=\"https:\/\/www.vatican.va\/content\/francesco\/pt\/encyclicals\/documents\/20241024-enciclica-dilexit-nos.html\" target=\"_blank\" rel=\"noopener\">Enc\u00edclica\u00a0<em data-start=\"2467\" data-end=\"2480\">Dilexit Nos<\/em><\/a>, do Papa Francisco, e o tema: \u201cA voca\u00e7\u00e3o do catequista nasce do Cora\u00e7\u00e3o de Jesus\u201d. Os materiais est\u00e3o dispon\u00edveis para download e podem ser adaptados conforme a realidade pastoral de cada comunidade.<\/p>\n<p style=\"text-align: justify;\" data-start=\"2571\" data-end=\"2705\">Baixe (<a href=\"https:\/\/www.cnbb.org.br\/wp-content\/uploads\/test-for-pdf\/1-Celebracao-do-dia-do-Catequista-2025-roteiro-completo-para-equipe-organizadora-da-celebracao-1.pdf\">aqui<\/a>) e (<a href=\"https:\/\/www.cnbb.org.br\/wp-content\/uploads\/test-for-pdf\/1-Celebracao-do-dia-do-Catequista-2025-roteiro-completo-para-equipe-organizadora-da-celebracao-1.pdf\">aqui<\/a>).<\/p>\n<p data-start=\"2571\" data-end=\"2705\">\n<pre data-start=\"2571\" data-end=\"2705\">Por Larissa Carvalho | Imagem de capa: Freepik<\/pre>\n","protected":false},"excerpt":{"rendered":"<p>Dom Leomar Brustolin agradeceu, em nome da Comiss\u00e3o para Anima\u00e7\u00e3o B\u00edblico-Catequ\u00e9tica da CNBB, o trabalho dos milhares de catequistas espalhados pelo pa\u00eds e invocou a intercess\u00e3o de Maria, \u201ca grande catequista do sil\u00eancio e da presen\u00e7a\u201d, para acompanhar cada jornada catequ\u00e9tica<\/p>\n","protected":false},"author":141,"featured_media":988210,"comment_status":"closed","ping_status":"closed","sticky":false,"template":"","format":"standard","meta":{"site-sidebar-layout":"default","site-content-layout":"default","ast-global-header-display":"","ast-banner-title-visibility":"","ast-main-header-display":"","ast-hfb-above-header-display":"","ast-hfb-below-header-display":"","ast-hfb-mobile-header-display":"","site-post-title":"","ast-breadcrumbs-content":"","ast-featured-img":"","footer-sml-layout":"","theme-transparent-header-meta":"default","adv-header-id-meta":"","stick-header-meta":"","header-above-stick-meta":"","header-main-stick-meta":"","header-below-stick-meta":""},"categories":[800,50],"tags":[2757],"acf":[],"_links":{"self":[{"href":"https:\/\/www.cnbb.org.br\/cnbb-app\/wp\/v2\/posts\/988206"}],"collection":[{"href":"https:\/\/www.cnbb.org.br\/cnbb-app\/wp\/v2\/posts"}],"about":[{"href":"https:\/\/www.cnbb.org.br\/cnbb-app\/wp\/v2\/types\/post"}],"author":[{"embeddable":true,"href":"https:\/\/www.cnbb.org.br\/cnbb-app\/wp\/v2\/users\/141"}],"replies":[{"embeddable":true,"href":"https:\/\/www.cnbb.org.br\/cnbb-app\/wp\/v2\/comments?post=988206"}],"version-history":[{"count":13,"href":"https:\/\/www.cnbb.org.br\/cnbb-app\/wp\/v2\/posts\/988206\/revisions"}],"predecessor-version":[{"id":988254,"href":"https:\/\/www.cnbb.org.br\/cnbb-app\/wp\/v2\/posts\/988206\/revisions\/988254"}],"wp:featuredmedia":[{"embeddable":true,"href":"https:\/\/www.cnbb.org.br\/cnbb-app\/wp\/v2\/media\/988210"}],"wp:attachment":[{"href":"https:\/\/www.cnbb.org.br\/cnbb-app\/wp\/v2\/media?parent=988206"}],"wp:term":[{"taxonomy":"category","embeddable":true,"href":"https:\/\/www.cnbb.org.br\/cnbb-app\/wp\/v2\/categories?post=988206"},{"taxonomy":"post_tag","embeddable":true,"href":"https:\/\/www.cnbb.org.br\/cnbb-app\/wp\/v2\/tags?post=988206"}],"curies":[{"name":"wp","href":"https:\/\/api.w.org\/{rel}","templated":true}]}}