{"id":988337,"date":"2025-09-02T08:48:47","date_gmt":"2025-09-02T11:48:47","guid":{"rendered":"https:\/\/www.cnbb.org.br\/?p=988337"},"modified":"2025-09-01T08:49:24","modified_gmt":"2025-09-01T11:49:24","slug":"o-baculo-e-a-cruz-simbolos-de-proximidade","status":"publish","type":"post","link":"https:\/\/www.cnbb.org.br\/o-baculo-e-a-cruz-simbolos-de-proximidade\/","title":{"rendered":"O b\u00e1culo e a cruz: s\u00edmbolos de proximidade\u00a0"},"content":{"rendered":"<p style=\"text-align: right;\"><b><span data-contrast=\"auto\">Dom Anuar Battisti<\/span><\/b><br \/>\n<b><span data-contrast=\"auto\">Arcebispo Em\u00e9rito de Maring\u00e1 (PR)<\/span><\/b><span data-ccp-props=\"{&quot;201341983&quot;:0,&quot;335551550&quot;:2,&quot;335551620&quot;:2,&quot;335559739&quot;:160,&quot;335559740&quot;:278}\">\u00a0<\/span><\/p>\n<p style=\"text-align: justify;\"><span data-ccp-props=\"{&quot;201341983&quot;:0,&quot;335551550&quot;:2,&quot;335551620&quot;:2,&quot;335559731&quot;:709,&quot;335559739&quot;:160,&quot;335559740&quot;:278}\">\u00a0<\/span><\/p>\n<p style=\"text-align: justify;\"><span data-contrast=\"auto\">Assinar este artigo em di\u00e1logo com o livro <\/span><i><span data-contrast=\"auto\">Cora\u00e7\u00e3o de Pastor<\/span><\/i><span data-contrast=\"auto\">, de Dom Jo\u00e3o Bosco \u00d3liver de Faria, \u00e9 deixar-se guiar por p\u00e1ginas que s\u00e3o, ao mesmo tempo, mem\u00f3ria e profecia. O autor n\u00e3o escreve como te\u00f3rico distante, mas como quem viveu com intensidade o minist\u00e9rio episcopal e o traduziu em testemunho espiritual. Sua obra \u00e9 um espelho no qual cada bispo pode rever-se e, ao mesmo tempo, ser interpelado.<\/span><span data-ccp-props=\"{&quot;201341983&quot;:0,&quot;335551550&quot;:6,&quot;335551620&quot;:6,&quot;335559731&quot;:709,&quot;335559739&quot;:160,&quot;335559740&quot;:278}\">\u00a0<\/span><\/p>\n<p style=\"text-align: justify;\"><span data-contrast=\"auto\">Entre as imagens mais belas e fortes que encontrei est\u00e1 a do b\u00e1culo. Dom Jo\u00e3o Bosco afirma que essa ins\u00edgnia s\u00f3 tem sentido se houver rebanho, raz\u00e3o pela qual bispos auxiliares ou que exercem fun\u00e7\u00f5es diplom\u00e1ticas n\u00e3o o utilizam. Isso devolve ao b\u00e1culo a sua dignidade original: n\u00e3o se trata de um bast\u00e3o decorativo, mas de instrumento de proximidade. O bispo n\u00e3o conduz a dist\u00e2ncia, mas caminha \u00e0 frente, com o b\u00e1culo na m\u00e3o, sustentando os fracos, corrigindo os que se perdem, amparando os cansados.<\/span><span data-ccp-props=\"{&quot;201341983&quot;:0,&quot;335551550&quot;:6,&quot;335551620&quot;:6,&quot;335559731&quot;:709,&quot;335559739&quot;:160,&quot;335559740&quot;:278}\">\u00a0<\/span><\/p>\n<p style=\"text-align: justify;\"><span data-contrast=\"auto\">Essa reflex\u00e3o remete diretamente \u00e0 imagem do saudoso papa Papa Francisco quando pedia que o pastor \u201ctenha cheiro das ovelhas\u201d. O b\u00e1culo, s\u00edmbolo exterior, s\u00f3 adquire verdade quando acompanhado da presen\u00e7a concreta, do contato com a vida do povo. Quantas vezes, em minha pr\u00f3pria caminhada, percebi que n\u00e3o era o discurso mais elaborado, mas a m\u00e3o estendida ou a visita inesperada que revelava ao povo o verdadeiro sentido do pastoreio. O livro de Dom Jo\u00e3o Bosco insiste nisso: o bispo pertence ao povo, sua vida e seu tempo n\u00e3o s\u00e3o seus, mas daqueles que lhe s\u00e3o confiados.<\/span><span data-ccp-props=\"{&quot;201341983&quot;:0,&quot;335551550&quot;:6,&quot;335551620&quot;:6,&quot;335559731&quot;:709,&quot;335559739&quot;:160,&quot;335559740&quot;:278}\">\u00a0<\/span><\/p>\n<p style=\"text-align: justify;\"><span data-contrast=\"auto\">Outra frase que me impressionou est\u00e1 ligada \u00e0 cruz do bispo: \u201cO Domingo de Ramos dura pouco na vida de um Bispo\u201d. \u00c9 uma s\u00edntese realista, fruto de uma vida inteira. O minist\u00e9rio episcopal n\u00e3o \u00e9 sustentado por aplausos, mas pela cruz. H\u00e1 momentos em que a aclama\u00e7\u00e3o d\u00e1 lugar \u00e0 solid\u00e3o, e \u00e9 justamente nesse espa\u00e7o que se revela a autenticidade do chamado. O b\u00e1culo sem cruz se reduz a poder humano; a cruz sem b\u00e1culo pode tornar-se isolamento est\u00e9ril. Mas b\u00e1culo e cruz, juntos, recordam que o pastor guia e se sacrifica, conduz e oferece a vida.<\/span><span data-ccp-props=\"{&quot;201341983&quot;:0,&quot;335551550&quot;:6,&quot;335551620&quot;:6,&quot;335559731&quot;:709,&quot;335559739&quot;:160,&quot;335559740&quot;:278}\">\u00a0<\/span><\/p>\n<p style=\"text-align: justify;\"><span data-contrast=\"auto\">Esse realismo pastoral salva o episcopado da tenta\u00e7\u00e3o de ser mera administra\u00e7\u00e3o. Quantas vezes se corre o risco de reduzir a miss\u00e3o a n\u00fameros, relat\u00f3rios ou planejamentos? O livro nos recorda que n\u00e3o somos executivos, mas pastores; n\u00e3o somos gestores de uma empresa, mas servidores de um rebanho. O b\u00e1culo \u00e9 instrumento de guia; a cruz \u00e9 o pre\u00e7o do amor.<\/span><span data-ccp-props=\"{&quot;201341983&quot;:0,&quot;335551550&quot;:6,&quot;335551620&quot;:6,&quot;335559731&quot;:709,&quot;335559739&quot;:160,&quot;335559740&quot;:278}\">\u00a0<\/span><\/p>\n<p style=\"text-align: justify;\"><span data-contrast=\"auto\">Ao longo das p\u00e1ginas, percebi que Dom Jo\u00e3o Bosco une s\u00edmbolos e vida concreta. Ele n\u00e3o trata o b\u00e1culo como objeto, mas como extens\u00e3o da miss\u00e3o. N\u00e3o fala da cruz como met\u00e1fora, mas como experi\u00eancia cotidiana. \u00c9 essa unidade que me impressiona e que me faz dizer que sua obra \u00e9, de fato, uma catequese sobre o episcopado.<\/span><span data-ccp-props=\"{&quot;201341983&quot;:0,&quot;335551550&quot;:6,&quot;335551620&quot;:6,&quot;335559731&quot;:709,&quot;335559739&quot;:160,&quot;335559740&quot;:278}\">\u00a0<\/span><\/p>\n<p style=\"text-align: justify;\"><span data-contrast=\"auto\">Concluo sublinhando que <\/span><i><span data-contrast=\"auto\">Cora\u00e7\u00e3o de Pastor<\/span><\/i><span data-contrast=\"auto\"> \u00e9 uma leitura obrigat\u00f3ria para quem deseja compreender o que significa ser bispo na Igreja sinodal e mission\u00e1ria que hoje vivemos. O b\u00e1culo e a cruz continuam a nos recordar que somos chamados a estar pr\u00f3ximos, conduzir, sustentar e oferecer a vida. \u00c9 um testemunho que nos convida a renovar cada dia a nossa entrega, com a certeza de que o verdadeiro pastor n\u00e3o vive para si, mas para o rebanho que Deus lhe confiou.<\/span><span data-ccp-props=\"{&quot;201341983&quot;:0,&quot;335551550&quot;:6,&quot;335551620&quot;:6,&quot;335559731&quot;:709,&quot;335559739&quot;:160,&quot;335559740&quot;:278}\">\u00a0<\/span><\/p>\n<p style=\"text-align: justify;\">\n","protected":false},"excerpt":{"rendered":"<p>Dom Anuar Battisti Arcebispo Em\u00e9rito de Maring\u00e1 (PR)\u00a0 \u00a0 Assinar este artigo em di\u00e1logo com o livro Cora\u00e7\u00e3o de Pastor, de Dom Jo\u00e3o Bosco \u00d3liver de Faria, \u00e9 deixar-se guiar por p\u00e1ginas que s\u00e3o, ao mesmo tempo, mem\u00f3ria e profecia. O autor n\u00e3o escreve como te\u00f3rico distante, mas como quem viveu com intensidade o minist\u00e9rio &hellip;<\/p>\n<p class=\"read-more\"> <a class=\"\" href=\"https:\/\/www.cnbb.org.br\/o-baculo-e-a-cruz-simbolos-de-proximidade\/\"> <span class=\"screen-reader-text\">O b\u00e1culo e a cruz: s\u00edmbolos de proximidade\u00a0<\/span> Leia mais &raquo;<\/a><\/p>\n","protected":false},"author":41,"featured_media":0,"comment_status":"closed","ping_status":"closed","sticky":false,"template":"","format":"standard","meta":{"site-sidebar-layout":"default","site-content-layout":"default","ast-global-header-display":"","ast-banner-title-visibility":"","ast-main-header-display":"","ast-hfb-above-header-display":"","ast-hfb-below-header-display":"","ast-hfb-mobile-header-display":"","site-post-title":"","ast-breadcrumbs-content":"","ast-featured-img":"","footer-sml-layout":"","theme-transparent-header-meta":"default","adv-header-id-meta":"","stick-header-meta":"","header-above-stick-meta":"","header-main-stick-meta":"","header-below-stick-meta":""},"categories":[758],"tags":[],"acf":[],"_links":{"self":[{"href":"https:\/\/www.cnbb.org.br\/cnbb-app\/wp\/v2\/posts\/988337"}],"collection":[{"href":"https:\/\/www.cnbb.org.br\/cnbb-app\/wp\/v2\/posts"}],"about":[{"href":"https:\/\/www.cnbb.org.br\/cnbb-app\/wp\/v2\/types\/post"}],"author":[{"embeddable":true,"href":"https:\/\/www.cnbb.org.br\/cnbb-app\/wp\/v2\/users\/41"}],"replies":[{"embeddable":true,"href":"https:\/\/www.cnbb.org.br\/cnbb-app\/wp\/v2\/comments?post=988337"}],"version-history":[{"count":2,"href":"https:\/\/www.cnbb.org.br\/cnbb-app\/wp\/v2\/posts\/988337\/revisions"}],"predecessor-version":[{"id":988339,"href":"https:\/\/www.cnbb.org.br\/cnbb-app\/wp\/v2\/posts\/988337\/revisions\/988339"}],"wp:attachment":[{"href":"https:\/\/www.cnbb.org.br\/cnbb-app\/wp\/v2\/media?parent=988337"}],"wp:term":[{"taxonomy":"category","embeddable":true,"href":"https:\/\/www.cnbb.org.br\/cnbb-app\/wp\/v2\/categories?post=988337"},{"taxonomy":"post_tag","embeddable":true,"href":"https:\/\/www.cnbb.org.br\/cnbb-app\/wp\/v2\/tags?post=988337"}],"curies":[{"name":"wp","href":"https:\/\/api.w.org\/{rel}","templated":true}]}}