{"id":988372,"date":"2025-09-01T14:16:40","date_gmt":"2025-09-01T17:16:40","guid":{"rendered":"https:\/\/www.cnbb.org.br\/?p=988372"},"modified":"2025-09-01T14:16:40","modified_gmt":"2025-09-01T17:16:40","slug":"cnbb-promove-live-especial-no-mes-da-biblia-2025-com-reflexoes-sobre-a-carta-aos-romanos","status":"publish","type":"post","link":"https:\/\/www.cnbb.org.br\/cnbb-promove-live-especial-no-mes-da-biblia-2025-com-reflexoes-sobre-a-carta-aos-romanos\/","title":{"rendered":"CNBB promove live especial no M\u00eas da B\u00edblia 2025 com reflex\u00f5es sobre a Carta aos Romanos"},"content":{"rendered":"<p style=\"text-align: justify;\" data-start=\"172\" data-end=\"497\">Setembro \u00e9 celebrado pela Igreja no Brasil como o M\u00eas da B\u00edblia, tempo em que comunidades de f\u00e9 s\u00e3o convidadas a colocar a Palavra de Deus no centro da vida, por meio da escuta, do estudo e da ora\u00e7\u00e3o. Em 2025, a inspira\u00e7\u00e3o vem da Carta de S\u00e3o Paulo aos Romanos, com o lema \u201cA esperan\u00e7a n\u00e3o decepciona\u201d (Rm 5,5).<\/p>\n<p style=\"text-align: justify;\" data-start=\"499\" data-end=\"824\">Para marcar a ocasi\u00e3o, a Comiss\u00e3o Episcopal para a Anima\u00e7\u00e3o B\u00edblico-Catequ\u00e9tica da CNBB realiza, de 2 a 4 de setembro, o Semin\u00e1rio B\u00edblico do M\u00eas da B\u00edblia 2025, em formato de live. O objetivo \u00e9 oferecer momentos de estudo e reflex\u00e3o que ajudem os fi\u00e9is a aprofundar a mensagem paulina e a viv\u00ea-la no cotidiano.<\/p>\n<p data-start=\"826\" data-end=\"924\">A programa\u00e7\u00e3o conta com tr\u00eas encontros virtuais, sempre conduzidos por especialistas convidados:<\/p>\n<h3 data-start=\"2470\" data-end=\"2642\">Primeiro dia<\/h3>\n<p style=\"text-align: justify;\" data-start=\"2646\" data-end=\"2820\">Na ter\u00e7a-feira, 2 de setembro,\u00a0 ser\u00e1 refletida a tem\u00e1tica &#8220;O minist\u00e9rio de Paulo e a comunidade dos Romanos&#8221;, com a ajuda da professora Me. Patr\u00edcia Zaganin.<\/p>\n<div class=\"ast-oembed-container\" style=\"height: 100%;\"><iframe loading=\"lazy\" title=\"Semin\u00e1rio B\u00edblico 2025 - 1\u00ba dia\" width=\"500\" height=\"281\" src=\"https:\/\/www.youtube.com\/embed\/kH67B5cQnEc?feature=oembed\" frameborder=\"0\" allow=\"accelerometer; autoplay; clipboard-write; encrypted-media; gyroscope; picture-in-picture; web-share\" referrerpolicy=\"strict-origin-when-cross-origin\" allowfullscreen><\/iframe><\/div>\n<p>&nbsp;<\/p>\n<h3>Segundo dia<\/h3>\n<p data-start=\"2824\" data-end=\"3009\">Na quarta-feira, 3 de setembro, ser\u00e1 refletido o lema deste ano, &#8220;A esperan\u00e7a n\u00e3o decepciona&#8221; (Rm 5,5), com a ajuda de dom Andherson Franklin Lustoza de Souza, bispo auxiliar de Vit\u00f3ria (ES) e membro da Comiss\u00e3o.<\/p>\n<div class=\"ast-oembed-container\" style=\"height: 100%;\"><iframe loading=\"lazy\" title=\"Semin\u00e1rio b\u00edblico 2025 - 2\u00ba dia\" width=\"500\" height=\"281\" src=\"https:\/\/www.youtube.com\/embed\/mvr8VG3cE1Y?feature=oembed\" frameborder=\"0\" allow=\"accelerometer; autoplay; clipboard-write; encrypted-media; gyroscope; picture-in-picture; web-share\" referrerpolicy=\"strict-origin-when-cross-origin\" allowfullscreen><\/iframe><\/div>\n<p>&nbsp;<\/p>\n<h3>Terceiro dia<\/h3>\n<div id=\"expanded\" class=\"style-scope ytd-text-inline-expander\" style=\"text-align: justify;\"><span class=\"yt-core-attributed-string yt-core-attributed-string--white-space-pre-wrap\" dir=\"auto\" role=\"text\"><span class=\"yt-core-attributed-string--link-inherit-color\" dir=\"auto\">No \u00faltimo dia, 4 de setembro, ser\u00e1 refletido o tema &#8220;O cotidiano da vida crist\u00e3 em Rm 12,1 &#8211; 16-27&#8221;, com a ajuda do professor Dr. Cl\u00e1udio Vianney Malzoni.<\/span><\/span><\/div>\n<div class=\"style-scope ytd-watch-metadata\"><\/div>\n<div class=\"ast-oembed-container\" style=\"height: 100%;\"><iframe loading=\"lazy\" title=\"Semin\u00e1rio B\u00edblico 2025 - 3\u00ba dia\" width=\"500\" height=\"281\" src=\"https:\/\/www.youtube.com\/embed\/YNA1bK3Ar1U?feature=oembed\" frameborder=\"0\" allow=\"accelerometer; autoplay; clipboard-write; encrypted-media; gyroscope; picture-in-picture; web-share\" referrerpolicy=\"strict-origin-when-cross-origin\" allowfullscreen><\/iframe><\/div>\n<p>&nbsp;<\/p>\n<p data-start=\"3181\" data-end=\"3320\">Acesse (<a href=\"https:\/\/www.edicoescnbb.com.br\/livros-digitais\/mes-da-biblia-2025-carta-aos-romanos-texto-base\" target=\"_blank\" rel=\"noopener\">aqui o texto-base do M\u00eas da B\u00edblia<\/a>).<\/p>\n","protected":false},"excerpt":{"rendered":"<p>Setembro \u00e9 celebrado pela Igreja no Brasil como o M\u00eas da B\u00edblia. Em 2025, a inspira\u00e7\u00e3o vem da Carta de S\u00e3o Paulo aos Romanos, com o lema \u201cA esperan\u00e7a n\u00e3o decepciona\u201d (Rm 5,5). Para marcar a ocasi\u00e3o, a Comiss\u00e3o Episcopal para a Anima\u00e7\u00e3o B\u00edblico-Catequt\u00e9tica realiza, de 2 a 4 de setembro, o Semin\u00e1rio B\u00edblico do M\u00eas da B\u00edblia 2025, em formato de live<\/p>\n","protected":false},"author":141,"featured_media":988412,"comment_status":"closed","ping_status":"closed","sticky":false,"template":"","format":"standard","meta":{"site-sidebar-layout":"default","site-content-layout":"default","ast-global-header-display":"","ast-banner-title-visibility":"","ast-main-header-display":"","ast-hfb-above-header-display":"","ast-hfb-below-header-display":"","ast-hfb-mobile-header-display":"","site-post-title":"","ast-breadcrumbs-content":"","ast-featured-img":"","footer-sml-layout":"","theme-transparent-header-meta":"default","adv-header-id-meta":"","stick-header-meta":"","header-above-stick-meta":"","header-main-stick-meta":"","header-below-stick-meta":""},"categories":[800,50],"tags":[6146,6147,1883],"acf":[],"_links":{"self":[{"href":"https:\/\/www.cnbb.org.br\/cnbb-app\/wp\/v2\/posts\/988372"}],"collection":[{"href":"https:\/\/www.cnbb.org.br\/cnbb-app\/wp\/v2\/posts"}],"about":[{"href":"https:\/\/www.cnbb.org.br\/cnbb-app\/wp\/v2\/types\/post"}],"author":[{"embeddable":true,"href":"https:\/\/www.cnbb.org.br\/cnbb-app\/wp\/v2\/users\/141"}],"replies":[{"embeddable":true,"href":"https:\/\/www.cnbb.org.br\/cnbb-app\/wp\/v2\/comments?post=988372"}],"version-history":[{"count":21,"href":"https:\/\/www.cnbb.org.br\/cnbb-app\/wp\/v2\/posts\/988372\/revisions"}],"predecessor-version":[{"id":988410,"href":"https:\/\/www.cnbb.org.br\/cnbb-app\/wp\/v2\/posts\/988372\/revisions\/988410"}],"wp:featuredmedia":[{"embeddable":true,"href":"https:\/\/www.cnbb.org.br\/cnbb-app\/wp\/v2\/media\/988412"}],"wp:attachment":[{"href":"https:\/\/www.cnbb.org.br\/cnbb-app\/wp\/v2\/media?parent=988372"}],"wp:term":[{"taxonomy":"category","embeddable":true,"href":"https:\/\/www.cnbb.org.br\/cnbb-app\/wp\/v2\/categories?post=988372"},{"taxonomy":"post_tag","embeddable":true,"href":"https:\/\/www.cnbb.org.br\/cnbb-app\/wp\/v2\/tags?post=988372"}],"curies":[{"name":"wp","href":"https:\/\/api.w.org\/{rel}","templated":true}]}}