{"id":988617,"date":"2025-09-06T13:14:41","date_gmt":"2025-09-06T16:14:41","guid":{"rendered":"https:\/\/www.cnbb.org.br\/?p=988617"},"modified":"2025-09-09T10:35:36","modified_gmt":"2025-09-09T13:35:36","slug":"presidente-da-cnbb-publica-artigo-patria-amada","status":"publish","type":"post","link":"https:\/\/www.cnbb.org.br\/presidente-da-cnbb-publica-artigo-patria-amada\/","title":{"rendered":"Presidente da CNBB publica artigo \u201cP\u00e1tria Amada!\u201d no qual recorda valores que sustentam a independ\u00eancia do Brasil"},"content":{"rendered":"<p style=\"text-align: justify;\">O arcebispo de Porto Alegre (RS), presidente da Confer\u00eancia Nacional dos Bispos do Brasil e do Conselho Episcopal Latino-Americano e Caribenho (Celam), Dom Jaime Cardeal Spengler publica, abaixo, o artigo &#8220;P\u00e1tria Amada!&#8221; no qual recorda os valores e fundamentos que sustentam a independ\u00eancia do Brasil como na\u00e7\u00e3o. Veja a \u00edntegra.<\/p>\n<blockquote>\n<h3>P\u00e1tria Amada!<\/h3>\n<p style=\"text-align: justify;\">A Semana da P\u00e1tria celebra a independ\u00eancia do Brasil da Casa Imperial de Portugal. A Proclama\u00e7\u00e3o da Independ\u00eancia significou autonomia pol\u00edtica, soberania nacional, ou seja, liberdade com rela\u00e7\u00e3o \u00e0 coroa portuguesa. O Hino da Independ\u00eancia e o Hino Nacional, cantam este fato em prosa e verso: \u201cJ\u00e1 raiou a liberdade no horizonte do Brasil&#8230; E o sol da Liberdade, em raios f\u00falgidos, brilhou no c\u00e9u da P\u00e1tria&#8230;\u201d<\/p>\n<p>Passados 203 anos daquele evento hist\u00f3rico, a Constitui\u00e7\u00e3o de 1988 consagrou a no\u00e7\u00e3o de Estado de Direito, ancorada no princ\u00edpio supremo da democracia. Ora, a democracia \u00e9 um ordenamento. O seu car\u00e1ter \u2018moral\u2019 depende da conformidade com a lei moral, \u00e0 qual deve se submeter como qualquer outro comportamento humano.<\/p>\n<p>Uma aut\u00eantica democracia n\u00e3o \u00e9 somente o resultado de um respeito formal de regras, mas \u00e9 o fruto da convicta aceita\u00e7\u00e3o dos valores que inspiram os procedimentos democr\u00e1ticos: a dignidade da pessoa humana desde sua concep\u00e7\u00e3o at\u00e9 o seu ocaso natural, o respeito dos direitos do homem, do fato de assumir o \u201cbem comum\u201d como fim e crit\u00e9rio regulador da vida pol\u00edtica.<\/p>\n<p>Quando o relativismo \u00e9tico se difunde, a democracia corre riscos! \u201cUma aut\u00eantica democracia s\u00f3 \u00e9 poss\u00edvel num Estado de direito e sobre a base de uma reta concep\u00e7\u00e3o da pessoa humana. Aquela que exige que se verifiquem as condi\u00e7\u00f5es necess\u00e1rias \u00e0 promo\u00e7\u00e3o quer dos indiv\u00edduos atrav\u00e9s da educa\u00e7\u00e3o e da forma\u00e7\u00e3o nos verdadeiros ideais, quer da \u2018subjetividade\u2019 da sociedade, mediante a cria\u00e7\u00e3o de estruturas de participa\u00e7\u00e3o e corresponsabilidade\u201d (S. Jo\u00e3o Paulo II).<\/p>\n<p>Quem, nos diversos \u00e2mbitos da Rep\u00fablica, se dedica \u00e0 atividade pol\u00edtica tem por miss\u00e3o fundamental empenhar-se na busca e na realiza\u00e7\u00e3o de tudo aquilo que possa favorecer ao bom andamento da conviv\u00eancia civil no seu conjunto; t\u00eam a fun\u00e7\u00e3o de s\u00edntese e de media\u00e7\u00e3o em vista do bem comum, que constitui uma das finalidades essenciais e irrenunci\u00e1veis da autoridade pol\u00edtica.<\/p>\n<p>Celebrar, pois a Semana da P\u00e1tria \u00e9 oportunidade para re-cordar o que a todos une, ancorados em valores \u00e9ticos-morais fundamentais.<\/p>\n<p style=\"text-align: center;\"><strong>Dom Jaime Cardeal Spengler<\/strong><br \/>\nPresidente da CNBB<\/p>\n<\/blockquote>\n<p>&nbsp;<\/p>\n<p>Foto\u00a0Mateus Campos | Unsplash<\/p>\n","protected":false},"excerpt":{"rendered":"<p>O arcebispo de Porto Alegre (RS), presidente da Confer\u00eancia Nacional dos Bispos do Brasil e do Conselho Episcopal Latino-Americano e Caribenho (Celam), Dom Jaime Cardeal Spengler publica, abaixo, o artigo &#8220;P\u00e1tria Amada!&#8221; no qual recorda os valores e fundamentos que sustentam a independ\u00eancia do Brasil como na\u00e7\u00e3o.<\/p>\n","protected":false},"author":11,"featured_media":988620,"comment_status":"closed","ping_status":"closed","sticky":false,"template":"","format":"standard","meta":{"site-sidebar-layout":"default","site-content-layout":"default","ast-global-header-display":"","ast-banner-title-visibility":"","ast-main-header-display":"","ast-hfb-above-header-display":"","ast-hfb-below-header-display":"","ast-hfb-mobile-header-display":"","site-post-title":"","ast-breadcrumbs-content":"","ast-featured-img":"","footer-sml-layout":"","theme-transparent-header-meta":"default","adv-header-id-meta":"","stick-header-meta":"","header-above-stick-meta":"","header-main-stick-meta":"","header-below-stick-meta":""},"categories":[1841],"tags":[2748,6156],"acf":[],"_links":{"self":[{"href":"https:\/\/www.cnbb.org.br\/cnbb-app\/wp\/v2\/posts\/988617"}],"collection":[{"href":"https:\/\/www.cnbb.org.br\/cnbb-app\/wp\/v2\/posts"}],"about":[{"href":"https:\/\/www.cnbb.org.br\/cnbb-app\/wp\/v2\/types\/post"}],"author":[{"embeddable":true,"href":"https:\/\/www.cnbb.org.br\/cnbb-app\/wp\/v2\/users\/11"}],"replies":[{"embeddable":true,"href":"https:\/\/www.cnbb.org.br\/cnbb-app\/wp\/v2\/comments?post=988617"}],"version-history":[{"count":11,"href":"https:\/\/www.cnbb.org.br\/cnbb-app\/wp\/v2\/posts\/988617\/revisions"}],"predecessor-version":[{"id":988667,"href":"https:\/\/www.cnbb.org.br\/cnbb-app\/wp\/v2\/posts\/988617\/revisions\/988667"}],"wp:featuredmedia":[{"embeddable":true,"href":"https:\/\/www.cnbb.org.br\/cnbb-app\/wp\/v2\/media\/988620"}],"wp:attachment":[{"href":"https:\/\/www.cnbb.org.br\/cnbb-app\/wp\/v2\/media?parent=988617"}],"wp:term":[{"taxonomy":"category","embeddable":true,"href":"https:\/\/www.cnbb.org.br\/cnbb-app\/wp\/v2\/categories?post=988617"},{"taxonomy":"post_tag","embeddable":true,"href":"https:\/\/www.cnbb.org.br\/cnbb-app\/wp\/v2\/tags?post=988617"}],"curies":[{"name":"wp","href":"https:\/\/api.w.org\/{rel}","templated":true}]}}