{"id":988712,"date":"2025-09-09T11:42:59","date_gmt":"2025-09-09T14:42:59","guid":{"rendered":"https:\/\/www.cnbb.org.br\/?p=988712"},"modified":"2025-09-09T11:44:57","modified_gmt":"2025-09-09T14:44:57","slug":"natividade-de-nossa-senhora-6","status":"publish","type":"post","link":"https:\/\/www.cnbb.org.br\/natividade-de-nossa-senhora-6\/","title":{"rendered":"Natividade de Nossa Senhora"},"content":{"rendered":"<p style=\"text-align: right;\">Cardeal Orani\u00a0 Tempesta<br \/>\nArcebispo do Rio de Janeiro (RJ)<\/p>\n<p style=\"text-align: justify;\">Celebramos nesta segunda-feira a festa lit\u00fargica da Natividade de Nossa Senhora. Do mesmo modo que celebramos a Natividade de Jesus em 25 de dezembro, tamb\u00e9m celebramos a de sua M\u00e3e no dia 8 de setembro.<\/p>\n<p>Desde o seu nascimento, Nossa Senhora foi predestinada e escolhida por Deus para, no tempo oportuno, ser a M\u00e3e de Jesus. Esse nascimento tem um profundo significado: foi um verdadeiro milagre do Senhor, pois tanto sua m\u00e3e, Sant\u2019Ana, como seu pai, S\u00e3o Joaquim, j\u00e1 eram de idade avan\u00e7ada. Por isso mesmo, ensinaram \u00e0 filha os preceitos da religi\u00e3o judaica, educando-a no amor e no temor ao Senhor, e ajudando-a a viver longe do pecado.<\/p>\n<p>Nossa Senhora foi concebida sem a mancha do pecado original; por isso \u00e9 chamada Imaculada Concei\u00e7\u00e3o, ou seja, preservada da m\u00e1cula do pecado desde o primeiro instante de sua exist\u00eancia. Dessa forma, foi escolhida por Deus para, no tempo oportuno, ser a M\u00e3e do Salvador. Entre tantas jovens de seu tempo, Maria foi a que encontrou gra\u00e7a diante do Senhor e gerou em seu seio o Filho de Deus.<\/p>\n<p>N\u00e3o temos relatos na Sagrada Escritura sobre a inf\u00e2ncia de Nossa Senhora, nem imagens de Maria ainda menina. A tradi\u00e7\u00e3o apenas conserva que, por volta dos seus quinze anos, ela recebeu o an\u00fancio do Anjo Gabriel e concebeu Jesus. A festa da Natividade de Nossa Senhora \u00e9 celebrada tr\u00eas meses antes da Imaculada Concei\u00e7\u00e3o, fortalecendo a nossa f\u00e9 na proclama\u00e7\u00e3o: \u201c\u00d3 Maria concebida sem pecado, rogai por n\u00f3s que recorremos a v\u00f3s.\u201d<\/p>\n<p>A festa da Natividade de Maria \u00e9 uma das mais antigas celebra\u00e7\u00f5es marianas do calend\u00e1rio crist\u00e3o. Sua origem pode estar ligada \u00e0 dedica\u00e7\u00e3o de uma igreja constru\u00edda em Jerusal\u00e9m, no s\u00e9culo IV, sobre o local onde, segundo a tradi\u00e7\u00e3o, teria sido a casa de Joaquim e Ana, pais da Virgem. Essa bas\u00edlica \u00e9 conhecida como Sant\u2019Ana, onde teria nascido Nossa Senhora. Em Roma, a festa passou a ser celebrada no s\u00e9culo VIII, durante o pontificado do Papa S\u00e9rgio I (+701).<\/p>\n<p>Os Evangelhos n\u00e3o relatam detalhes sobre o nascimento de Maria, nem falam diretamente de seus pais. Como vimos, eles come\u00e7am a mencion\u00e1-la a partir da Anuncia\u00e7\u00e3o do Anjo Gabriel. Contudo, Nossa Senhora est\u00e1 presente em momentos centrais da vida e do minist\u00e9rio de Jesus e, portanto, da hist\u00f3ria da salva\u00e7\u00e3o: na Encarna\u00e7\u00e3o, nas Bodas de Can\u00e1, na cruz, no nascimento da Igreja com a vinda do Esp\u00edrito Santo, entre outros.<\/p>\n<p>Sobre a inf\u00e2ncia de Maria, encontramos relatos no Protoevangelho de Tiago, um escrito ap\u00f3crifo do s\u00e9culo II. Esses evangelhos ap\u00f3crifos n\u00e3o foram aceitos canonicamente pela Igreja por conterem elementos fantasiosos e imprecisos do ponto de vista hist\u00f3rico. Contudo, eles testemunham a devo\u00e7\u00e3o antiga \u00e0 M\u00e3e de Jesus. O acontecimento central de sua vida, para a nossa f\u00e9, continua sendo a Anuncia\u00e7\u00e3o, quando Maria, com seu \u201cSim\u201d, acolheu o plano de Deus.<\/p>\n<p>Celebrar a Natividade de Nossa Senhora \u00e9 celebrar o impacto que seu nascimento trouxe para a hist\u00f3ria da salva\u00e7\u00e3o. Foi a partir desse nascimento e, depois, de sua resposta ao an\u00fancio do anjo, que Deus cumpriu plenamente o seu plano de amor. Pela morte de Cristo na cruz, selou-se de uma vez por todas a nova e eterna alian\u00e7a. Com o nascimento de Maria abre-se um novo tempo, por isso esta festa sempre foi celebrada com grande alegria e louvor por muitos Santos Padres.<\/p>\n<p>Maria \u00e9 modelo para todos n\u00f3s em suas virtudes, sobretudo na confian\u00e7a absoluta em Deus. Mesmo diante do momento mais doloroso de sua vida \u2014 a morte de seu Filho na cruz \u2014, ela n\u00e3o se desesperou, mas permaneceu firme na f\u00e9. Sem medo, disse \u201cSim\u201d ao projeto divino. Que tamb\u00e9m n\u00f3s, sem temor, saibamos dizer o nosso \u201cSim\u201d a Deus, confiando nos seus planos para a nossa vida.<\/p>\n<p>Nossa Senhora \u00e9 M\u00e3e de Deus e tamb\u00e9m disc\u00edpula. Esteve junto aos ap\u00f3stolos, especialmente ap\u00f3s a ressurrei\u00e7\u00e3o do Senhor. Foi exemplo de vida crist\u00e3: obediente, fiel, caridosa com a prima Isabel, intercessora nas Bodas de Can\u00e1. Assim tamb\u00e9m n\u00f3s podemos ser obedientes \u00e0 vontade de Deus, manter viva a f\u00e9, praticar a caridade com o pr\u00f3ximo e interceder por quem sofre.<\/p>\n<p>A devo\u00e7\u00e3o popular invoca Nossa Senhora da Natividade como padroeira das costureiras, assim como de cozinheiros, destiladores, fabricantes de alfinetes, panos e hospedarias. Hoje, ao celebrarmos sua festa, pe\u00e7amos a prote\u00e7\u00e3o da Virgem Menina por todas as crian\u00e7as, sobretudo pelas rec\u00e9m-nascidas e pelas que sofrem abandono dos pais. Que sejam amparadas pelo Senhor e que todas, a exemplo de Jesus e de Maria, cres\u00e7am em estatura, sabedoria e gra\u00e7a.<\/p>\n<p>Celebremos com alegria e f\u00e9 a mem\u00f3ria lit\u00fargica da Natividade de Nossa Senhora. Que, a exemplo de Maria, confiemos totalmente em Deus e aceitemos os seus planos para a nossa vida. Desde o nascimento, cada um de n\u00f3s tem uma miss\u00e3o: viver plenamente a vontade de Deus.<\/p>\n","protected":false},"excerpt":{"rendered":"<p>Cardeal Orani\u00a0 Tempesta Arcebispo do Rio de Janeiro (RJ) Celebramos nesta segunda-feira a festa lit\u00fargica da Natividade de Nossa Senhora. Do mesmo modo que celebramos a Natividade de Jesus em 25 de dezembro, tamb\u00e9m celebramos a de sua M\u00e3e no dia 8 de setembro. Desde o seu nascimento, Nossa Senhora foi predestinada e escolhida por &hellip;<\/p>\n<p class=\"read-more\"> <a class=\"\" href=\"https:\/\/www.cnbb.org.br\/natividade-de-nossa-senhora-6\/\"> <span class=\"screen-reader-text\">Natividade de Nossa Senhora<\/span> Leia mais &raquo;<\/a><\/p>\n","protected":false},"author":31,"featured_media":0,"comment_status":"closed","ping_status":"closed","sticky":false,"template":"","format":"standard","meta":{"site-sidebar-layout":"default","site-content-layout":"default","ast-global-header-display":"","ast-banner-title-visibility":"","ast-main-header-display":"","ast-hfb-above-header-display":"","ast-hfb-below-header-display":"","ast-hfb-mobile-header-display":"","site-post-title":"","ast-breadcrumbs-content":"","ast-featured-img":"","footer-sml-layout":"","theme-transparent-header-meta":"default","adv-header-id-meta":"","stick-header-meta":"","header-above-stick-meta":"","header-main-stick-meta":"","header-below-stick-meta":""},"categories":[758],"tags":[],"acf":[],"_links":{"self":[{"href":"https:\/\/www.cnbb.org.br\/cnbb-app\/wp\/v2\/posts\/988712"}],"collection":[{"href":"https:\/\/www.cnbb.org.br\/cnbb-app\/wp\/v2\/posts"}],"about":[{"href":"https:\/\/www.cnbb.org.br\/cnbb-app\/wp\/v2\/types\/post"}],"author":[{"embeddable":true,"href":"https:\/\/www.cnbb.org.br\/cnbb-app\/wp\/v2\/users\/31"}],"replies":[{"embeddable":true,"href":"https:\/\/www.cnbb.org.br\/cnbb-app\/wp\/v2\/comments?post=988712"}],"version-history":[{"count":2,"href":"https:\/\/www.cnbb.org.br\/cnbb-app\/wp\/v2\/posts\/988712\/revisions"}],"predecessor-version":[{"id":988715,"href":"https:\/\/www.cnbb.org.br\/cnbb-app\/wp\/v2\/posts\/988712\/revisions\/988715"}],"wp:attachment":[{"href":"https:\/\/www.cnbb.org.br\/cnbb-app\/wp\/v2\/media?parent=988712"}],"wp:term":[{"taxonomy":"category","embeddable":true,"href":"https:\/\/www.cnbb.org.br\/cnbb-app\/wp\/v2\/categories?post=988712"},{"taxonomy":"post_tag","embeddable":true,"href":"https:\/\/www.cnbb.org.br\/cnbb-app\/wp\/v2\/tags?post=988712"}],"curies":[{"name":"wp","href":"https:\/\/api.w.org\/{rel}","templated":true}]}}