{"id":988806,"date":"2025-09-11T15:02:28","date_gmt":"2025-09-11T18:02:28","guid":{"rendered":"https:\/\/www.cnbb.org.br\/?p=988806"},"modified":"2025-09-11T15:02:28","modified_gmt":"2025-09-11T18:02:28","slug":"de-todo-o-brasil-juventude-celebra-o-jubileu-dos-jovens-no-santuario-nacional-de-aparecida","status":"publish","type":"post","link":"https:\/\/www.cnbb.org.br\/de-todo-o-brasil-juventude-celebra-o-jubileu-dos-jovens-no-santuario-nacional-de-aparecida\/","title":{"rendered":"De todo o Brasil, juventude celebra o Jubileu dos Jovens no Santu\u00e1rio Nacional de Aparecida"},"content":{"rendered":"<p>Um dia de alegria e f\u00e9 com uma juventude chamada a ser peregrina de esperan\u00e7a. Assim foi o Jubileu dos Jovens, realizado em 6 de setembro no Santu\u00e1rio Nacional de Nossa Senhora Aparecida, como parte das celebra\u00e7\u00f5es do Ano Jubilar vivido pela Igreja em todo o mundo. O encontro, organizado pela Comiss\u00e3o Episcopal para a Juventude da Confer\u00eancia Nacional dos Bispos do Brasil (CNBB), reuniu mais de 1.500 jovens, contemplando representantes de todos os 19 regionais, em um clima de entusiasmo e compromisso com a miss\u00e3o da Igreja.<\/p>\n<p>Desde cedo, o Centro de Eventos Padre V\u00edtor Coelho de Almeida recebeu caravanas de todas as regi\u00f5es do Brasil. O dia contou com ora\u00e7\u00e3o, reflex\u00e3o sobre o Jubileu, leitura orante e momentos marcantes como a peregrina\u00e7\u00e3o nacional ao Santu\u00e1rio e a Santa Missa. \u00c0 tarde, a anima\u00e7\u00e3o tomou conta dos jovens com adora\u00e7\u00e3o eucar\u00edstica e o show de Diego Fernandes, encerrando a jornada em clima de celebra\u00e7\u00e3o.<\/p>\n<p>&nbsp;<\/p>\n<h3>Esperan\u00e7as e desafios da juventude<\/h3>\n<p>Na homilia da Missa, o bispo de Imperatriz (MA) e presidente da Comiss\u00e3o Episcopal para a Juventude da CNBB, dom Vilsom Basso, destacou a confian\u00e7a que a Igreja deposita nos jovens. Ele afirmou que a juventude \u00e9 a \u201cesperan\u00e7a viva de uma Igreja em caminho\u201d e o \u201cagora de Deus\u201d, recordando as palavras do Papa Francisco de que a Igreja e o mundo \u201ct\u00eam necessidade de voc\u00eas\u201d.<\/p>\n<p>O bispo tamb\u00e9m fez um chamado ao protagonismo: \u201cSe a Igreja n\u00e3o abre espa\u00e7o para a juventude, n\u00e3o ser\u00e1 uma Igreja em sa\u00edda\u201d. Entre as esperan\u00e7as e os desafios, citou a necessidade de cuidar da sa\u00fade mental, perseverar na f\u00e9 diante das adversidades e encontrar novas linguagens para comunicar o Evangelho.<\/p>\n<p>Dom Vilsom ainda recordou os exemplos de Carlo Acutis e Pier Giorgio Frassati &#8211; canonizados pelo Papa Le\u00e3o XIV no \u00faltimo domingo, no mesmo fim de semana em que se realizou o Jubileu dos Jovens. Para o bispo, ambos s\u00e3o modelos atuais de f\u00e9 e compromisso: Carlo, com sua espiritualidade centrada na Eucaristia e uso criativo das redes sociais; Frassati, com sua vida dedicada \u00e0 solidariedade com os pobres e ao compromisso social.<\/p>\n<p>&nbsp;<\/p>\n<h3>Juventude como sementes de esperan\u00e7a<\/h3>\n<p>Em sua mensagem final, dom Vilsom comparou a juventude a sementes em solo f\u00e9rtil: chamadas a dar frutos abundantes, mas que precisam de cuidado e nutri\u00e7\u00e3o para florescer em um mundo marcado por desafios.<\/p>\n<p>Para o assessor nacional da Comiss\u00e3o Episcopal para a Juventude da CNBB, padre Ant\u00f4nio Gomes, o Jubileu foi um marco para a caminhada da juventude no Brasil.<\/p>\n<blockquote><p>\u201cFoi um grande momento celebrativo, marcando o caminho de jovens peregrinos da esperan\u00e7a. Percebemos nos participantes o desejo de aprofundar a f\u00e9 em Deus e a for\u00e7a de sonhar com um mundo melhor, na perspectiva da esperan\u00e7a que n\u00e3o decepciona em Cristo. Que em nossas comunidades possamos acolher cada vez mais adolescentes e jovens para que sigam aprofundando sua f\u00e9, sua esperan\u00e7a e seu amor\u201d, afirmou.<\/p><\/blockquote>\n<pre>\r\nPor Adilson Zorzi, dos Jovens Conectados com adapta\u00e7\u00f5es<\/pre>\n","protected":false},"excerpt":{"rendered":"<p>O encontro, organizado pela Comiss\u00e3o Episcopal para a Juventude da CNBB, reuniu mais de 1.500 jovens, contemplando representantes de todos os 19 regionais, em um clima de entusiasmo e compromisso com a miss\u00e3o da Igreja. Ora\u00e7\u00e3o, miss\u00e3o e protagonismo marcam a Romaria Jubilar no cora\u00e7\u00e3o mariano do Brasil<\/p>\n","protected":false},"author":38,"featured_media":988809,"comment_status":"closed","ping_status":"closed","sticky":false,"template":"","format":"standard","meta":{"site-sidebar-layout":"default","site-content-layout":"default","ast-global-header-display":"","ast-banner-title-visibility":"","ast-main-header-display":"","ast-hfb-above-header-display":"","ast-hfb-below-header-display":"","ast-hfb-mobile-header-display":"","site-post-title":"","ast-breadcrumbs-content":"","ast-featured-img":"","footer-sml-layout":"","theme-transparent-header-meta":"default","adv-header-id-meta":"","stick-header-meta":"","header-above-stick-meta":"","header-main-stick-meta":"","header-below-stick-meta":""},"categories":[50,775],"tags":[],"acf":[],"_links":{"self":[{"href":"https:\/\/www.cnbb.org.br\/cnbb-app\/wp\/v2\/posts\/988806"}],"collection":[{"href":"https:\/\/www.cnbb.org.br\/cnbb-app\/wp\/v2\/posts"}],"about":[{"href":"https:\/\/www.cnbb.org.br\/cnbb-app\/wp\/v2\/types\/post"}],"author":[{"embeddable":true,"href":"https:\/\/www.cnbb.org.br\/cnbb-app\/wp\/v2\/users\/38"}],"replies":[{"embeddable":true,"href":"https:\/\/www.cnbb.org.br\/cnbb-app\/wp\/v2\/comments?post=988806"}],"version-history":[{"count":2,"href":"https:\/\/www.cnbb.org.br\/cnbb-app\/wp\/v2\/posts\/988806\/revisions"}],"predecessor-version":[{"id":988813,"href":"https:\/\/www.cnbb.org.br\/cnbb-app\/wp\/v2\/posts\/988806\/revisions\/988813"}],"wp:featuredmedia":[{"embeddable":true,"href":"https:\/\/www.cnbb.org.br\/cnbb-app\/wp\/v2\/media\/988809"}],"wp:attachment":[{"href":"https:\/\/www.cnbb.org.br\/cnbb-app\/wp\/v2\/media?parent=988806"}],"wp:term":[{"taxonomy":"category","embeddable":true,"href":"https:\/\/www.cnbb.org.br\/cnbb-app\/wp\/v2\/categories?post=988806"},{"taxonomy":"post_tag","embeddable":true,"href":"https:\/\/www.cnbb.org.br\/cnbb-app\/wp\/v2\/tags?post=988806"}],"curies":[{"name":"wp","href":"https:\/\/api.w.org\/{rel}","templated":true}]}}