{"id":988964,"date":"2025-09-13T12:31:29","date_gmt":"2025-09-13T15:31:29","guid":{"rendered":"https:\/\/www.cnbb.org.br\/?p=988964"},"modified":"2025-09-18T12:38:09","modified_gmt":"2025-09-18T15:38:09","slug":"exaltacao-da-santa-cruz-4","status":"publish","type":"post","link":"https:\/\/www.cnbb.org.br\/exaltacao-da-santa-cruz-4\/","title":{"rendered":"Exalta\u00e7\u00e3o da Santa Cruz"},"content":{"rendered":"<p style=\"text-align: right;\">Cardeal Orani Tempesta<br \/>\nArcebispo do Rio de Janeiro (RJ)<\/p>\n<p style=\"text-align: justify;\">Celebramos o dia da Exalta\u00e7\u00e3o da cruz. \u00c9 uma festa antiga, a de hoje. Em 335, no dia 13 de setembro, foram dedicadas duas grandes bas\u00edlicas, constru\u00eddas pelo Imperador dos romanos, Constantino Magno: uma no G\u00f3lgota e outra, no Santo Sepulcro. No dia seguinte, hoje, foram expostos ao povo, com imensa piedade, os restos da cruz do Senhor. Da\u00ed a nossa festa hodierna: a Exalta\u00e7\u00e3o da Santa Cruz.<\/p>\n<p>Na Sexta-feira Santa, durante a solene celebra\u00e7\u00e3o da Paix\u00e3o do Senhor, h\u00e1 um rito alternativo, comovente: o di\u00e1cono ou outro ministro, igreja adentro, traz uma cruz recordando o c\u00edrio pascal que adentra, ou ainda, outro rito apresenta a cruz velada&#8230; e tr\u00eas vezes, descobrindo-a pouco a pouco, proclama-se, cantando: \u201cEis o lenho da cruz, do qual pendeu a salva\u00e7\u00e3o do mundo!\u201d Frase estupenda, escandalosa, impressionante: no absurdo da cruz, na derrota da cruz, a Igreja proclama, que brotou a vida do mundo! Como pode ser? Naquela celebra\u00e7\u00e3o, o povo, de joelhos, responde ao di\u00e1cono: \u201cVinde, adoremos!\u201d \u00c9 belo, este rito; \u00e9 comovente! Mas, como \u00e9 dif\u00edcil, como \u00e9 dolorosa, na nossa vida e na vida do mundo, a realidade que ele exprime \u2013 o mist\u00e9rio da cruz, de uma humanidade crucificada, de um mundo crucificado!<\/p>\n<p>A cruz de nosso Senhor Jesus Cristo est\u00e1 no centro da nossa f\u00e9, pois, por ela, o Senhor Jesus venceu a nossa morte e ingressou na vida de ressurrei\u00e7\u00e3o. Por isso, S\u00e3o Paulo exclama: \u201cQuanto a mim, n\u00e3o aconte\u00e7a gloriar-me sen\u00e3o na cruz de nosso Senhor Jesus Cristo, por quem o mundo est\u00e1 crucificado para mim e eu para o mundo\u201d (Gl 6,14). Mas, o que \u00e9 a cruz? \u00c9 uma trag\u00e9dia, \u00e9 um sinal de derrota, \u00e9 resultado de uma injusti\u00e7a miser\u00e1vel, \u00e9 sil\u00eancio de Deus, que parece esquecer a dor do Filho e se cala diante da maldade, do pecado e da morte.<\/p>\n<p>A cruz de Jesus, em si mesma, \u00e9 um terr\u00edvel esc\u00e2ndalo&#8230; em si mesma, seria sinal de que Deus n\u00e3o existe e, se existe, n\u00e3o liga para a dor humana, para a injusti\u00e7a que massacra o inocente&#8230; Na cruz de Cristo est\u00e1 significada toda a cruz do mundo e da humanidade: a cruz do inocente que sofre, a cruz dos \u00f3rf\u00e3os, dos que morrem na guerra, a cruz dos pobres, sem nome, sem vez nem voz. Na cruz do Senhor est\u00e3o tantos povos e ra\u00e7as oprimidos, dizimados pela gan\u00e2ncia e pelo \u00f3dio. Na cruz de Cristo est\u00e1 simbolizada toda dor, todo fracasso, toda solid\u00e3o, todo peso do mundo. Na cruz do Senhor est\u00e1 tudo aquilo que nos deixa com uma pergunta presa na garganta: \u201cPor que tanta dor, tanto sofrimento, tanta injusti\u00e7a? Por que Deus se cala? Por que permite? Onde ele est\u00e1?\u201d N\u00e3o pode compreender o mist\u00e9rio da cruz quem n\u00e3o se deixa atingir e questionar por estas perguntas, por estas dores, por estes prantos! N\u00e3o pode proclamar o triunfo do Senhor quem n\u00e3o suportou o absurdo da cruz do Senhor!<\/p>\n<p>A cruz n\u00e3o \u00e9 um ornamento, uma brincadeira; a cruz \u00e9 um \u00edcone, um s\u00edmbolo, uma par\u00e1bola impressionante e dolorosa! Na cruz est\u00e1 significado tudo aquilo que tanto nos apavora! E, no entanto, Jesus diz, no evangelho de hoje, que era necess\u00e1rio passar pela cruz: \u201cDo mesmo modo que Mois\u00e9s levantou a serpente no deserto, assim \u00e9 necess\u00e1rio que o Filho do Homem seja levantado.\u201d (Jo 3,14). Palavra impressionante, confirmada ap\u00f3s a ressurrei\u00e7\u00e3o: \u201cN\u00e3o era necess\u00e1rio que o Filho sofresse tudo isso e assim entrasse na sua gl\u00f3ria?\u201d (Lc 24,26). Por que era necess\u00e1rio? Por que no caminho do Cristo e do crist\u00e3o tem que estar a cruz? Por qu\u00ea? E Para qu\u00ea?<\/p>\n<p>Para mostrar-nos at\u00e9 onde o pecado nos levou e at\u00e9 onde o amor de Deus est\u00e1 disposto a vir por n\u00f3s. Vivemos num mundo crucificado, somos uma humanidade crucificada, porque nos afastamos da vida, que \u00e9 Deus. Como o povo de Israel no caminho do deserto, que perdeu a paci\u00eancia e murmurou contra o Senhor, assim a humanidade foi e vai se fechando para o Deus da vida e foi e vai encontrando a morte. Quantas serpentes venenosas mordem nossa exist\u00eancia! Mas, Deus n\u00e3o se cansou de n\u00f3s: \u201cAmou tanto o mundo que entregou o seu Filho unig\u00eanito, para que todo aquele que nele crer, n\u00e3o morra, mas tenha a vida eterna\u201d (Jo 3,16). Era necess\u00e1rio! Era necess\u00e1rio mostrar a gravidade do nosso pecado, da nossa loucura de querer construir nossa exist\u00eancia sem Deus.<\/p>\n<p>Era necess\u00e1rio tamb\u00e9m mostrar at\u00e9 que ponto Deus nos leva a s\u00e9rio, at\u00e9 que ponto sofre conosco, at\u00e9 que ponto nos \u00e9 solid\u00e1rio: ele n\u00e3o explica o sofrimento; silenciosamente, toma-o sobre os ombros, sofre conosco at\u00e9 o mais baixo da humilha\u00e7\u00e3o, da solid\u00e3o e da dor: \u201cEle esvaziou-se de si mesmo, assumindo a condi\u00e7\u00e3o de escravo e tornando-se igual aos homens. Encontrado com aspecto de homem, humilhou-se a si mesmo, fazendo-se obediente at\u00e9 a morte, e morte de cruz\u201d (Fl 2,7). No seu Filho \u00fanico e querido, o Pai se cond\u00f3i com nossa dor, \u201ccom-sofre\u201d conosco, como Deus de \u201ccom-paix\u00e3o\u201d. Ningu\u00e9m, contemplando a cruz, pode pensar que Deus \u00e9 indiferente e frio ante o sofrimento do mundo. Ele n\u00e3o nos explica o sofrimento; toma-o sobre os ombros, silencioso e cheio de dolorido amor e piedade!<\/p>\n<p>Contemplar o mist\u00e9rio da cruz \u00e9 levar a s\u00e9rio que existe dor e mis\u00e9ria no mundo; \u00e9 deixar-se tocar por todo sofrimento humano&#8230; mas \u00e9 tamb\u00e9m compreender que Deus assumiu tudo isso em Jesus crucificado e venceu tudo isso na ressurrei\u00e7\u00e3o. Contemplar a cruz d\u00e1-nos a gra\u00e7a de nunca perder a esperan\u00e7a, mesmo diante dos maiores percal\u00e7os. Quem contempla a cruz, n\u00e3o perde a confian\u00e7a em Deus, n\u00e3o se desespera, n\u00e3o se despeda\u00e7a: \u201cDo mesmo modo que Mois\u00e9s levantou a serpente no deserto, assim \u00e9 necess\u00e1rio que o Filho do Homem seja levantado, para que todos aqueles que nele crerem (que o contemplarem), tenham a vida eterna\u201d (Jo 3,16). A cruz, portanto, joga-nos na realidade da vida e do mundo &#8211; realidade crua&#8230;. Mas, cheios de esperan\u00e7a, pois sabemos que Cristo fez dela, da cruz, um sinal de amor e ressurrei\u00e7\u00e3o.<\/p>\n<p>Por isso Paulo n\u00e3o queria gloriar-se a n\u00e3o ser na cruz de nosso Senhor Jesus Cristo; por isso neste dia louvamos o mist\u00e9rio da cruz; por isso nos dispomos a n\u00e3o s\u00f3 tra\u00e7ar o sinal da cruz sobre n\u00f3s com devo\u00e7\u00e3o, mas a viver nossa cruz unidos a Cristo, invenc\u00edveis na esperan\u00e7a da ressurrei\u00e7\u00e3o; por isso digamos como na ant\u00edfona do C\u00e2ntico evang\u00e9lico das laudes: Adoramos, Senhor, Vosso madeiro; vossa ressurrei\u00e7\u00e3o n\u00f3s celebramos. A alegria chegou ao mundo inteiro pela cruz que n\u00f3s hoje veneramos.<\/p>\n<p>&nbsp;<\/p>\n","protected":false},"excerpt":{"rendered":"<p>Cardeal Orani Tempesta Arcebispo do Rio de Janeiro (RJ) Celebramos o dia da Exalta\u00e7\u00e3o da cruz. \u00c9 uma festa antiga, a de hoje. Em 335, no dia 13 de setembro, foram dedicadas duas grandes bas\u00edlicas, constru\u00eddas pelo Imperador dos romanos, Constantino Magno: uma no G\u00f3lgota e outra, no Santo Sepulcro. No dia seguinte, hoje, foram &hellip;<\/p>\n<p class=\"read-more\"> <a class=\"\" href=\"https:\/\/www.cnbb.org.br\/exaltacao-da-santa-cruz-4\/\"> <span class=\"screen-reader-text\">Exalta\u00e7\u00e3o da Santa Cruz<\/span> Leia mais &raquo;<\/a><\/p>\n","protected":false},"author":31,"featured_media":0,"comment_status":"closed","ping_status":"closed","sticky":false,"template":"","format":"standard","meta":{"site-sidebar-layout":"default","site-content-layout":"default","ast-global-header-display":"","ast-banner-title-visibility":"","ast-main-header-display":"","ast-hfb-above-header-display":"","ast-hfb-below-header-display":"","ast-hfb-mobile-header-display":"","site-post-title":"","ast-breadcrumbs-content":"","ast-featured-img":"","footer-sml-layout":"","theme-transparent-header-meta":"default","adv-header-id-meta":"","stick-header-meta":"","header-above-stick-meta":"","header-main-stick-meta":"","header-below-stick-meta":""},"categories":[758],"tags":[],"acf":[],"_links":{"self":[{"href":"https:\/\/www.cnbb.org.br\/cnbb-app\/wp\/v2\/posts\/988964"}],"collection":[{"href":"https:\/\/www.cnbb.org.br\/cnbb-app\/wp\/v2\/posts"}],"about":[{"href":"https:\/\/www.cnbb.org.br\/cnbb-app\/wp\/v2\/types\/post"}],"author":[{"embeddable":true,"href":"https:\/\/www.cnbb.org.br\/cnbb-app\/wp\/v2\/users\/31"}],"replies":[{"embeddable":true,"href":"https:\/\/www.cnbb.org.br\/cnbb-app\/wp\/v2\/comments?post=988964"}],"version-history":[{"count":2,"href":"https:\/\/www.cnbb.org.br\/cnbb-app\/wp\/v2\/posts\/988964\/revisions"}],"predecessor-version":[{"id":988966,"href":"https:\/\/www.cnbb.org.br\/cnbb-app\/wp\/v2\/posts\/988964\/revisions\/988966"}],"wp:attachment":[{"href":"https:\/\/www.cnbb.org.br\/cnbb-app\/wp\/v2\/media?parent=988964"}],"wp:term":[{"taxonomy":"category","embeddable":true,"href":"https:\/\/www.cnbb.org.br\/cnbb-app\/wp\/v2\/categories?post=988964"},{"taxonomy":"post_tag","embeddable":true,"href":"https:\/\/www.cnbb.org.br\/cnbb-app\/wp\/v2\/tags?post=988964"}],"curies":[{"name":"wp","href":"https:\/\/api.w.org\/{rel}","templated":true}]}}